{"id":104640,"date":"2025-12-01T08:09:13","date_gmt":"2025-12-01T08:09:13","guid":{"rendered":"https:\/\/www.europesays.com\/fi\/104640\/"},"modified":"2025-12-01T08:09:13","modified_gmt":"2025-12-01T08:09:13","slug":"tikkurilan-turmassa-kuoli-15-vuotias-suru-levisi-vantaalaiskouluun","status":"publish","type":"post","link":"https:\/\/www.europesays.com\/fi\/104640\/","title":{"rendered":"Tikkurilan turmassa kuoli 15-vuotias \u2013 suru levisi vantaalaiskouluun"},"content":{"rendered":"<p>Koulu tiedotti oppilaita ja huoltajia jo sunnuntai-iltana.<\/p>\n<p>Turmapaikalle tuotiin sunnuntaina runsaasti kynttil\u00f6it\u00e4.<\/p>\n<p class=\"article-body mb-nof-24 px-nof-16\">Vantaan kaupungin perusopetuksen johtaja <a class=\"article-personlink\" href=\"https:\/\/www.is.fi\/haku\/?query=Ilkka%20Kalo\" rel=\"nofollow noopener\" target=\"_blank\">Ilkka Kalo<\/a> kertoo, ett\u00e4 tieto 15-vuotiaan pojan kuolemasta on otettu j\u00e4rkytyksell\u00e4 vastaan. Koulussa, jota poika k\u00e4vi, j\u00e4rjestet\u00e4\u00e4n maanantaina hiljainen hetki ja suruliputus.<\/p>\n<p class=\"article-body mb-nof-24 px-nof-16\">\u2013 Luonnollisesti se on j\u00e4rkytys, ett\u00e4 yht\u00e4kkisesti luokkatoveri tai koulutoveri menehtyy.<\/p>\n<p class=\"article-body mb-nof-24 px-nof-16\">Kalo ei halua paljastaa, mik\u00e4 koulu on kyseess\u00e4.<\/p>\n<p class=\"article-body mb-nof-24 px-nof-16\">\u2013 Haluaisimme mielell\u00e4mme antaa koululle rauhan surun k\u00e4sittelyyn, h\u00e4n perustelee.<\/p>\n<p class=\"article-body mb-nof-24 px-nof-16\">Kalo kertoo, ett\u00e4 koulu l\u00e4hetti jo sunnuntai-iltana viestin koulun oppilaille ja n\u00e4iden huoltajille.<\/p>\n<p class=\"article-body mb-nof-24 px-nof-16\">\u2013 Jo eilen illalla huoltajilta on tullut yhteydenottoja. Aikoja on varattu kuraattoreille, psykologille ja terveydenhoitajalle.<\/p>\n<p class=\"article-body mb-nof-24 px-nof-16\">Koulu j\u00e4rjest\u00e4\u00e4 oppilaille maanantaina kriisi- ja keskusteluapua oppilaille.<\/p>\n<p class=\"article-body mb-nof-24 px-nof-16\">\u2013 T\u00e4n\u00e4\u00e4n on hiljainen hetki ja asiaa k\u00e4sitell\u00e4\u00e4n oppitunneilla. Koululla on t\u00e4n\u00e4\u00e4n suuri joukko kriisity\u00f6ntekij\u00f6it\u00e4.<\/p>\n<p class=\"article-body mb-nof-24 px-nof-16\">Tarvittaessa kriisity\u00f6t\u00e4 jatketaan koulussa pidemp\u00e4\u00e4nkin.<\/p>\n<p class=\"article-body mb-nof-24 px-nof-16\">\u2013 Sit\u00e4 on tarjolla koko viikon tarpeen mukaan.<\/p>\n<p><img decoding=\"async\" src=\"https:\/\/www.europesays.com\/fi\/wp-content\/uploads\/2025\/12\/1764548350_92_468.jpg\" alt=\"Sunnuntai-iltana turmapaikalla n\u00e4ytti t\u00e4lt\u00e4.\" class=\"_Img_1rerz_1\" style=\"aspect-ratio:1.5\" loading=\"eager\"\/><\/p>\n<p class=\"article-picture-caption\">Sunnuntai-iltana turmapaikalla n\u00e4ytti t\u00e4lt\u00e4. Kuva:\u00a0Seppo K\u00e4rki \/ IS<\/p>\n<p><img decoding=\"async\" src=\"https:\/\/www.europesays.com\/fi\/wp-content\/uploads\/2025\/12\/1764548349_109_468.jpg\" alt=\"Ihmisi\u00e4 k\u00e4vi hiljentym\u00e4ss\u00e4 turmapaikalla.\" class=\"_Img_1rerz_1\" style=\"aspect-ratio:1.5\" loading=\"eager\"\/><\/p>\n<p class=\"article-picture-caption\">Ihmisi\u00e4 k\u00e4vi hiljentym\u00e4ss\u00e4 turmapaikalla. Kuva:\u00a0Seppo K\u00e4rki \/ IS<\/p>\n<p class=\"article-body mb-nof-24 px-nof-16\">Kaksi autoa t\u00f6rm\u00e4si toisiinsa Talvikkitien ja Hernetien risteyksess\u00e4 lauantai-iltana kello 19.20. Toinen autoista ajoi Talvikkitiet\u00e4 pitkin kohti Helsinki\u00e4, toinen oli k\u00e4\u00e4ntym\u00e4ss\u00e4 risteyksest\u00e4 oikealle.<\/p>\n<p class=\"article-body mb-nof-24 px-nof-16\">T\u00f6rm\u00e4yksen j\u00e4lkeen toinen autoista ajautui Talvikkitiell\u00e4 sijaitsevan Grill House -ravintolan terassille, jossa oli useampi ihminen.<\/p>\n<p class=\"article-body mb-nof-24 px-nof-16\">15-vuotias poika ei ehtinyt v\u00e4ist\u00e4\u00e4 autoa, vaan j\u00e4i sen alle. H\u00e4nt\u00e4 yritettiin elvytt\u00e4\u00e4, mutta h\u00e4n kuoli tapahtumapaikalle. Toinen nuori ehti v\u00e4ist\u00e4\u00e4 autoa hypp\u00e4\u00e4m\u00e4ll\u00e4 pois tielt\u00e4.<\/p>\n<p class=\"article-body mb-nof-24 px-nof-16\">Toinen autoista t\u00f6rm\u00e4si liikennetolppaan.<\/p>\n<p class=\"article-body mb-nof-24 px-nof-16\">Poliisi ep\u00e4ilee terassille ajautuneen auton kuljettajaa t\u00f6rke\u00e4st\u00e4 liikenneturvallisuuden vaarantamisesta ja t\u00f6rke\u00e4st\u00e4 kuolemantuottamuksesta. Nimikkeet voivat t\u00e4smenty\u00e4 tutkinnan edetess\u00e4. Toisen auton kuljettajaa ei ep\u00e4ill\u00e4 rikoksesta.<\/p>\n<p><img decoding=\"async\" src=\"https:\/\/www.europesays.com\/fi\/wp-content\/uploads\/2025\/12\/468.gif\" alt=\"\" class=\"_Img_1rerz_1\" style=\"aspect-ratio:0.7958921694480102\" loading=\"eager\"\/><\/p>\n","protected":false},"excerpt":{"rendered":"Koulu tiedotti oppilaita ja huoltajia jo sunnuntai-iltana. Turmapaikalle tuotiin sunnuntaina runsaasti kynttil\u00f6it\u00e4. Vantaan kaupungin perusopetuksen johtaja Ilkka Kalo&hellip;\n","protected":false},"author":2,"featured_media":104641,"comment_status":"","ping_status":"","sticky":false,"template":"","format":"standard","meta":{"footnotes":""},"categories":[12],"tags":[22,23,26,27,33,31,30,17,34,24,25,28,29,15,18,21,32,19,20,16],"class_list":{"0":"post-104640","1":"post","2":"type-post","3":"status-publish","4":"format-standard","5":"has-post-thumbnail","7":"category-suomi","8":"tag-breaking-news","9":"tag-breakingnews","10":"tag-featured-news","11":"tag-featurednews","12":"tag-fi","13":"tag-finland","14":"tag-finnish","15":"tag-headlines","16":"tag-ilta-sanomat","17":"tag-latest-news","18":"tag-latestnews","19":"tag-main-news","20":"tag-mainnews","21":"tag-news","22":"tag-otsikot","23":"tag-paauutiset","24":"tag-suomi","25":"tag-top-stories","26":"tag-topstories","27":"tag-uutiset"},"share_on_mastodon":{"url":"https:\/\/pubeurope.com\/@fi\/115643296536375422","error":""},"_links":{"self":[{"href":"https:\/\/www.europesays.com\/fi\/wp-json\/wp\/v2\/posts\/104640","targetHints":{"allow":["GET"]}}],"collection":[{"href":"https:\/\/www.europesays.com\/fi\/wp-json\/wp\/v2\/posts"}],"about":[{"href":"https:\/\/www.europesays.com\/fi\/wp-json\/wp\/v2\/types\/post"}],"author":[{"embeddable":true,"href":"https:\/\/www.europesays.com\/fi\/wp-json\/wp\/v2\/users\/2"}],"replies":[{"embeddable":true,"href":"https:\/\/www.europesays.com\/fi\/wp-json\/wp\/v2\/comments?post=104640"}],"version-history":[{"count":0,"href":"https:\/\/www.europesays.com\/fi\/wp-json\/wp\/v2\/posts\/104640\/revisions"}],"wp:featuredmedia":[{"embeddable":true,"href":"https:\/\/www.europesays.com\/fi\/wp-json\/wp\/v2\/media\/104641"}],"wp:attachment":[{"href":"https:\/\/www.europesays.com\/fi\/wp-json\/wp\/v2\/media?parent=104640"}],"wp:term":[{"taxonomy":"category","embeddable":true,"href":"https:\/\/www.europesays.com\/fi\/wp-json\/wp\/v2\/categories?post=104640"},{"taxonomy":"post_tag","embeddable":true,"href":"https:\/\/www.europesays.com\/fi\/wp-json\/wp\/v2\/tags?post=104640"}],"curies":[{"name":"wp","href":"https:\/\/api.w.org\/{rel}","templated":true}]}}