{"id":104687,"date":"2025-12-01T09:02:08","date_gmt":"2025-12-01T09:02:08","guid":{"rendered":"https:\/\/www.europesays.com\/fi\/104687\/"},"modified":"2025-12-01T09:02:08","modified_gmt":"2025-12-01T09:02:08","slug":"pysakointivirheiden-maara-tuplaantui-presidentti-stubbin-itsenaisyyspaivajuhlissa","status":"publish","type":"post","link":"https:\/\/www.europesays.com\/fi\/104687\/","title":{"rendered":"Pys\u00e4k\u00f6intivirheiden m\u00e4\u00e4r\u00e4 tuplaantui presidentti Stubbin itsen\u00e4isyysp\u00e4iv\u00e4juhlissa"},"content":{"rendered":"<p>Oliko Linnan juhlien uudistettu kutsulista t\u00e4ynn\u00e4 huolettomia vieraita? pohtii ParkkiPaten toimitusjohtaja.<\/p>\n<p class=\"article-body mb-nof-24 px-nof-16\">Pys\u00e4k\u00f6intivirheiden m\u00e4\u00e4r\u00e4 tuplaantui Presidentinlinnan l\u00e4hist\u00f6ll\u00e4 tasavallan presidentti <a class=\"article-personlink\" href=\"https:\/\/www.is.fi\/haku\/?query=Alexander%20Stubbin\" rel=\"nofollow noopener\" target=\"_blank\">Alexander Stubbin<\/a> ensi kertaa is\u00e4nn\u00f6imiss\u00e4 itsen\u00e4isyysp\u00e4iv\u00e4juhlissa verrattuna presidentti <a class=\"article-personlink\" href=\"https:\/\/www.is.fi\/haku\/?query=Sauli%20Niinist%C3%B6n\" rel=\"nofollow noopener\" target=\"_blank\">Sauli Niinist\u00f6n<\/a> viimeisiin juhliin. Asiasta tiedottaa yksityinen pys\u00e4k\u00f6inninvalvontayhti\u00f6 ParkkiPate.<\/p>\n<p class=\"article-body mb-nof-24 px-nof-16\">Kilometrin s\u00e4teell\u00e4 Presidentinlinnasta virheet kasvoivat huimat 140 prosenttia edellisvuodesta. Kahden kilometrin s\u00e4teell\u00e4 kasvu oli yli 112 prosenttia.<\/p>\n<p class=\"article-body mb-nof-24 px-nof-16\">\u2013 Oliko Linnan juhlien uudistettu kutsulista t\u00e4ynn\u00e4 huolettomia vieraita, vai oliko kenties kyytej\u00e4 v\u00e4hemm\u00e4n tarjolla? Oletamme toki, ett\u00e4 turvaj\u00e4rjestelyt ja suljetut alueet ovat olleet samanlaiset molempien [Stubbin ja Niinist\u00f6n] juhlissa. Toisissa juhlissa niiden v\u00e4lillinen vaikutus vain ilmeisesti oli enemm\u00e4n havaittavissa, ParkkiPaten toimitusjohtaja <a class=\"article-personlink\" href=\"https:\/\/www.is.fi\/haku\/?query=Christian%20Mets%C3%A4ranta\" rel=\"nofollow noopener\" target=\"_blank\">Christian Mets\u00e4ranta<\/a> pohtii tiedotteessa.<\/p>\n<p class=\"article-body mb-nof-24 px-nof-16\">Joulun aikaan pys\u00e4k\u00f6intivirheiden m\u00e4\u00e4r\u00e4 kasvoi vuosina vuosina 2023 ja 2024 noin 45 prosenttia. Kulunut vuosi alkoi ParkkiPaten mukaan niin ik\u00e4\u00e4n poikkeuksellisen vilkkaasti: pelk\u00e4st\u00e4\u00e4n uutenavuonna pys\u00e4k\u00f6intivirheiden m\u00e4\u00e4r\u00e4n kasvu oli per\u00e4ti 70 prosenttia edelliseen uuteenvuoteen verrattuna.<\/p>\n<p class=\"article-body mb-nof-24 px-nof-16\">Helsingiss\u00e4 tehd\u00e4\u00e4n ylivoimaisesti eniten pys\u00e4k\u00f6intivirheit\u00e4 pikkujoulukauden aikana. Viime vuonna Helsingin keskustassa tehtiin runsaat nelj\u00e4 prosenttia kaikista Suomen pys\u00e4k\u00f6intivirheist\u00e4.<\/p>\n<p class=\"article-body mb-nof-24 px-nof-16\">Oulun keskusta on noussut virhetilastojen k\u00e4rkeen pikkujoulukauden aikana l\u00e4hes 3,5 prosentin osuudellaan. Vantaan Tikkurila sijoittui kolmanneksi yli 2,5 prosentilla.<\/p>\n<p class=\"article-body mb-nof-24 px-nof-16\">Jyv\u00e4skyl\u00e4n keskustassa pikkujoulukauden pys\u00e4k\u00f6intivirheiden m\u00e4\u00e4r\u00e4 nousi viime vuonna yli kaksinkertaiseksi edellisvuoteen verrattuna. Kaupungin osuus nousi yli 2,3 prosenttiin, kun se vuotta aiemmin oli vain 1,25 prosenttia.<\/p>\n<p class=\"article-body mb-nof-24 px-nof-16\">\u2013 Pikkujoulukausi on muuttunut pys\u00e4k\u00f6intikaaokseksi ymp\u00e4ri Suomen. Kun Jyv\u00e4skyl\u00e4ss\u00e4 virheet tuplaantuvat ja Oulu nousee k\u00e4rkeen, voin vain todeta, ett\u00e4 suomalaiset juhlivat ja shoppailevat paljon ja pys\u00e4k\u00f6iv\u00e4t entist\u00e4 t\u00f6ker\u00f6mmin, Mets\u00e4ranta sanoo.<\/p>\n<p class=\"article-body mb-nof-24 px-nof-16\">Joulun pyhien aikana Helsinki dominoi selv\u00e4sti pys\u00e4k\u00f6intivirhetilastoja. Viime vuonna p\u00e4\u00e4kaupungissa tehtiin yli viidennes kaikista Suomen pys\u00e4k\u00f6intivirheist\u00e4.<\/p>\n<p class=\"article-body mb-nof-24 px-nof-16\">Oulu nousi joulun pyhin\u00e4 tilastoissa hopeasijalle noin 11,5 prosentin osuudella. Tiukasti sen kannoilla olivat Espoo ja Vantaa.<\/p>\n<p class=\"article-body mb-nof-24 px-nof-16\">\u2013 Pys\u00e4k\u00f6intivirhetilastojen perusteella espoolainen juhlii pikkujouluja ja uuttavuotta Helsingiss\u00e4 ja viett\u00e4\u00e4 joulun kotona. Pikkujoulukaudella Espoossa eiv\u00e4t virhetilastot nimitt\u00e4in p\u00e4\u00e4t\u00e4 huimaa, mutta joulun pyhin\u00e4 ja uutenavuonna espoolaiset nousevat virhetilastoissa muiden suurten kaupunkien rinnalle, Mets\u00e4ranta toteaa.<\/p>\n","protected":false},"excerpt":{"rendered":"Oliko Linnan juhlien uudistettu kutsulista t\u00e4ynn\u00e4 huolettomia vieraita? pohtii ParkkiPaten toimitusjohtaja. Pys\u00e4k\u00f6intivirheiden m\u00e4\u00e4r\u00e4 tuplaantui Presidentinlinnan l\u00e4hist\u00f6ll\u00e4 tasavallan presidentti&hellip;\n","protected":false},"author":2,"featured_media":104688,"comment_status":"","ping_status":"","sticky":false,"template":"","format":"standard","meta":{"footnotes":""},"categories":[12],"tags":[22,23,26,27,33,31,30,17,34,24,25,28,29,15,18,21,32,19,20,16],"class_list":{"0":"post-104687","1":"post","2":"type-post","3":"status-publish","4":"format-standard","5":"has-post-thumbnail","7":"category-suomi","8":"tag-breaking-news","9":"tag-breakingnews","10":"tag-featured-news","11":"tag-featurednews","12":"tag-fi","13":"tag-finland","14":"tag-finnish","15":"tag-headlines","16":"tag-ilta-sanomat","17":"tag-latest-news","18":"tag-latestnews","19":"tag-main-news","20":"tag-mainnews","21":"tag-news","22":"tag-otsikot","23":"tag-paauutiset","24":"tag-suomi","25":"tag-top-stories","26":"tag-topstories","27":"tag-uutiset"},"share_on_mastodon":{"url":"https:\/\/pubeurope.com\/@fi\/115643504729695695","error":""},"_links":{"self":[{"href":"https:\/\/www.europesays.com\/fi\/wp-json\/wp\/v2\/posts\/104687","targetHints":{"allow":["GET"]}}],"collection":[{"href":"https:\/\/www.europesays.com\/fi\/wp-json\/wp\/v2\/posts"}],"about":[{"href":"https:\/\/www.europesays.com\/fi\/wp-json\/wp\/v2\/types\/post"}],"author":[{"embeddable":true,"href":"https:\/\/www.europesays.com\/fi\/wp-json\/wp\/v2\/users\/2"}],"replies":[{"embeddable":true,"href":"https:\/\/www.europesays.com\/fi\/wp-json\/wp\/v2\/comments?post=104687"}],"version-history":[{"count":0,"href":"https:\/\/www.europesays.com\/fi\/wp-json\/wp\/v2\/posts\/104687\/revisions"}],"wp:featuredmedia":[{"embeddable":true,"href":"https:\/\/www.europesays.com\/fi\/wp-json\/wp\/v2\/media\/104688"}],"wp:attachment":[{"href":"https:\/\/www.europesays.com\/fi\/wp-json\/wp\/v2\/media?parent=104687"}],"wp:term":[{"taxonomy":"category","embeddable":true,"href":"https:\/\/www.europesays.com\/fi\/wp-json\/wp\/v2\/categories?post=104687"},{"taxonomy":"post_tag","embeddable":true,"href":"https:\/\/www.europesays.com\/fi\/wp-json\/wp\/v2\/tags?post=104687"}],"curies":[{"name":"wp","href":"https:\/\/api.w.org\/{rel}","templated":true}]}}