{"id":104710,"date":"2025-12-01T09:28:11","date_gmt":"2025-12-01T09:28:11","guid":{"rendered":"https:\/\/www.europesays.com\/fi\/104710\/"},"modified":"2025-12-01T09:28:11","modified_gmt":"2025-12-01T09:28:11","slug":"yle-nain-lapin-pelastuslaitos-varautuu-suuronnettomuusriskiin","status":"publish","type":"post","link":"https:\/\/www.europesays.com\/fi\/104710\/","title":{"rendered":"Yle: N\u00e4in Lapin pelastuslaitos varautuu suuronnettomuusriskiin"},"content":{"rendered":"<p>Taustalla on kylm\u00e4\u00e4v\u00e4 skenaario.<\/p>\n<p class=\"article-body mb-nof-24 px-nof-16\">Lapin pelastuslaitos on varautunut kasvavaan suuronnettomuusriskiin piilottamalla useita kylm\u00e4suojausper\u00e4k\u00e4rryj\u00e4 salaisiin paikkoihin ymp\u00e4ri Lappia, kertoo <a class=\"article-genericlink\" href=\"https:\/\/yle.fi\/a\/74-20195826\" rel=\"nofollow noopener\" target=\"_blank\">Yle<\/a>.<\/p>\n<p class=\"article-body mb-nof-24 px-nof-16\">Yhdest\u00e4 per\u00e4k\u00e4rryst\u00e4 l\u00f6ytyy apua noin 60 ihmiselle ja per\u00e4k\u00e4rryiss\u00e4 on esimerkiksi telttoja, makuupusseja ja vaatteita. T\u00e4ll\u00e4 varaudutaan Ylen mukaan etenkin mahdollisiin lento-onnettomuuksiin, joiden riski on noussut kasvavan matkailijam\u00e4\u00e4r\u00e4n my\u00f6t\u00e4. Samaan aikaan Lapin hyvinvointialue painii s\u00e4\u00e4st\u00f6jen kanssa.<\/p>\n<p class=\"article-body mb-nof-24 px-nof-16\">Mahdollinen lento-onnettomuus tapahtuisi Lapin hyvinvointialueen ensihoidon ylil\u00e4\u00e4k\u00e4rin <a class=\"article-personlink\" href=\"https:\/\/www.is.fi\/haku\/?query=Jari%20Pirneksen\" rel=\"nofollow noopener\" target=\"_blank\">Jari Pirneksen<\/a> mukaan todenn\u00e4k\u00f6isesti vaikeissa s\u00e4\u00e4olosuhteissa ja kylm\u00e4ss\u00e4 Lapin er\u00e4maassa apu voi olla kaukana.<\/p>\n<p class=\"article-body mb-nof-24 px-nof-16\">\u2013 Talviaikaan kylm\u00e4suojaus pit\u00e4\u00e4 aloittaa nopeasti. Onnettomuuden uhrille kylmyys ei ole pelk\u00e4st\u00e4\u00e4n ep\u00e4mukavuustekij\u00e4, vaan potilaan j\u00e4\u00e4htyminen vaikuttaa suoraan vammapotilaan ennusteeseen. Vainajia tulee, jos ei ole jo tullut suoraan onnettomuudessa, Pirnes kertoo Ylelle.<\/p>\n<p class=\"article-body mb-nof-24 px-nof-16\">Huolta aiheuttavat my\u00f6s liikenneonnettomuudet. Viimeksi lauantaina kaksi turisteja kuljettanutta minibussia joutui <a class=\"article-genericlink\" href=\"https:\/\/www.is.fi\/kotimaa\/art-2000011659575.html\" rel=\"nofollow noopener\" target=\"_blank\">onnettomuuteen <\/a>Lapissa Posiolla. Kyydiss\u00e4 oli 13 ulkomaalaista matkustajaa, joista kolme tarvitsi ensihoidon apua.<\/p>\n<p class=\"article-body mb-nof-24 px-nof-16\">Suomeen odotetaan ulkomailta saapuvan turismin <a class=\"article-genericlink\" href=\"https:\/\/www.is.fi\/taloussanomat\/art-2000011575478.html\" rel=\"nofollow noopener\" target=\"_blank\">enn\u00e4tystalvea<\/a>. Business Finlandin arvion mukaan ulkomaalaisten matkailijoiden m\u00e4\u00e4r\u00e4n odotetaan nousevan Suomessa 1,3 miljoonaan. Lapin ja Kuusamon osuus turisteista on liki kaksi kolmasosaa.<\/p>\n<p class=\"article-body mb-nof-24 px-nof-16\">Suomeen ennakoidaan saapuvan joulu\u2013helmikuussa yhteens\u00e4 500\u202f000 reittilentomatkustajaa. T\u00e4m\u00e4 tarkoittaisi liki kymmeneksen kasvua edellisvuoden vastaavaan aikaan verrattuna.<\/p>\n","protected":false},"excerpt":{"rendered":"Taustalla on kylm\u00e4\u00e4v\u00e4 skenaario. Lapin pelastuslaitos on varautunut kasvavaan suuronnettomuusriskiin piilottamalla useita kylm\u00e4suojausper\u00e4k\u00e4rryj\u00e4 salaisiin paikkoihin ymp\u00e4ri Lappia, kertoo&hellip;\n","protected":false},"author":2,"featured_media":104711,"comment_status":"","ping_status":"","sticky":false,"template":"","format":"standard","meta":{"footnotes":""},"categories":[12],"tags":[22,23,26,27,33,31,30,17,34,24,25,28,29,15,18,21,32,19,20,16],"class_list":{"0":"post-104710","1":"post","2":"type-post","3":"status-publish","4":"format-standard","5":"has-post-thumbnail","7":"category-suomi","8":"tag-breaking-news","9":"tag-breakingnews","10":"tag-featured-news","11":"tag-featurednews","12":"tag-fi","13":"tag-finland","14":"tag-finnish","15":"tag-headlines","16":"tag-ilta-sanomat","17":"tag-latest-news","18":"tag-latestnews","19":"tag-main-news","20":"tag-mainnews","21":"tag-news","22":"tag-otsikot","23":"tag-paauutiset","24":"tag-suomi","25":"tag-top-stories","26":"tag-topstories","27":"tag-uutiset"},"share_on_mastodon":{"url":"https:\/\/pubeurope.com\/@fi\/115643607064141114","error":""},"_links":{"self":[{"href":"https:\/\/www.europesays.com\/fi\/wp-json\/wp\/v2\/posts\/104710","targetHints":{"allow":["GET"]}}],"collection":[{"href":"https:\/\/www.europesays.com\/fi\/wp-json\/wp\/v2\/posts"}],"about":[{"href":"https:\/\/www.europesays.com\/fi\/wp-json\/wp\/v2\/types\/post"}],"author":[{"embeddable":true,"href":"https:\/\/www.europesays.com\/fi\/wp-json\/wp\/v2\/users\/2"}],"replies":[{"embeddable":true,"href":"https:\/\/www.europesays.com\/fi\/wp-json\/wp\/v2\/comments?post=104710"}],"version-history":[{"count":0,"href":"https:\/\/www.europesays.com\/fi\/wp-json\/wp\/v2\/posts\/104710\/revisions"}],"wp:featuredmedia":[{"embeddable":true,"href":"https:\/\/www.europesays.com\/fi\/wp-json\/wp\/v2\/media\/104711"}],"wp:attachment":[{"href":"https:\/\/www.europesays.com\/fi\/wp-json\/wp\/v2\/media?parent=104710"}],"wp:term":[{"taxonomy":"category","embeddable":true,"href":"https:\/\/www.europesays.com\/fi\/wp-json\/wp\/v2\/categories?post=104710"},{"taxonomy":"post_tag","embeddable":true,"href":"https:\/\/www.europesays.com\/fi\/wp-json\/wp\/v2\/tags?post=104710"}],"curies":[{"name":"wp","href":"https:\/\/api.w.org\/{rel}","templated":true}]}}