{"id":104712,"date":"2025-12-01T09:29:13","date_gmt":"2025-12-01T09:29:13","guid":{"rendered":"https:\/\/www.europesays.com\/fi\/104712\/"},"modified":"2025-12-01T09:29:13","modified_gmt":"2025-12-01T09:29:13","slug":"suomi-teki-historiaa-ampumahiihdossa-palkintorahaa-lavahti-kiva-potti","status":"publish","type":"post","link":"https:\/\/www.europesays.com\/fi\/104712\/","title":{"rendered":"Suomi teki historiaa ampumahiihdossa \u2013 palkintorahaa l\u00e4v\u00e4hti kiva potti"},"content":{"rendered":"<p>Suomen joukkue ylsi ampumahiihdon sekaviestiss\u00e4 kaikkien aikojen parhaaseen sijoitukseensa.<\/p>\n<p class=\"article-body mb-nof-24 px-nof-16\">SuomI otti historian parhaan sijoituksensa ampumahiihdon sekaviestiss\u00e4, kun se ylsi \u00d6stersundin maailmancupissa nelj\u00e4nnelle sijalle sunnuntaina.<\/p>\n<p class=\"article-body mb-nof-24 px-nof-16\">Suomen joukkueessa hiihtiv\u00e4t <a class=\"article-personlink\" href=\"https:\/\/www.is.fi\/haku\/?query=Tuomas%20Harjula\" rel=\"nofollow noopener\" target=\"_blank\">Tuomas Harjula<\/a>, <a class=\"article-personlink\" href=\"https:\/\/www.is.fi\/haku\/?query=Inka%20H%C3%A4m%C3%A4l%C3%A4inen\" rel=\"nofollow noopener\" target=\"_blank\">Inka H\u00e4m\u00e4l\u00e4inen<\/a>, <a class=\"article-personlink\" href=\"https:\/\/www.is.fi\/haku\/?query=Suvi%20Minkkinen\" rel=\"nofollow noopener\" target=\"_blank\">Suvi Minkkinen<\/a> ja <a class=\"article-personlink\" href=\"https:\/\/www.is.fi\/haku\/?query=Tero%20Sepp%C3%A4l%C3%A4\" rel=\"nofollow noopener\" target=\"_blank\">Tero Sepp\u00e4l\u00e4<\/a>. Suomi j\u00e4i kilpailun voittaneesta Ranskasta minuutin ja 46 sekuntia.<\/p>\n<p class=\"article-body mb-nof-24 px-nof-16\">Suomen joukkue kertoi kisanj\u00e4lkeisi\u00e4 tunnelmiaan Suomen ampumahiihtojoukkueen Instagram-tilin tarinoihin ladatulla <a class=\"article-genericlink\" href=\"https:\/\/www.instagram.com\/stories\/finnishbiathlonteam\/3777418624991261119\/\" rel=\"nofollow noopener\" target=\"_blank\">videolla<\/a>.<\/p>\n<p class=\"article-body mb-nof-24 px-nof-16\">\u2013\u2009Annetaan (arvosanaksi) 8- v\u00e4h\u00e4n huonojen ammuntojen takia, toisena ladulle l\u00e4htenyt Sepp\u00e4l\u00e4 sanoi.<\/p>\n<p class=\"article-body mb-nof-24 px-nof-16\">\u2013\u2009Oli vauhdikas ankkuriosuus alusta loppuun. Oli mukava ottaa loppukirivoitto, viime kauden MM-pronssimitalisti Minkkinen sanoi.<\/p>\n<p class=\"article-body mb-nof-24 px-nof-16\">\u2013\u2009Varmasti t\u00e4m\u00e4 nelj\u00e4s sija on meille kaikille positiivinen suoritus.<\/p>\n<p class=\"article-body mb-nof-24 px-nof-16\">Hyv\u00e4 sijoitus n\u00e4kyy mukavasti my\u00f6s lompakossa.<\/p>\n<p class=\"article-body mb-nof-24 px-nof-16\">Verkkolehti Etusuora <a class=\"article-genericlink\" href=\"https:\/\/etusuora.com\/uutiset\/ampumahiihdon-maailmancupin-palkintosummat-kasvavat\" rel=\"nofollow noopener\" target=\"_blank\">kertoo<\/a>, ett\u00e4 palkintorahat ampumahiihdon maailmancupissa ovat nousseet kaudelle 2025\u201326 10-20 prosentilla.<\/p>\n<p class=\"article-body mb-nof-24 px-nof-16\">Nelj\u00e4s sija sekaviestiss\u00e4 oikeuttaa 13\u202f000 euron palkintopottiin, joten jokaiselle hiiht\u00e4j\u00e4lle kilahti kassaan 3\u202f250 euroa. Viime kaudella nelj\u00e4nneksi sijoittunut joukkue ansaitsi 12\u202f000 euroa.<\/p>\n<p class=\"article-body mb-nof-24 px-nof-16\">Viime vuonna Suomi ylsi maailmancupin sekaviestiss\u00e4 seitsem\u00e4nnelle sijalle. Tuolloin kassaan kilahti yhteens\u00e4 7\u202f000 euroa, joka tarkoitti 1\u202f750 euroa hiiht\u00e4j\u00e4\u00e4 kohden.<\/p>\n<p class=\"article-body mb-nof-24 px-nof-16\">Tuolloin Suomen joukkueessa hiihtiv\u00e4t Sepp\u00e4l\u00e4, H\u00e4m\u00e4l\u00e4inen, <a class=\"article-personlink\" href=\"https:\/\/www.is.fi\/haku\/?query=Olli%20Hiidensalo\" rel=\"nofollow noopener\" target=\"_blank\">Olli Hiidensalo<\/a> ja <a class=\"article-personlink\" href=\"https:\/\/www.is.fi\/haku\/?query=Venla%20Lehtonen\" rel=\"nofollow noopener\" target=\"_blank\">Venla Lehtonen<\/a>.<\/p>\n<p class=\"article-body mb-nof-24 px-nof-16\">Ampumahiihdon maailmancup jatkuu \u00d6stersundissa tiistaina 2. joulukuuta naisten 15 kilometrin normaalikilpailulla.<\/p>\n<p><script async src=\"\/\/www.instagram.com\/embed.js\"><\/script><\/p>\n","protected":false},"excerpt":{"rendered":"Suomen joukkue ylsi ampumahiihdon sekaviestiss\u00e4 kaikkien aikojen parhaaseen sijoitukseensa. SuomI otti historian parhaan sijoituksensa ampumahiihdon sekaviestiss\u00e4, kun se&hellip;\n","protected":false},"author":2,"featured_media":104713,"comment_status":"","ping_status":"","sticky":false,"template":"","format":"standard","meta":{"footnotes":""},"categories":[5],"tags":[22,23,26,27,33,31,30,17,34,24,25,28,29,15,18,21,32,19,20,16],"class_list":{"0":"post-104712","1":"post","2":"type-post","3":"status-publish","4":"format-standard","5":"has-post-thumbnail","7":"category-otsikot","8":"tag-breaking-news","9":"tag-breakingnews","10":"tag-featured-news","11":"tag-featurednews","12":"tag-fi","13":"tag-finland","14":"tag-finnish","15":"tag-headlines","16":"tag-ilta-sanomat","17":"tag-latest-news","18":"tag-latestnews","19":"tag-main-news","20":"tag-mainnews","21":"tag-news","22":"tag-otsikot","23":"tag-paauutiset","24":"tag-suomi","25":"tag-top-stories","26":"tag-topstories","27":"tag-uutiset"},"share_on_mastodon":{"url":"https:\/\/pubeurope.com\/@fi\/115643610771955231","error":""},"_links":{"self":[{"href":"https:\/\/www.europesays.com\/fi\/wp-json\/wp\/v2\/posts\/104712","targetHints":{"allow":["GET"]}}],"collection":[{"href":"https:\/\/www.europesays.com\/fi\/wp-json\/wp\/v2\/posts"}],"about":[{"href":"https:\/\/www.europesays.com\/fi\/wp-json\/wp\/v2\/types\/post"}],"author":[{"embeddable":true,"href":"https:\/\/www.europesays.com\/fi\/wp-json\/wp\/v2\/users\/2"}],"replies":[{"embeddable":true,"href":"https:\/\/www.europesays.com\/fi\/wp-json\/wp\/v2\/comments?post=104712"}],"version-history":[{"count":0,"href":"https:\/\/www.europesays.com\/fi\/wp-json\/wp\/v2\/posts\/104712\/revisions"}],"wp:featuredmedia":[{"embeddable":true,"href":"https:\/\/www.europesays.com\/fi\/wp-json\/wp\/v2\/media\/104713"}],"wp:attachment":[{"href":"https:\/\/www.europesays.com\/fi\/wp-json\/wp\/v2\/media?parent=104712"}],"wp:term":[{"taxonomy":"category","embeddable":true,"href":"https:\/\/www.europesays.com\/fi\/wp-json\/wp\/v2\/categories?post=104712"},{"taxonomy":"post_tag","embeddable":true,"href":"https:\/\/www.europesays.com\/fi\/wp-json\/wp\/v2\/tags?post=104712"}],"curies":[{"name":"wp","href":"https:\/\/api.w.org\/{rel}","templated":true}]}}