{"id":104714,"date":"2025-12-01T09:42:09","date_gmt":"2025-12-01T09:42:09","guid":{"rendered":"https:\/\/www.europesays.com\/fi\/104714\/"},"modified":"2025-12-01T09:42:09","modified_gmt":"2025-12-01T09:42:09","slug":"evelina-paljastaa-rohkeat-kuvat-ja-vastaa-ihmettelijoille-honey-tour-huipentuu-turussa","status":"publish","type":"post","link":"https:\/\/www.europesays.com\/fi\/104714\/","title":{"rendered":"Evelina paljastaa rohkeat kuvat ja vastaa ihmettelij\u00f6ille \u2013 Honey Tour huipentuu Turussa"},"content":{"rendered":"<p>            Timo Korhonen\n        <\/p>\n<p class=\"subtitle \">Evelina laukoi suoran vastauksen ihmettelij\u00e4lle.<\/p>\n<p class=\"article-content article-content-width !bg-background\">Laulaja Evelinan (), 30,\u00a0Honey Tour -niminen kiertue l\u00e4henee loppuaan, ja viimeist\u00e4 keikkaa vied\u00e4\u00e4n.<\/p>\n<p class=\"font-weight-bold m-font-weight-bold article-content article-content-width !bg-background\">Katso my\u00f6s! Evelina riisui kameran edess\u00e4:<\/p>\n<p class=\"article-content article-content-width !bg-background\">Eveliina julkaisi <a href=\"https:\/\/www.instagram.com\/evelinavirallinen\/\" target=\"_blank\" rel=\"nofollow noopener\">Instagram-tilill\u00e4\u00e4n<\/a> torstaina (27.11.) otoksen, jossa h\u00e4n poseeraa n\u00e4ytt\u00e4v\u00e4ss\u00e4 asussa ja promoaa kiertueensa viimeist\u00e4 keikkaa. Julkaisu sai kommenttikent\u00e4n hullaantumaan, mutta osan my\u00f6s h\u00e4mmentym\u00e4\u00e4n.<\/p>\n<p>Kommentoijat ihastuivat!<\/p>\n<p class=\"article-content article-content-width !bg-background\">Evelinan julkaisemassa kuvakatraassa nainen h\u00e4nell\u00e4 on yll\u00e4\u00e4n pieni musta toppi ja mustat minishortsit. Shortsien alla on oranssit verkkosukkahousut.\u00a0<\/p>\n<p class=\"article-content article-content-width !bg-background\">Otokset saivat kommentoijat sulamaan.<\/p>\n<p class=\"article-content article-content-width !bg-background\"> \u2013\u00a0 Oih jestas sent\u00e4\u00e4n upea Eve, er\u00e4s kommentoija hehkuttaa.<\/p>\n<p class=\"article-content article-content-width !bg-background\"> \u2013\u00a0 N\u00e4tti pylly eve, kirjoittaa toinen.<\/p>\n<p>        <a itemprop=\"url\" href=\"https:\/\/www.seiska.fi\/kotimaa\/jestas-sentaan-evelinan-hatkahdyttava-tempaus-riisui-lehdiston-edessa\/1636867\" rel=\"nofollow noopener\" target=\"_blank\"><\/p>\n<p>\nH\u00e4tk\u00e4hdytt\u00e4v\u00e4 tempaus\n<\/p>\n<p class=\"section-date\">\n        <strong class=\"article-section\" data-section=\"kotimaa\"><br \/>\n            kotimaa<br \/>\n        <\/strong><br \/>\n        8.3. 21:41\n    <\/p>\n<p>Jestas sent\u00e4\u00e4n! Evelinan h\u00e4tk\u00e4hdytt\u00e4v\u00e4 tempaus \u2013 riisui lehdist\u00f6n edess\u00e4\n    <\/p>\n<p itemprop=\"description\" class=\"subtitle \">\n    Alta paljastui upea selk\u00e4tatuointi.\n<\/p>\n<p>        <\/a><\/p>\n<p>&#8221;Miksi?&#8221;<\/p>\n<p class=\"article-content article-content-width !bg-background\">Suuresta ihailusta huolimatta julkaisu aiheutti my\u00f6s h\u00e4mmennyst\u00e4.<\/p>\n<p class=\"article-content article-content-width !bg-background\"> \u2013 Miksi?\u00a0er\u00e4s kommentoija kysyy h\u00e4mmentyneiden emojien kera.<\/p>\n<p>                <img decoding=\"async\" src=\"https:\/\/www.europesays.com\/fi\/wp-content\/uploads\/2025\/12\/2007004.webp\" width=\"576\" height=\"720\" alt=\"Evelina tunnetaan parhaiten kappaleistaan Honey, Tornado sek\u00e4 vuoden 2019 kes\u00e4hitist\u00e4 Kylmii v\u00e4reit\u00e4.\" loading=\"lazy\" \/>            <\/p>\n<p>\n            Evelina tunnetaan parhaiten kappaleistaan Honey, Tornado sek\u00e4 vuoden 2019 kes\u00e4hitist\u00e4 Kylmii v\u00e4reit\u00e4.<br \/>\n            Timo Korhonen\n        <\/p>\n<p class=\"article-content article-content-width !bg-background\">Evelina antoi ihmettelij\u00e4lle komentoijalle kattavan vastauksen.<\/p>\n<p class=\"article-content article-content-width !bg-background\"> \u2013 Miksi kuvat? Koska miks ei, el\u00e4m\u00e4 on lyhyt ja se tapahtuu nyt ja se ei oo ihan niin vakavaa aina ja m\u00e4 oon b\u00e4m\u00e4, Evelina tokaisee.<\/p>\n<p class=\"article-content article-content-width !bg-background\">Evelinan Honey Tour -kiertueen viimeinen keikka n\u00e4hd\u00e4\u00e4n perjantaina 5. joulukuuta Turun Apollossa.<\/p>\n<p>        <a itemprop=\"url\" href=\"https:\/\/www.seiska.fi\/terveys\/laulaja-evelinalta-ikava-uutinen\/1542515\" rel=\"nofollow noopener\" target=\"_blank\"><\/p>\n<p class=\"section-date\">\n        <strong class=\"article-section\" data-section=\"terveys\"><br \/>\n            terveys<br \/>\n        <\/strong><br \/>\n        5.12.2024 08:26\n    <\/p>\n<p>Laulaja Evelinalta ik\u00e4v\u00e4 uutinen\n    <\/p>\n<p itemprop=\"description\" class=\"subtitle \">\n    Laulaja kertoo somessa ik\u00e4v\u00e4n tiedon faneille.\n<\/p>\n<p>        <\/a><\/p>\n<p><script async src=\"\/\/www.instagram.com\/embed.js\"><\/script><\/p>\n","protected":false},"excerpt":{"rendered":"Timo Korhonen Evelina laukoi suoran vastauksen ihmettelij\u00e4lle. Laulaja Evelinan (), 30,\u00a0Honey Tour -niminen kiertue l\u00e4henee loppuaan, ja viimeist\u00e4&hellip;\n","protected":false},"author":2,"featured_media":104715,"comment_status":"","ping_status":"","sticky":false,"template":"","format":"standard","meta":{"footnotes":""},"categories":[136],"tags":[407,137,5324,33,31,30,19802,408,4810,212,32,662,109],"class_list":{"0":"post-104714","1":"post","2":"type-post","3":"status-publish","4":"format-standard","5":"has-post-thumbnail","7":"category-julkkikset","8":"tag-celebrities","9":"tag-entertainment","10":"tag-evelina","11":"tag-fi","12":"tag-finland","13":"tag-finnish","14":"tag-honey-tour","15":"tag-julkkikset","16":"tag-keikka","17":"tag-lifestyle","18":"tag-suomi","19":"tag-turku","20":"tag-viihde"},"share_on_mastodon":{"url":"https:\/\/pubeurope.com\/@fi\/115643662060312541","error":""},"_links":{"self":[{"href":"https:\/\/www.europesays.com\/fi\/wp-json\/wp\/v2\/posts\/104714","targetHints":{"allow":["GET"]}}],"collection":[{"href":"https:\/\/www.europesays.com\/fi\/wp-json\/wp\/v2\/posts"}],"about":[{"href":"https:\/\/www.europesays.com\/fi\/wp-json\/wp\/v2\/types\/post"}],"author":[{"embeddable":true,"href":"https:\/\/www.europesays.com\/fi\/wp-json\/wp\/v2\/users\/2"}],"replies":[{"embeddable":true,"href":"https:\/\/www.europesays.com\/fi\/wp-json\/wp\/v2\/comments?post=104714"}],"version-history":[{"count":0,"href":"https:\/\/www.europesays.com\/fi\/wp-json\/wp\/v2\/posts\/104714\/revisions"}],"wp:featuredmedia":[{"embeddable":true,"href":"https:\/\/www.europesays.com\/fi\/wp-json\/wp\/v2\/media\/104715"}],"wp:attachment":[{"href":"https:\/\/www.europesays.com\/fi\/wp-json\/wp\/v2\/media?parent=104714"}],"wp:term":[{"taxonomy":"category","embeddable":true,"href":"https:\/\/www.europesays.com\/fi\/wp-json\/wp\/v2\/categories?post=104714"},{"taxonomy":"post_tag","embeddable":true,"href":"https:\/\/www.europesays.com\/fi\/wp-json\/wp\/v2\/tags?post=104714"}],"curies":[{"name":"wp","href":"https:\/\/api.w.org\/{rel}","templated":true}]}}