{"id":104717,"date":"2025-12-01T09:46:13","date_gmt":"2025-12-01T09:46:13","guid":{"rendered":"https:\/\/www.europesays.com\/fi\/104717\/"},"modified":"2025-12-01T09:46:13","modified_gmt":"2025-12-01T09:46:13","slug":"machine-head-kiertaa-australiaa-poikkeuksellisella-kokoonpanolla-videoita-avauskeikalta-julki","status":"publish","type":"post","link":"https:\/\/www.europesays.com\/fi\/104717\/","title":{"rendered":"Machine Head kiert\u00e4\u00e4 Australiaa poikkeuksellisella kokoonpanolla &#8211; videoita avauskeikalta julki"},"content":{"rendered":"<p><strong>Machine Head<\/strong> aloitti viime lauantaina Australian-kiertueensa Perthin Astor Theatresta. Keikka oli sik\u00e4li poikkeuksellinen, ett\u00e4 yhtye nousi lavalle triona ilman toista kitaristia, joka joutui viime hetkell\u00e4 vet\u00e4ytym\u00e4\u00e4n rundilta \u201dperhesyist\u00e4\u201d.<\/p>\n<p>\u201dKuten <a href=\"https:\/\/www.inferno.fi\/uutiset\/pian-suomeen-saapuvan-machine-headin-kitaristi-jattaa-kiertueen-valiin-painavasta-syysta-korvaavat-soittajat-julki\/\" target=\"_blank\" rel=\"noreferrer noopener nofollow\">jo tiesitte<\/a>, <strong>Reecen <\/strong>(<strong>Scruggs<\/strong>, b\u00e4ndin varsinainen kitaristi) is\u00e4ll\u00e4 diagnosoitiin taannoin keuhkosy\u00f6p\u00e4 ja h\u00e4nt\u00e4 tarvitaan kotona. <strong>Zack <\/strong>(<strong>Ohren<\/strong>, Machine Headin tuottaja), joka on silloin t\u00e4ll\u00f6in tuurannut b\u00e4ndiss\u00e4, ei my\u00f6sk\u00e4\u00e4n p\u00e4\u00e4ssyt mukaan terveyssyist\u00e4. Ja nyt t\u00e4m\u00e4 [tuuraajaksi pestattu] kaveri joutui perumaan. Niinp\u00e4 min\u00e4, <strong>Jared <\/strong>(<strong>MacEachern<\/strong>, basso) ja <strong>Matt <\/strong>(<strong>Alston<\/strong>, rummut) soitamme ensimm\u00e4iset kolme keikkaa kolmemiehisen\u00e4\u201d, nokkamies <strong>Robb Flynn<\/strong> <a href=\"https:\/\/www.facebook.com\/reel\/1622089685440052\" target=\"_blank\" rel=\"noreferrer noopener nofollow\">kertoi ennen lauantain keikkaa<\/a> b\u00e4ndin some-kanavissa.<\/p>\n<p>Avauskeikka sujui triona ilmeisesti sen verran hyvin, ett\u00e4 keikan j\u00e4lkeen b\u00e4ndi <a href=\"https:\/\/www.facebook.com\/MachineHead\/posts\/pfbid0UmRz8nzJ4fNBWuKT6yk72n6HVWYDUYvUuEFT9rko1GigQRMTskXZNBgtWsStvSGCl\" target=\"_blank\" rel=\"noreferrer noopener nofollow\">ilmoittikin <\/a>hoitavansa koko kiertueen vajaalla miehist\u00f6ll\u00e4. Rundi jatkuu maanantaina 1.12. Queenslandin Sunshine Coastissa, jonka j\u00e4lkeen karavaani kulkee Canberran, Melbournen ja Sydneyn kautta Brisbaneen.<\/p>\n<p>Alta voit katsoa yleis\u00f6st\u00e4 k\u00e4sin kuvattuja videotaltiointeja kiertueen avauskeikalta.<\/p>\n<p><img loading=\"lazy\" decoding=\"async\" alt=\"YouTube video\" width=\"480\" height=\"360\" data-pin-nopin=\"true\" nopin=\"nopin\" class=\"perfmatters-lazy\" src=\"https:\/\/www.europesays.com\/fi\/wp-content\/uploads\/2025\/12\/1764582371_39_hqdefault.jpg\"\/><\/p>\n<p><img loading=\"lazy\" decoding=\"async\" alt=\"YouTube video\" width=\"480\" height=\"360\" data-pin-nopin=\"true\" nopin=\"nopin\" class=\"perfmatters-lazy\" src=\"https:\/\/www.europesays.com\/fi\/wp-content\/uploads\/2025\/12\/1764582372_821_hqdefault.jpg\"\/><\/p>\n<p><img loading=\"lazy\" decoding=\"async\" alt=\"YouTube video\" width=\"480\" height=\"360\" data-pin-nopin=\"true\" nopin=\"nopin\" class=\"perfmatters-lazy\" src=\"https:\/\/www.europesays.com\/fi\/wp-content\/uploads\/2025\/12\/1764582372_428_hqdefault.jpg\"\/><\/p>\n<p><img loading=\"lazy\" decoding=\"async\" alt=\"YouTube video\" width=\"480\" height=\"360\" data-pin-nopin=\"true\" nopin=\"nopin\" class=\"perfmatters-lazy\" src=\"https:\/\/www.europesays.com\/fi\/wp-content\/uploads\/2025\/12\/1764582373_638_hqdefault.jpg\"\/><\/p>\n<p><img loading=\"lazy\" decoding=\"async\" alt=\"YouTube video\" width=\"480\" height=\"360\" data-pin-nopin=\"true\" nopin=\"nopin\" class=\"perfmatters-lazy\" src=\"https:\/\/www.europesays.com\/fi\/wp-content\/uploads\/2025\/12\/1764582373_297_hqdefault.jpg\"\/><\/p>\n<p>Lue my\u00f6s: <a href=\"https:\/\/www.inferno.fi\/uutiset\/olen-menettanyt-helvetisti-hyvia-ystaviani-ja-aitini-kuoli-koronaan-kylla-sita-miettii-koko-ajan-milloin-oma-vuoroni-on-haastattelussa-machine-headin-robb-flynn\/\" title=\"\u201dOlen menett\u00e4nyt helvetisti hyvi\u00e4 yst\u00e4vi\u00e4ni ja \u00e4itini kuoli koro\u00adnaan. Kyll\u00e4 sit\u00e4 miettii koko ajan, milloin oma vuoroni on\u201d \u2013 haastattelussa Machine Headin Robb Flynn\" class=\"underline-custom !font-montserrat !font-bold !underline-offset-4 !decoration-4 !decoration-red-600 !text-md\" rel=\"nofollow noopener\" target=\"_blank\">\u201dOlen menett\u00e4nyt helvetisti hyvi\u00e4 yst\u00e4vi\u00e4ni ja \u00e4itini kuoli koro\u00adnaan. Kyll\u00e4 sit\u00e4 miettii koko ajan, milloin oma vuoroni on\u201d \u2013 haastattelussa Machine Headin Robb Flynn<\/a><\/p>\n","protected":false},"excerpt":{"rendered":"Machine Head aloitti viime lauantaina Australian-kiertueensa Perthin Astor Theatresta. Keikka oli sik\u00e4li poikkeuksellinen, ett\u00e4 yhtye nousi lavalle triona&hellip;\n","protected":false},"author":2,"featured_media":104718,"comment_status":"","ping_status":"","sticky":false,"template":"","format":"standard","meta":{"footnotes":""},"categories":[132],"tags":[137,33,31,30,6140,195,47,32,109],"class_list":{"0":"post-104717","1":"post","2":"type-post","3":"status-publish","4":"format-standard","5":"has-post-thumbnail","7":"category-musiikki","8":"tag-entertainment","9":"tag-fi","10":"tag-finland","11":"tag-finnish","12":"tag-livevideo","13":"tag-music","14":"tag-musiikki","15":"tag-suomi","16":"tag-viihde"},"share_on_mastodon":{"url":"https:\/\/pubeurope.com\/@fi\/115643677879231739","error":""},"_links":{"self":[{"href":"https:\/\/www.europesays.com\/fi\/wp-json\/wp\/v2\/posts\/104717","targetHints":{"allow":["GET"]}}],"collection":[{"href":"https:\/\/www.europesays.com\/fi\/wp-json\/wp\/v2\/posts"}],"about":[{"href":"https:\/\/www.europesays.com\/fi\/wp-json\/wp\/v2\/types\/post"}],"author":[{"embeddable":true,"href":"https:\/\/www.europesays.com\/fi\/wp-json\/wp\/v2\/users\/2"}],"replies":[{"embeddable":true,"href":"https:\/\/www.europesays.com\/fi\/wp-json\/wp\/v2\/comments?post=104717"}],"version-history":[{"count":0,"href":"https:\/\/www.europesays.com\/fi\/wp-json\/wp\/v2\/posts\/104717\/revisions"}],"wp:featuredmedia":[{"embeddable":true,"href":"https:\/\/www.europesays.com\/fi\/wp-json\/wp\/v2\/media\/104718"}],"wp:attachment":[{"href":"https:\/\/www.europesays.com\/fi\/wp-json\/wp\/v2\/media?parent=104717"}],"wp:term":[{"taxonomy":"category","embeddable":true,"href":"https:\/\/www.europesays.com\/fi\/wp-json\/wp\/v2\/categories?post=104717"},{"taxonomy":"post_tag","embeddable":true,"href":"https:\/\/www.europesays.com\/fi\/wp-json\/wp\/v2\/tags?post=104717"}],"curies":[{"name":"wp","href":"https:\/\/api.w.org\/{rel}","templated":true}]}}