{"id":104719,"date":"2025-12-01T09:49:08","date_gmt":"2025-12-01T09:49:08","guid":{"rendered":"https:\/\/www.europesays.com\/fi\/104719\/"},"modified":"2025-12-01T09:49:08","modified_gmt":"2025-12-01T09:49:08","slug":"mikko-rantanen-myy-perkeleen-isoa-taloaan","status":"publish","type":"post","link":"https:\/\/www.europesays.com\/fi\/104719\/","title":{"rendered":"Mikko Rantanen myy \u201dperkeleen isoa\u201d taloaan"},"content":{"rendered":"<p>Mikko Rantanen laittoi Denverin talonsa myyntiin.<\/p>\n<p class=\"article-body mb-nof-24 px-nof-16\">Suomalainen NHL-hy\u00f6kk\u00e4\u00e4j\u00e4 <a class=\"article-personlink\" href=\"https:\/\/www.is.fi\/haku\/?query=Mikko%20Rantanen\" rel=\"nofollow noopener\" target=\"_blank\">Mikko Rantanen<\/a> on laittanut Denveriss\u00e4 sijaitsevan luksustalonsa myyntiin.<\/p>\n<p class=\"article-body mb-nof-24 px-nof-16\">Rantanen kaupattiin tammikuussa pois Colorado Avalanchesta, ja yhdysvaltalainen kiinteist\u00f6nv\u00e4lityssivusto on lis\u00e4nnyt myynti-ilmoituksen sivulleen toukokuussa.<\/p>\n<p class=\"article-body mb-nof-24 px-nof-16\">Reilu 630 neli\u00f6inen lukaali on myynniss\u00e4 4,4 miljoonan dollarin hintaan. Euroissa hinta on noin 3,8 miljoonaa.<\/p>\n<p class=\"article-body nof-ui-body-medium mb-nof-24 px-nof-16\">Kuvia asunnosta voi katsoa klikkaamalla nuolta oikealle Instagram-upotuksesta.<\/p>\n<p class=\"article-body mb-nof-24 px-nof-16\">Kiinteist\u00f6v\u00e4litt\u00e4j\u00e4n mukaan talo sijaitsee yhdess\u00e4 Denverin halutuimmista kaupunginosista. Rantanen <a class=\"article-genericlink\" href=\"https:\/\/www.is.fi\/nhl\/art-2000008883750.html\" rel=\"nofollow noopener\" target=\"_blank\">kertoi <\/a>vuonna 2022, ett\u00e4 Avalanchen pelaajista muun muassa <a class=\"article-personlink\" href=\"https:\/\/www.is.fi\/haku\/?query=Gabriel%20Landeskog\" rel=\"nofollow noopener\" target=\"_blank\">Gabriel Landeskog<\/a>, <a class=\"article-personlink\" href=\"https:\/\/www.is.fi\/haku\/?query=Nathan%20MacKinnon\" rel=\"nofollow noopener\" target=\"_blank\">Nathan MacKinnon<\/a> ja <a class=\"article-personlink\" href=\"https:\/\/www.is.fi\/haku\/?query=Cale%20Makar\" rel=\"nofollow noopener\" target=\"_blank\">Cale Makar<\/a> asuvat samalla alueella.<\/p>\n<p class=\"article-body mb-nof-24 px-nof-16\">Rantanen kuvaili tuolloin talon olevan \u201djenkkityylinen\u201d ja \u201dperkeleen iso\u201d.<\/p>\n<p class=\"article-body mb-nof-24 px-nof-16\">Kolmikerroksinen vuonna 2001 rakennettu talo pit\u00e4\u00e4 sis\u00e4ll\u00e4\u00e4n muun muassa viisi makuuhuonetta ja henkil\u00f6kohtaisen hissin. Autotalliin mahtuu nelj\u00e4 autoa, ja sis\u00e4tiloissa voi loikoilla jopa kolmen takan \u00e4\u00e4ress\u00e4. Takapihalla voi pulahtaa omaan uima-altaaseen.<\/p>\n<p class=\"article-body mb-nof-24 px-nof-16\">Taloudellisista huolista Rantasen ei tarvitse murehtia, vaikkei mies ole viel\u00e4 taloa saanut kaupaksi.<\/p>\n<p class=\"article-body mb-nof-24 px-nof-16\">NHL:n suomalainen palkkakuningas allekirjoitti kev\u00e4\u00e4ll\u00e4 Dallas Starsin kanssa kahdeksanvuotisen jatkosopimuksen, jonka arvo on 96 miljoonaa dollaria.<\/p>\n<p class=\"article-body mb-nof-24 px-nof-16\">Mainiota alkukautta pelaava Rantanen on iskenyt t\u00e4ll\u00e4 kaudella 25 ottelussa tehot 10+23.<\/p>\n","protected":false},"excerpt":{"rendered":"Mikko Rantanen laittoi Denverin talonsa myyntiin. Suomalainen NHL-hy\u00f6kk\u00e4\u00e4j\u00e4 Mikko Rantanen on laittanut Denveriss\u00e4 sijaitsevan luksustalonsa myyntiin. Rantanen kaupattiin&hellip;\n","protected":false},"author":2,"featured_media":104720,"comment_status":"","ping_status":"","sticky":false,"template":"","format":"standard","meta":{"footnotes":""},"categories":[158],"tags":[33,31,30,34,159,32,160],"class_list":{"0":"post-104719","1":"post","2":"type-post","3":"status-publish","4":"format-standard","5":"has-post-thumbnail","7":"category-urheilu","8":"tag-fi","9":"tag-finland","10":"tag-finnish","11":"tag-ilta-sanomat","12":"tag-sports","13":"tag-suomi","14":"tag-urheilu"},"share_on_mastodon":{"url":"https:\/\/pubeurope.com\/@fi\/115643689643379863","error":""},"_links":{"self":[{"href":"https:\/\/www.europesays.com\/fi\/wp-json\/wp\/v2\/posts\/104719","targetHints":{"allow":["GET"]}}],"collection":[{"href":"https:\/\/www.europesays.com\/fi\/wp-json\/wp\/v2\/posts"}],"about":[{"href":"https:\/\/www.europesays.com\/fi\/wp-json\/wp\/v2\/types\/post"}],"author":[{"embeddable":true,"href":"https:\/\/www.europesays.com\/fi\/wp-json\/wp\/v2\/users\/2"}],"replies":[{"embeddable":true,"href":"https:\/\/www.europesays.com\/fi\/wp-json\/wp\/v2\/comments?post=104719"}],"version-history":[{"count":0,"href":"https:\/\/www.europesays.com\/fi\/wp-json\/wp\/v2\/posts\/104719\/revisions"}],"wp:featuredmedia":[{"embeddable":true,"href":"https:\/\/www.europesays.com\/fi\/wp-json\/wp\/v2\/media\/104720"}],"wp:attachment":[{"href":"https:\/\/www.europesays.com\/fi\/wp-json\/wp\/v2\/media?parent=104719"}],"wp:term":[{"taxonomy":"category","embeddable":true,"href":"https:\/\/www.europesays.com\/fi\/wp-json\/wp\/v2\/categories?post=104719"},{"taxonomy":"post_tag","embeddable":true,"href":"https:\/\/www.europesays.com\/fi\/wp-json\/wp\/v2\/tags?post=104719"}],"curies":[{"name":"wp","href":"https:\/\/api.w.org\/{rel}","templated":true}]}}