{"id":104721,"date":"2025-12-01T09:50:10","date_gmt":"2025-12-01T09:50:10","guid":{"rendered":"https:\/\/www.europesays.com\/fi\/104721\/"},"modified":"2025-12-01T09:50:10","modified_gmt":"2025-12-01T09:50:10","slug":"nyt-netflixissa-anne-ricen-goottilaiseen-vampyyriklassikkoon-pohjaava-kauhusarja-viimein-katseltavissa-myos-suomessa","status":"publish","type":"post","link":"https:\/\/www.europesays.com\/fi\/104721\/","title":{"rendered":"Nyt Netflixiss\u00e4: Anne Ricen goottilaiseen vampyyriklassikkoon pohjaava kauhusarja viimein katseltavissa my\u00f6s Suomessa"},"content":{"rendered":"<p>AMC-kanavan Yhdysvalloissa jo vuodesta 2022 esitt\u00e4m\u00e4 kauhusarja Anne Rice\u2019s Veren vangit on saapunut viimein my\u00f6s suomalaisyleis\u00f6n katseltavaksi. Sarjan kaksi ensimm\u00e4ist\u00e4 tuotantokautta onkin lis\u00e4tty t\u00e4n\u00e4\u00e4n maanantaina 1. joulukuuta Netflixin suoratoistokirjastoon.<\/p>\n<p>Vampyyri Louis de Pointe du Lac (<strong>Jacob Anderson<\/strong>; Game of Thrones) kertoo el\u00e4m\u00e4ntarinaansa reportterille (<strong>Eric Bogosian<\/strong>; Succession). Kahden kauden mittainen tarina kronikoi kuinka Lestat-vampyyri muutti h\u00e4net kaltaisekseen ja kuinka nuori lapsivampyyri Claudia muutti h\u00e4nen el\u00e4m\u00e4\u00e4ns\u00e4.<\/p>\n<p>Lue my\u00f6s: <a href=\"https:\/\/www.episodi.fi\/uutiset\/mita-tulee-netflixiin-tassa-kuussa-tsekkaa-tasta-kaikki-joulukuun-2025-uudet-sarjat-ja-leffat\/\" title=\"Mit\u00e4 tulee Netflixiin t\u00e4ss\u00e4 kuussa? Tsekkaa t\u00e4st\u00e4 kaikki joulukuun 2025 uudet sarjat ja leffat!\" class=\"underline-custom !font-montserrat !font-bold !underline-offset-4 !decoration-4 !decoration-episodi-blue !text-md\" rel=\"nofollow noopener\" target=\"_blank\">Mit\u00e4 tulee Netflixiin t\u00e4ss\u00e4 kuussa? Tsekkaa t\u00e4st\u00e4 kaikki joulukuun 2025 uudet sarjat ja leffat!<\/a><\/p>\n<p>Lue my\u00f6s: <a href=\"https:\/\/www.episodi.fi\/uutiset\/nyt-netflixissa-peikko-vastaan-peikko-norjalainen-jattimonsterielokuva-sai-eeppisen-jatko-osan\/\" title=\"Nyt Netflixiss\u00e4: Peikko vastaan peikko \u2013 norjalainen j\u00e4ttimonsterielokuva sai eeppisen jatko-osan\" class=\"underline-custom !font-montserrat !font-bold !underline-offset-4 !decoration-4 !decoration-episodi-blue !text-md\" rel=\"nofollow noopener\" target=\"_blank\">Nyt Netflixiss\u00e4: Peikko vastaan peikko \u2013 norjalainen j\u00e4ttimonsterielokuva sai eeppisen jatko-osan<\/a><\/p>\n<p>Vuonna 2022 alun perin julkaistulla sarjan avauskaudella on yhteens\u00e4 seitsem\u00e4n jaksoa. Kakkoskaudella puolestaan p\u00e4\u00e4st\u00e4\u00e4n n\u00e4kem\u00e4\u00e4n kahdeksan jaksoa; kausi ilmestyi alun perin vuonna 2024. Kolmas kausi, on my\u00f6s jo varmistettu ja sen pariin p\u00e4\u00e4st\u00e4\u00e4n todenn\u00e4k\u00f6isesti vuoden 2026 aikana.<\/p>\n<p><strong>Anne Ricen<\/strong> goottiklassikko on k\u00e4\u00e4ntynyt aiemmin my\u00f6s niin ik\u00e4\u00e4n Veren vangit -nimiseksi elokuvaksi, jota t\u00e4hditt\u00e4v\u00e4t <strong>Brad Pitt<\/strong>, <strong>Tom Cruise<\/strong> ja <strong>Kirsten Dunst<\/strong>.<\/p>\n<p>Lue my\u00f6s: <a href=\"https:\/\/www.episodi.fi\/uutiset\/katso-kuvat-tom-cruise-ja-brad-pitt-kameroiden-edessa-ensimmaista-kertaa-sitten-31-vuoden-takaisen-veren-vankien\/\" title=\"Katso kuvat \u2013\u00a0Tom Cruise ja Brad Pitt kameroiden edess\u00e4 ensimm\u00e4ist\u00e4 kertaa sitten 31 vuoden takaisen Veren vankien\" class=\"underline-custom !font-montserrat !font-bold !underline-offset-4 !decoration-4 !decoration-episodi-blue !text-md\" rel=\"nofollow noopener\" target=\"_blank\">Katso kuvat \u2013\u00a0Tom Cruise ja Brad Pitt kameroiden edess\u00e4 ensimm\u00e4ist\u00e4 kertaa sitten 31 vuoden takaisen Veren vankien<\/a><\/p>\n<p>Alla katseltavaksi Anne Rice\u2019s Veren vangit -sarjan kahden ensimm\u00e4isen kauden viralliset trailerit.<\/p>\n<p><img loading=\"lazy\" decoding=\"async\" alt=\"YouTube video\" width=\"480\" height=\"360\" data-pin-nopin=\"true\" nopin=\"nopin\" class=\"perfmatters-lazy\" src=\"https:\/\/www.europesays.com\/fi\/wp-content\/uploads\/2025\/12\/1764582610_177_hqdefault.jpg\"\/><\/p>\n<p><img loading=\"lazy\" decoding=\"async\" alt=\"YouTube video\" width=\"480\" height=\"360\" data-pin-nopin=\"true\" nopin=\"nopin\" class=\"perfmatters-lazy\" src=\"https:\/\/www.europesays.com\/fi\/wp-content\/uploads\/2025\/12\/1764582610_84_hqdefault.jpg\"\/><\/p>\n<p>Lue my\u00f6s: <a href=\"https:\/\/www.episodi.fi\/uutiskirje\/?uutiskirjemainos=tekstilinkkimainos\" title=\"Tilaa Episodin uutiskirje ja voit voittaa leffalippuja! Nappaa tv-vinkit suoraan s\u00e4hk\u00f6postiin t\u00e4st\u00e4.\" class=\"underline-custom !font-montserrat !font-bold !underline-offset-4 !decoration-4 !decoration-episodi-blue !text-md\" rel=\"nofollow noopener\" target=\"_blank\">Tilaa Episodin uutiskirje ja voit voittaa leffalippuja! Nappaa katseluvinkit suoraan s\u00e4hk\u00f6postiin t\u00e4st\u00e4.<\/a><\/p>\n","protected":false},"excerpt":{"rendered":"AMC-kanavan Yhdysvalloissa jo vuodesta 2022 esitt\u00e4m\u00e4 kauhusarja Anne Rice\u2019s Veren vangit on saapunut viimein my\u00f6s suomalaisyleis\u00f6n katseltavaksi. Sarjan&hellip;\n","protected":false},"author":2,"featured_media":104722,"comment_status":"","ping_status":"","sticky":false,"template":"","format":"standard","meta":{"footnotes":""},"categories":[130],"tags":[19803,137,33,31,30,19804,19805,217,32,570,571,7397,19806,109],"class_list":{"0":"post-104721","1":"post","2":"type-post","3":"status-publish","4":"format-standard","5":"has-post-thumbnail","7":"category-viihde","8":"tag-anne-rice","9":"tag-entertainment","10":"tag-fi","11":"tag-finland","12":"tag-finnish","13":"tag-interview-with-the-vampire","14":"tag-jacob-anderson","15":"tag-netflix","16":"tag-suomi","17":"tag-suoratoisto","18":"tag-tv-sarjat","19":"tag-vampyyrit","20":"tag-veren-vangit","21":"tag-viihde"},"share_on_mastodon":{"url":"https:\/\/pubeurope.com\/@fi\/115643693528689673","error":""},"_links":{"self":[{"href":"https:\/\/www.europesays.com\/fi\/wp-json\/wp\/v2\/posts\/104721","targetHints":{"allow":["GET"]}}],"collection":[{"href":"https:\/\/www.europesays.com\/fi\/wp-json\/wp\/v2\/posts"}],"about":[{"href":"https:\/\/www.europesays.com\/fi\/wp-json\/wp\/v2\/types\/post"}],"author":[{"embeddable":true,"href":"https:\/\/www.europesays.com\/fi\/wp-json\/wp\/v2\/users\/2"}],"replies":[{"embeddable":true,"href":"https:\/\/www.europesays.com\/fi\/wp-json\/wp\/v2\/comments?post=104721"}],"version-history":[{"count":0,"href":"https:\/\/www.europesays.com\/fi\/wp-json\/wp\/v2\/posts\/104721\/revisions"}],"wp:featuredmedia":[{"embeddable":true,"href":"https:\/\/www.europesays.com\/fi\/wp-json\/wp\/v2\/media\/104722"}],"wp:attachment":[{"href":"https:\/\/www.europesays.com\/fi\/wp-json\/wp\/v2\/media?parent=104721"}],"wp:term":[{"taxonomy":"category","embeddable":true,"href":"https:\/\/www.europesays.com\/fi\/wp-json\/wp\/v2\/categories?post=104721"},{"taxonomy":"post_tag","embeddable":true,"href":"https:\/\/www.europesays.com\/fi\/wp-json\/wp\/v2\/tags?post=104721"}],"curies":[{"name":"wp","href":"https:\/\/api.w.org\/{rel}","templated":true}]}}