{"id":104731,"date":"2025-12-01T10:08:08","date_gmt":"2025-12-01T10:08:08","guid":{"rendered":"https:\/\/www.europesays.com\/fi\/104731\/"},"modified":"2025-12-01T10:08:08","modified_gmt":"2025-12-01T10:08:08","slug":"matias-ja-anette-petaiston-erosirkuksessa-outo-tilanne-tama-on-mahdollinen-seuraava-kaanne","status":"publish","type":"post","link":"https:\/\/www.europesays.com\/fi\/104731\/","title":{"rendered":"Matias ja Anette Pet\u00e4ist\u00f6n erosirkuksessa outo tilanne \u2013 t\u00e4m\u00e4 on mahdollinen seuraava k\u00e4\u00e4nne"},"content":{"rendered":"<p>Pet\u00e4ist\u00f6jen avioero ei ole viel\u00e4 niin sanotusti taputeltu.<\/p>\n<p class=\"article-body mb-nof-24 px-nof-16\">Erikoisjoukot-ohjaaja <a class=\"article-personlink\" href=\"https:\/\/www.is.fi\/haku\/?query=Matias%20Pet%C3%A4ist%C3%B6n\" rel=\"nofollow noopener\" target=\"_blank\">Matias Pet\u00e4ist\u00f6n<\/a> ja puoliso <a class=\"article-personlink\" href=\"https:\/\/www.is.fi\/haku\/?query=Anette%20Pet%C3%A4ist%C3%B6n\" rel=\"nofollow noopener\" target=\"_blank\">Anette Pet\u00e4ist\u00f6n<\/a> avioeroprosessi jatkuu jatkumistaan.<\/p>\n<p class=\"article-body mb-nof-24 px-nof-16\">Eroprosessi on toisessa vaiheessaan. Matias j\u00e4tti toisen vaiheen hakemuksen 26. syyskuuta. Anetella oli aikaa vastata siihen 21. marraskuuta asti.<\/p>\n<p class=\"article-body mb-nof-24 px-nof-16\">Tilanne kuitenkin seisoo. Anette ei ole viel\u00e4k\u00e4\u00e4n vastannut, It\u00e4-Uudenmaan k\u00e4r\u00e4j\u00e4oikeudesta kerrotaan IS:lle.<\/p>\n<p class=\"article-body mb-nof-24 px-nof-16\">K\u00e4r\u00e4j\u00e4oikeudesta kerrotaan my\u00f6s, ett\u00e4 haastemies on tavoitellut Anettea siin\u00e4 kuitenkaan onnistumatta.<\/p>\n<p class=\"article-body mb-nof-24 px-nof-16\">Jos haastemiesk\u00e4\u00e4n ei tavoite Anettea, on seuraava vaihe k\u00e4r\u00e4j\u00e4oikeuden mukaan se, ett\u00e4 Anetesta laitetaan kuulutus Viralliseen lehteen, siis valtion lakis\u00e4\u00e4teisi\u00e4 ja muita virallisia ilmoituksia ja kuulutuksia sis\u00e4lt\u00e4v\u00e4\u00e4n julkaisuun.<\/p>\n<p class=\"article-body mb-nof-24 px-nof-16\">Anette Pet\u00e4ist\u00f6 haki avioeroa yksin 9. tammikuuta 2025.<\/p>\n<p class=\"article-body mb-nof-24 px-nof-16\">Asiasta uutisoi ensin <a class=\"article-genericlink\" href=\"https:\/\/www.seiska.fi\/vain-seiskassa\/erikoisjoukot-matiaksen-erosta-uutta-hammentavaa-tietoa\/1584055\" rel=\"nofollow noopener\" target=\"_blank\">Seiska<\/a>.<\/p>\n<p class=\"article-body mb-nof-24 px-nof-16\">Anette oli laatinut avioerohakemukseen erillisen liitteen, jossa h\u00e4n oli perustellut eron syyksi sen, ett\u00e4 parin v\u00e4lit ovat \u201drikkoutuneet\u201d.<\/p>\n<p class=\"article-body mb-nof-24 px-nof-16\">\u2013 Mieheni on\u00a0l\u00e4hes jatkuvasti pois kotoa joten mit\u00e4\u00e4n todellista yhteisel\u00e4m\u00e4\u00e4 meill\u00e4 ei ole, liitteess\u00e4 muun muassa kirjoitetaan.<\/p>\n<p class=\"article-body mb-nof-24 px-nof-16\">Parilla ei ole avioehtoa, joten puolisoiden omaisuus lasketaan yhteiseksi ja jaetaan osituksessa, mik\u00e4li heid\u00e4t tuomitaan avioeroon.<\/p>\n<p class=\"article-body mb-nof-24 px-nof-16\">Avioero on vaikuttanut my\u00f6s Matias Pet\u00e4ist\u00f6n johtaman, Hyvink\u00e4\u00e4ll\u00e4 sijaitsevan Sveitsin Hiihtokeskuksen toimintaan. Pet\u00e4ist\u00f6n entiset appivanhemmat joutuivat j\u00e4tt\u00e4m\u00e4\u00e4n yhti\u00f6n hallituksen elokuussa 2025.<\/p>\n","protected":false},"excerpt":{"rendered":"Pet\u00e4ist\u00f6jen avioero ei ole viel\u00e4 niin sanotusti taputeltu. Erikoisjoukot-ohjaaja Matias Pet\u00e4ist\u00f6n ja puoliso Anette Pet\u00e4ist\u00f6n avioeroprosessi jatkuu jatkumistaan.&hellip;\n","protected":false},"author":2,"featured_media":104732,"comment_status":"","ping_status":"","sticky":false,"template":"","format":"standard","meta":{"footnotes":""},"categories":[136],"tags":[407,137,33,31,30,34,408,32,109],"class_list":{"0":"post-104731","1":"post","2":"type-post","3":"status-publish","4":"format-standard","5":"has-post-thumbnail","7":"category-julkkikset","8":"tag-celebrities","9":"tag-entertainment","10":"tag-fi","11":"tag-finland","12":"tag-finnish","13":"tag-ilta-sanomat","14":"tag-julkkikset","15":"tag-suomi","16":"tag-viihde"},"share_on_mastodon":{"url":"https:\/\/pubeurope.com\/@fi\/115643764114160432","error":""},"_links":{"self":[{"href":"https:\/\/www.europesays.com\/fi\/wp-json\/wp\/v2\/posts\/104731","targetHints":{"allow":["GET"]}}],"collection":[{"href":"https:\/\/www.europesays.com\/fi\/wp-json\/wp\/v2\/posts"}],"about":[{"href":"https:\/\/www.europesays.com\/fi\/wp-json\/wp\/v2\/types\/post"}],"author":[{"embeddable":true,"href":"https:\/\/www.europesays.com\/fi\/wp-json\/wp\/v2\/users\/2"}],"replies":[{"embeddable":true,"href":"https:\/\/www.europesays.com\/fi\/wp-json\/wp\/v2\/comments?post=104731"}],"version-history":[{"count":0,"href":"https:\/\/www.europesays.com\/fi\/wp-json\/wp\/v2\/posts\/104731\/revisions"}],"wp:featuredmedia":[{"embeddable":true,"href":"https:\/\/www.europesays.com\/fi\/wp-json\/wp\/v2\/media\/104732"}],"wp:attachment":[{"href":"https:\/\/www.europesays.com\/fi\/wp-json\/wp\/v2\/media?parent=104731"}],"wp:term":[{"taxonomy":"category","embeddable":true,"href":"https:\/\/www.europesays.com\/fi\/wp-json\/wp\/v2\/categories?post=104731"},{"taxonomy":"post_tag","embeddable":true,"href":"https:\/\/www.europesays.com\/fi\/wp-json\/wp\/v2\/tags?post=104731"}],"curies":[{"name":"wp","href":"https:\/\/api.w.org\/{rel}","templated":true}]}}