{"id":104741,"date":"2025-12-01T10:20:10","date_gmt":"2025-12-01T10:20:10","guid":{"rendered":"https:\/\/www.europesays.com\/fi\/104741\/"},"modified":"2025-12-01T10:20:10","modified_gmt":"2025-12-01T10:20:10","slug":"vaikuttajan-ruumis-sullottiin-matkalaukkuun-ja-haudattiin-metsaan","status":"publish","type":"post","link":"https:\/\/www.europesays.com\/fi\/104741\/","title":{"rendered":"Vaikuttajan ruumis sullottiin matkalaukkuun ja haudattiin mets\u00e4\u00e4n"},"content":{"rendered":"<p>It\u00e4valtalaisen kauneusvaikuttajan ruumis l\u00f6ydettiin haudattuna slovenialaiseen mets\u00e4\u00e4n, it\u00e4valtalaismediat uutisoivat.<\/p>\n<p><img decoding=\"async\" class=\"image image-show image-preview\" src=\"https:\/\/www.europesays.com\/fi\/wp-content\/uploads\/2025\/12\/1684f8cc93c06c988c62f759eeceb0adb83e6bf8474e14aa8da73fe212c3d245.jpg\" alt=\"\"\/><img decoding=\"async\" class=\"image image-show\" src=\"https:\/\/www.europesays.com\/fi\/wp-content\/uploads\/2025\/12\/1764584410_410_1684f8cc93c06c988c62f759eeceb0adb83e6bf8474e14aa8da73fe212c3d245.jpg\" alt=\"\"\/><\/p>\n<p>Vaikuttajan ruumis l\u00f6ytyi haudattuna mets\u00e4\u00e4n. Kuvituskuva. Mostphotos<\/p>\n<p class=\"paragraph\">It\u00e4valtalainen vaikuttaja on l\u00f6ydetty kuolleena, paikalliset mediat uutisoivat. Yhdysvaltalaismedia <a href=\"https:\/\/people.com\/beauty-influencer-stefanie-pieper-found-dead-report-11858931\" target=\"_blank\" rel=\"noopener nofollow\">Peoplen<\/a> mukaan kyseess\u00e4 on kauneusvaikuttaja <strong>Stefanie Pieper<\/strong>.<\/p>\n<p class=\"paragraph\"><a href=\"https:\/\/www.krone.at\/3972951\" target=\"_blank\" rel=\"noopener nofollow\">Kronen Zeitung<\/a> -lehti kertoo, ett\u00e4 naisen ex-poikayst\u00e4v\u00e4 olisi v\u00e4itetysti kuristanut naisen, sullonut t\u00e4m\u00e4n ruumiin matkalaukkuun ja haudannut mets\u00e4\u00e4n Sloveniassa. Ex-poikayst\u00e4v\u00e4 pid\u00e4tettiin Sloveniassa ja luovutettiin it\u00e4valtalaisviranomaisten haltuun.<\/p>\n<p class=\"paragraph\">Lehden mukaan ex-poikayst\u00e4v\u00e4 teki poliisien kanssa yhteisty\u00f6t\u00e4 ja johdatti tutkijat ruumiin luo.<\/p>\n<p class=\"paragraph\"><a href=\"https:\/\/www.polizei.gv.at\/stmk\/presse\/aussendungen\/presse.aspx?prid=78594F4C42684E377530343D&amp;pro=0\" target=\"_blank\" rel=\"noopener nofollow\">It\u00e4vallan poliisi<\/a> tiedotti 26. marraskuuta, ett\u00e4 31-vuotiaan grazilaisen naisen katoamisesta ep\u00e4ill\u00e4\u00e4n naisen 31-vuotiasta ex-poikayst\u00e4v\u00e4\u00e4. Mies oli pid\u00e4tetty Sloveniassa. Nainen oli ilmoitettu kadonneeksi sunnuntaina 23. marraskuuta, kun h\u00e4n ei ollut saapunut t\u00f6ihin eiv\u00e4tk\u00e4 sukulaiset tai ty\u00f6kaverit olleet saaneet h\u00e4neen yhteytt\u00e4.<\/p>\n<p class=\"paragraph\">Sunnuntaina 30. marraskuuta poliisi <a href=\"https:\/\/www.polizei.gv.at\/stmk\/presse\/aussendungen\/presse.aspx?prid=33544D78386548477233303D&amp;pro=0\" target=\"_blank\" rel=\"noopener nofollow\">tiedotti<\/a>, ett\u00e4 ep\u00e4ilty mies oli tunnustanut kuulusteluissa syyllistyneens\u00e4 rikokseen ja antanut poliiseille tietoa kadonneen naisen sijainnista. Slovenian poliisi oli l\u00f6yt\u00e4nyt naisen ruumiin mets\u00e4\u00e4n haudatusta matkalaukusta.<\/p>\n<p class=\"paragraph\">Meikkitaiteilijan koulutuksen saanut Pieper julkaisi sosiaalisessa mediassa meikkisis\u00e4lt\u00f6\u00e4 ja lauluvideoita kymmenille tuhansille seuraajilleen.<\/p>\n","protected":false},"excerpt":{"rendered":"It\u00e4valtalaisen kauneusvaikuttajan ruumis l\u00f6ydettiin haudattuna slovenialaiseen mets\u00e4\u00e4n, it\u00e4valtalaismediat uutisoivat. Vaikuttajan ruumis l\u00f6ytyi haudattuna mets\u00e4\u00e4n. Kuvituskuva. Mostphotos It\u00e4valtalainen vaikuttaja&hellip;\n","protected":false},"author":2,"featured_media":104742,"comment_status":"","ping_status":"","sticky":false,"template":"","format":"standard","meta":{"footnotes":""},"categories":[14],"tags":[35,22,23,2110,26,27,33,31,30,17,53,24,25,28,29,15,18,21,52,103,32,19,20,546,56,16,59,60,61],"class_list":{"0":"post-104741","1":"post","2":"type-post","3":"status-publish","4":"format-standard","5":"has-post-thumbnail","7":"category-ulkomaat","8":"tag-24h","9":"tag-breaking-news","10":"tag-breakingnews","11":"tag-elamantapa-ja-vapaa-aika","12":"tag-featured-news","13":"tag-featurednews","14":"tag-fi","15":"tag-finland","16":"tag-finnish","17":"tag-headlines","18":"tag-laki-oikeus-ja-rikos","19":"tag-latest-news","20":"tag-latestnews","21":"tag-main-news","22":"tag-mainnews","23":"tag-news","24":"tag-otsikot","25":"tag-paauutiset","26":"tag-poliisi","27":"tag-sosiaalikysymykset","28":"tag-suomi","29":"tag-top-stories","30":"tag-topstories","31":"tag-turvallisuus","32":"tag-ulkomaat","33":"tag-uutiset","34":"tag-world","35":"tag-world-news","36":"tag-worldnews"},"share_on_mastodon":{"url":"https:\/\/pubeurope.com\/@fi\/115643811570690592","error":""},"_links":{"self":[{"href":"https:\/\/www.europesays.com\/fi\/wp-json\/wp\/v2\/posts\/104741","targetHints":{"allow":["GET"]}}],"collection":[{"href":"https:\/\/www.europesays.com\/fi\/wp-json\/wp\/v2\/posts"}],"about":[{"href":"https:\/\/www.europesays.com\/fi\/wp-json\/wp\/v2\/types\/post"}],"author":[{"embeddable":true,"href":"https:\/\/www.europesays.com\/fi\/wp-json\/wp\/v2\/users\/2"}],"replies":[{"embeddable":true,"href":"https:\/\/www.europesays.com\/fi\/wp-json\/wp\/v2\/comments?post=104741"}],"version-history":[{"count":0,"href":"https:\/\/www.europesays.com\/fi\/wp-json\/wp\/v2\/posts\/104741\/revisions"}],"wp:featuredmedia":[{"embeddable":true,"href":"https:\/\/www.europesays.com\/fi\/wp-json\/wp\/v2\/media\/104742"}],"wp:attachment":[{"href":"https:\/\/www.europesays.com\/fi\/wp-json\/wp\/v2\/media?parent=104741"}],"wp:term":[{"taxonomy":"category","embeddable":true,"href":"https:\/\/www.europesays.com\/fi\/wp-json\/wp\/v2\/categories?post=104741"},{"taxonomy":"post_tag","embeddable":true,"href":"https:\/\/www.europesays.com\/fi\/wp-json\/wp\/v2\/tags?post=104741"}],"curies":[{"name":"wp","href":"https:\/\/api.w.org\/{rel}","templated":true}]}}