{"id":104743,"date":"2025-12-01T10:21:10","date_gmt":"2025-12-01T10:21:10","guid":{"rendered":"https:\/\/www.europesays.com\/fi\/104743\/"},"modified":"2025-12-01T10:21:10","modified_gmt":"2025-12-01T10:21:10","slug":"raakkylan-paattajat-kunnanjohtaja-esko-rautiaisen-pitaa-erota-viimeistaan-keskiviikkona-tai-hanet-irtisanotaan-pohjois-karjala","status":"publish","type":"post","link":"https:\/\/www.europesays.com\/fi\/104743\/","title":{"rendered":"R\u00e4\u00e4kkyl\u00e4n p\u00e4\u00e4tt\u00e4j\u00e4t: Kunnanjohtaja Esko Rautiaisen pit\u00e4\u00e4 erota viimeist\u00e4\u00e4n keskiviikkona, tai h\u00e4net irtisanotaan | Pohjois-Karjala"},"content":{"rendered":"<p class=\"aw-1gybjub aw-5vja16 kEtdKx kmuxyA yle__article__paragraph\">Tilanteen taustalla on luottamuspula, joka syntyi Rautiaisen k\u00e4yt\u00f6ksest\u00e4 sosiaalisessa mediassa. Jos Rautiainen ei eroa, h\u00e4net erotetaan. Erorahaa ei makseta.<\/p>\n<p><img decoding=\"async\" alt=\"Kunnanjohtajan kuva ja lis\u00e4ksi h\u00e4nen viestej\u00e4\u00e4n sosiaalisen median palvelussa.\" src=\"https:\/\/www.europesays.com\/fi\/wp-content\/uploads\/2025\/11\/39-1556759691ee57bf215d.jpeg\" class=\"aw-1l9m598 hKVVvP\"\/><\/p>\n<p>Avaa kuvien katselu<\/p>\n<p>Esko Rautiaisen viestint\u00e4 sosiaalisen median Threads-palvelussa on ollut kiistanalaista. Kuva: Tanja Perkki\u00f6 \/ Yle, kuvanmuokkaus: Sami Takkinen \/ Yle<\/p>\n<p class=\"aw-1gybjub aw-1p7kakr kEtdKx cEmitX yle__article__paragraph\">R\u00e4\u00e4kkyl\u00e4n kunnan p\u00e4\u00e4tt\u00e4j\u00e4t toivovat, ett\u00e4 kunnanjohtaja <strong class=\"aw-ak79eh KyCXm yle__article__strong\">Esko Rautiainen<\/strong> irtisanoutuu teht\u00e4v\u00e4st\u00e4\u00e4n. Syyn\u00e4 on luottamuspula.<\/p>\n<p class=\"aw-1gybjub aw-1p7kakr kEtdKx cEmitX yle__article__paragraph\">Rautiainen on kirjoitellut sosiaalisen median Threads-alustalle kommentteja, joita on <a class=\"aw-iao6s4 iHOxEa yle__article__link\" href=\"https:\/\/yle.fi\/a\/74-20078655\" role=\"link\" rel=\"nofollow noopener\" target=\"_blank\">luonnehdittu seksuaaliss\u00e4vytteisiksi ja h\u00e4rskeiksi<\/a>. Tapausta pidet\u00e4\u00e4n vakavana, koska Rautiainen <a class=\"aw-iao6s4 iHOxEa yle__article__link\" href=\"https:\/\/yle.fi\/a\/74-20080890\" role=\"link\" rel=\"nofollow noopener\" target=\"_blank\">sai somek\u00e4yt\u00f6ksest\u00e4\u00e4n varoituksen jo vuonna 2024<\/a>.<\/p>\n<p class=\"aw-1gybjub aw-1p7kakr kEtdKx cEmitX yle__article__paragraph\">Jos Rautiainen ei eroa, h\u00e4net irtisanotaan, sanoo kunnanvaltuuston puheenjohtaja <strong class=\"aw-ak79eh KyCXm yle__article__strong\">Tapio H\u00e4m\u00e4l\u00e4inen<\/strong> (vas.).<\/p>\n<p class=\"aw-1gybjub aw-1p7kakr kEtdKx cEmitX yle__article__paragraph\">\u2013 Nyt odotamme kunnanjohtajan kantaa asiaan. Mik\u00e4li sopuratkaisua ei synny viimeist\u00e4\u00e4n keskiviikkona, asia tuodaan valtuuston kokoukseen ensi viikolla, H\u00e4m\u00e4l\u00e4inen kertoo.<\/p>\n<p><img decoding=\"async\" alt=\"71-vuotias l\u00e4\u00e4k\u00e4ri Tapio H\u00e4m\u00e4l\u00e4inen tutkii potilastietoja tietokoneelta.\" src=\"https:\/\/www.europesays.com\/fi\/wp-content\/uploads\/2025\/12\/39-145222967ff8c1f6f5ec.jpeg\" loading=\"lazy\" class=\"aw-1l9m598 hKVVvP\"\/><\/p>\n<p>Avaa kuvien katselu<\/p>\n<p>R\u00e4\u00e4kkyl\u00e4n kunnanvaltuuston puheenjohtaja Tapio H\u00e4m\u00e4l\u00e4inen (vas.) pit\u00e4\u00e4 Rautiaisen tilannetta valitettavana, mutta itse aiheutettuna. Arkistokuva. Kuva: Jaana Kainulainen \/ Yle<\/p>\n<p class=\"aw-1gybjub aw-1p7kakr kEtdKx cEmitX yle__article__paragraph\">Rautiainen ei todenn\u00e4k\u00f6isesti saa teht\u00e4v\u00e4ns\u00e4 j\u00e4tt\u00e4misest\u00e4 erillist\u00e4 korvausta. Kunnan ja Rautiaisen v\u00e4lisen johtajasopimuksen mukaan erokorvausta ei makseta, jos kunnanjohtaja irtisanoutuu vapaaehtoisesti tai jos h\u00e4net irtisanotaan luottamuspulan vuoksi.<\/p>\n<p class=\"aw-1gybjub aw-1p7kakr kEtdKx cEmitX yle__article__paragraph\">Mik\u00e4li Rautiainen ei eroa, kunnanhallituksen tulee johtajasopimuksen mukaisesti perustaa tilap\u00e4inen valiokunta, joka kuulee Rautiaista viel\u00e4 kerran. T\u00e4m\u00e4n j\u00e4lkeen kunnanjohtaja voidaan erottaa, jos kaksi kolmasosaa valtuutetuista kannattaa sit\u00e4.<\/p>\n<p class=\"aw-1gybjub aw-1p7kakr kEtdKx cEmitX yle__article__paragraph\">\u2013 Tarvittava enemmist\u00f6 n\u00e4ytt\u00e4\u00e4 l\u00f6ytyv\u00e4n. Min\u00e4 uskon, ett\u00e4 Rautiainen ymm\u00e4rt\u00e4\u00e4 tilanteen ja on suoraselk\u00e4inen, H\u00e4m\u00e4l\u00e4inen sanoo.<\/p>\n<p class=\"aw-1gybjub aw-1p7kakr kEtdKx cEmitX yle__article__paragraph\">H\u00e4m\u00e4l\u00e4inen itse pit\u00e4\u00e4 Rautiaisen somek\u00e4yt\u00f6st\u00e4 kunnanjohtajalle sopimattomana ja on tilanteesta surullinen.<\/p>\n<p class=\"aw-1gybjub aw-1p7kakr kEtdKx cEmitX yle__article__paragraph\">Esko Rautiainen kielt\u00e4ytyi kommentoimasta asiaa Ylelle.<\/p>\n","protected":false},"excerpt":{"rendered":"Tilanteen taustalla on luottamuspula, joka syntyi Rautiaisen k\u00e4yt\u00f6ksest\u00e4 sosiaalisessa mediassa. Jos Rautiainen ei eroa, h\u00e4net erotetaan. Erorahaa ei&hellip;\n","protected":false},"author":2,"featured_media":101103,"comment_status":"","ping_status":"","sticky":false,"template":"","format":"standard","meta":{"footnotes":""},"categories":[12],"tags":[22,23,19386,26,27,33,31,30,17,71,10599,1836,4739,1833,24,25,28,29,15,18,21,1137,6310,32,19,20,16],"class_list":{"0":"post-104743","1":"post","2":"type-post","3":"status-publish","4":"format-standard","5":"has-post-thumbnail","7":"category-suomi","8":"tag-breaking-news","9":"tag-breakingnews","10":"tag-esko-rautiainen","11":"tag-featured-news","12":"tag-featurednews","13":"tag-fi","14":"tag-finland","15":"tag-finnish","16":"tag-headlines","17":"tag-kotimaa","18":"tag-kunnanhallitukset","19":"tag-kunnanjohtajat","20":"tag-kunnanvaltuustot","21":"tag-kunnat","22":"tag-latest-news","23":"tag-latestnews","24":"tag-main-news","25":"tag-mainnews","26":"tag-news","27":"tag-otsikot","28":"tag-paauutiset","29":"tag-pohjois-karjala","30":"tag-raakkyla","31":"tag-suomi","32":"tag-top-stories","33":"tag-topstories","34":"tag-uutiset"},"share_on_mastodon":{"url":"https:\/\/pubeurope.com\/@fi\/115643815491958278","error":""},"_links":{"self":[{"href":"https:\/\/www.europesays.com\/fi\/wp-json\/wp\/v2\/posts\/104743","targetHints":{"allow":["GET"]}}],"collection":[{"href":"https:\/\/www.europesays.com\/fi\/wp-json\/wp\/v2\/posts"}],"about":[{"href":"https:\/\/www.europesays.com\/fi\/wp-json\/wp\/v2\/types\/post"}],"author":[{"embeddable":true,"href":"https:\/\/www.europesays.com\/fi\/wp-json\/wp\/v2\/users\/2"}],"replies":[{"embeddable":true,"href":"https:\/\/www.europesays.com\/fi\/wp-json\/wp\/v2\/comments?post=104743"}],"version-history":[{"count":0,"href":"https:\/\/www.europesays.com\/fi\/wp-json\/wp\/v2\/posts\/104743\/revisions"}],"wp:featuredmedia":[{"embeddable":true,"href":"https:\/\/www.europesays.com\/fi\/wp-json\/wp\/v2\/media\/101103"}],"wp:attachment":[{"href":"https:\/\/www.europesays.com\/fi\/wp-json\/wp\/v2\/media?parent=104743"}],"wp:term":[{"taxonomy":"category","embeddable":true,"href":"https:\/\/www.europesays.com\/fi\/wp-json\/wp\/v2\/categories?post=104743"},{"taxonomy":"post_tag","embeddable":true,"href":"https:\/\/www.europesays.com\/fi\/wp-json\/wp\/v2\/tags?post=104743"}],"curies":[{"name":"wp","href":"https:\/\/api.w.org\/{rel}","templated":true}]}}