{"id":104744,"date":"2025-12-01T10:22:08","date_gmt":"2025-12-01T10:22:08","guid":{"rendered":"https:\/\/www.europesays.com\/fi\/104744\/"},"modified":"2025-12-01T10:22:08","modified_gmt":"2025-12-01T10:22:08","slug":"kokoomuksen-marko-kilpi-joutui-taksihuijauksen-kohteeksi","status":"publish","type":"post","link":"https:\/\/www.europesays.com\/fi\/104744\/","title":{"rendered":"Kokoomuksen Marko Kilpi joutui taksihuijauksen kohteeksi"},"content":{"rendered":"<p><strong class=\"typography-bold\">Kansanedustaja sanoo MTV Uutisille, ett\u00e4 h\u00e4nen kokemuksensa on &#8221;r\u00e4ike\u00e4 ja el\u00e4v\u00e4 esimerkki, miten villin\u00e4 taksitouhu py\u00f6rii&#8221;.<\/strong><\/p>\n<p>Kokoomuksen kansanedustaja <strong class=\"typography-bold\">Marko Kilpi <\/strong>kertoo <a class=\"underline\" data-testid=\"external-link\" href=\"https:\/\/www.facebook.com\/photo\/?fbid=10236865888778974&amp;set=a.1722141145320\" rel=\"noopener noreferrer nofollow\" data-sentry-component=\"ExternalLink\" data-sentry-source-file=\"ExternalLink.tsx\" target=\"_blank\">Facebook -tilill\u00e4\u00e4n<\/a> joutuneensa taksihuijauksen kohteeksi.<\/p>\n<p>H\u00e4n kirjoittaa sunnuntaisessa julkaisussaan kulkeneensa saman matkan aamulla Messukeskukseen ja palanneensa sielt\u00e4 iltap\u00e4iv\u00e4ll\u00e4.\u00a0<\/p>\n<p>Julkaisuun h\u00e4n on liitt\u00e4nyt kuvan kummankin matkan kuiteista.<\/p>\n<p>\u2013 Kummassakin kuitissa lukee Taksi Helsinki. Toinen on aito, toinen ei. Toisessa on tuplahinta, toisessa ei. Kummankin auton kyljess\u00e4 oli kookkaat, kauaksi n\u00e4kyv\u00e4t Taksi Helsinki -mainokset, h\u00e4n kirjoittaa.<\/p>\n<p>Kuittien mukaan h\u00e4n on kulkenut aamulla 19. marraskuuta noin 3,7 kilometrin mittaisen matkan ja samana iltap\u00e4iv\u00e4n\u00e4 noin 4 kilometrin matkan. Aamun matkasta h\u00e4n on maksanut 24,3 euroa ja iltap\u00e4iv\u00e4n matkasta 41,86 euroa.<\/p>\n<p>\u2013 Messukeskuksen tilaisuus oli juuri sellainen, joka oli erityisen houkutteleva ved\u00e4tyksille &#8211; paljon ulkomaalaisia ja ulkopaikkakuntalaisia, joilta on lapsellisen helppoa ylihintaa riist\u00e4\u00e4 ja vaikka asian huomaisikin, huijaus tahtoo menn\u00e4 v\u00e4kisinkin l\u00e4pi, h\u00e4n kirjoittaa.<\/p>\n<p>P\u00e4ivityksest\u00e4 uutisoivat aiemmin <a class=\"underline\" data-testid=\"external-link\" href=\"https:\/\/www.is.fi\/politiikka\/art-2000011660935.html\" rel=\"noopener noreferrer nofollow\" data-sentry-component=\"ExternalLink\" data-sentry-source-file=\"ExternalLink.tsx\" target=\"_blank\"><\/a><\/p>\n","protected":false},"excerpt":{"rendered":"Kansanedustaja sanoo MTV Uutisille, ett\u00e4 h\u00e4nen kokemuksensa on &#8221;r\u00e4ike\u00e4 ja el\u00e4v\u00e4 esimerkki, miten villin\u00e4 taksitouhu py\u00f6rii&#8221;. Kokoomuksen kansanedustaja&hellip;\n","protected":false},"author":2,"featured_media":104745,"comment_status":"","ping_status":"","sticky":false,"template":"","format":"standard","meta":{"footnotes":""},"categories":[5],"tags":[22,23,26,27,33,31,30,17,24,25,28,29,15,18,21,32,19,20,16],"class_list":{"0":"post-104744","1":"post","2":"type-post","3":"status-publish","4":"format-standard","5":"has-post-thumbnail","7":"category-otsikot","8":"tag-breaking-news","9":"tag-breakingnews","10":"tag-featured-news","11":"tag-featurednews","12":"tag-fi","13":"tag-finland","14":"tag-finnish","15":"tag-headlines","16":"tag-latest-news","17":"tag-latestnews","18":"tag-main-news","19":"tag-mainnews","20":"tag-news","21":"tag-otsikot","22":"tag-paauutiset","23":"tag-suomi","24":"tag-top-stories","25":"tag-topstories","26":"tag-uutiset"},"share_on_mastodon":{"url":"https:\/\/pubeurope.com\/@fi\/115643819177921519","error":""},"_links":{"self":[{"href":"https:\/\/www.europesays.com\/fi\/wp-json\/wp\/v2\/posts\/104744","targetHints":{"allow":["GET"]}}],"collection":[{"href":"https:\/\/www.europesays.com\/fi\/wp-json\/wp\/v2\/posts"}],"about":[{"href":"https:\/\/www.europesays.com\/fi\/wp-json\/wp\/v2\/types\/post"}],"author":[{"embeddable":true,"href":"https:\/\/www.europesays.com\/fi\/wp-json\/wp\/v2\/users\/2"}],"replies":[{"embeddable":true,"href":"https:\/\/www.europesays.com\/fi\/wp-json\/wp\/v2\/comments?post=104744"}],"version-history":[{"count":0,"href":"https:\/\/www.europesays.com\/fi\/wp-json\/wp\/v2\/posts\/104744\/revisions"}],"wp:featuredmedia":[{"embeddable":true,"href":"https:\/\/www.europesays.com\/fi\/wp-json\/wp\/v2\/media\/104745"}],"wp:attachment":[{"href":"https:\/\/www.europesays.com\/fi\/wp-json\/wp\/v2\/media?parent=104744"}],"wp:term":[{"taxonomy":"category","embeddable":true,"href":"https:\/\/www.europesays.com\/fi\/wp-json\/wp\/v2\/categories?post=104744"},{"taxonomy":"post_tag","embeddable":true,"href":"https:\/\/www.europesays.com\/fi\/wp-json\/wp\/v2\/tags?post=104744"}],"curies":[{"name":"wp","href":"https:\/\/api.w.org\/{rel}","templated":true}]}}