{"id":104762,"date":"2025-12-01T10:48:08","date_gmt":"2025-12-01T10:48:08","guid":{"rendered":"https:\/\/www.europesays.com\/fi\/104762\/"},"modified":"2025-12-01T10:48:08","modified_gmt":"2025-12-01T10:48:08","slug":"tassa-on-leijonien-joukkue-sveitsin-eht-turnaukseen","status":"publish","type":"post","link":"https:\/\/www.europesays.com\/fi\/104762\/","title":{"rendered":"T\u00e4ss\u00e4 on Leijonien joukkue Sveitsin EHT-turnaukseen"},"content":{"rendered":"<p class=\"fact-box__label fact-box__label--container\">Fakta<\/p>\n<p>Leijonien joukkue EHT-turnaukseenMaalivahdit<\/p>\n<p class=\"article-body mb-nof-24 px-nof-16\">Waltteri Ignatjew, Link\u00f6ping (SHL)<\/p>\n<p class=\"article-body mb-nof-24 px-nof-16\">Emil Larmi, F\u00e4rjestad (SHL)<\/p>\n<p>Puolustajat<\/p>\n<p class=\"article-body mb-nof-24 px-nof-16\">Santeri Hatakka, HV71 (SHL)<\/p>\n<p class=\"article-body mb-nof-24 px-nof-16\">Santtu Kinnunen, SCL Tigers (NL)<\/p>\n<p class=\"article-body mb-nof-24 px-nof-16\">Mikko Lehtonen, ZSC Lions (NL)<\/p>\n<p class=\"article-body mb-nof-24 px-nof-16\">Sami Niku, Lausanne (NL)<\/p>\n<p class=\"article-body mb-nof-24 px-nof-16\">Juuso Riikola, SCL Tigers (NL)<\/p>\n<p class=\"article-body mb-nof-24 px-nof-16\">Robin Salo, Malm\u00f6 (SHL)<\/p>\n<p>Hy\u00f6kk\u00e4\u00e4j\u00e4t<\/p>\n<p class=\"article-body mb-nof-24 px-nof-16\">Henrik Borgstr\u00f6m, Fribourg (NL)<\/p>\n<p class=\"article-body mb-nof-24 px-nof-16\">Hannes Bj\u00f6rninen, SCL Tigers (NL)<\/p>\n<p class=\"article-body mb-nof-24 px-nof-16\">Jere Innala, Fr\u00f6lunda (SHL)<\/p>\n<p class=\"article-body mb-nof-24 px-nof-16\">Janne Kuokkanen, Malm\u00f6 (SHL)<\/p>\n<p class=\"article-body mb-nof-24 px-nof-16\">Sakari Manninen, Geneve-Servette (NL)<\/p>\n<p class=\"article-body mb-nof-24 px-nof-16\">Saku M\u00e4enalanen, SCL Tigers (NL)<\/p>\n<p class=\"article-body mb-nof-24 px-nof-16\">Markus Nurmi, Lule\u00e5 (SHL)<\/p>\n<p class=\"article-body mb-nof-24 px-nof-16\">Julius N\u00e4ttinen, HC Ajoie (NL)<\/p>\n<p class=\"article-body mb-nof-24 px-nof-16\">Ahti Oksanen, Lausanne (NL)<\/p>\n<p class=\"article-body mb-nof-24 px-nof-16\">Lauri Pajuniemi, Malm\u00f6 (NL)<\/p>\n<p class=\"article-body mb-nof-24 px-nof-16\">Patrik Puistola, \u00d6rebro (SHL)<\/p>\n<p class=\"article-body mb-nof-24 px-nof-16\">Jesse Puljuj\u00e4rvi, Geneve-Servette (NL)<\/p>\n<p class=\"article-body mb-nof-24 px-nof-16\">Arttu Ruotsalainen, Fr\u00f6lunda (SHL)<\/p>\n<p class=\"article-body mb-nof-24 px-nof-16\">Jere Sallinen, Biel-Bienne (NL)<\/p>\n","protected":false},"excerpt":{"rendered":"Fakta Leijonien joukkue EHT-turnaukseenMaalivahdit Waltteri Ignatjew, Link\u00f6ping (SHL) Emil Larmi, F\u00e4rjestad (SHL) Puolustajat Santeri Hatakka, HV71 (SHL) Santtu&hellip;\n","protected":false},"author":2,"featured_media":104763,"comment_status":"","ping_status":"","sticky":false,"template":"","format":"standard","meta":{"footnotes":""},"categories":[5],"tags":[22,23,26,27,33,31,30,17,34,24,25,28,29,15,18,21,32,19,20,16],"class_list":{"0":"post-104762","1":"post","2":"type-post","3":"status-publish","4":"format-standard","5":"has-post-thumbnail","7":"category-otsikot","8":"tag-breaking-news","9":"tag-breakingnews","10":"tag-featured-news","11":"tag-featurednews","12":"tag-fi","13":"tag-finland","14":"tag-finnish","15":"tag-headlines","16":"tag-ilta-sanomat","17":"tag-latest-news","18":"tag-latestnews","19":"tag-main-news","20":"tag-mainnews","21":"tag-news","22":"tag-otsikot","23":"tag-paauutiset","24":"tag-suomi","25":"tag-top-stories","26":"tag-topstories","27":"tag-uutiset"},"share_on_mastodon":{"url":"https:\/\/pubeurope.com\/@fi\/115643921394554431","error":""},"_links":{"self":[{"href":"https:\/\/www.europesays.com\/fi\/wp-json\/wp\/v2\/posts\/104762","targetHints":{"allow":["GET"]}}],"collection":[{"href":"https:\/\/www.europesays.com\/fi\/wp-json\/wp\/v2\/posts"}],"about":[{"href":"https:\/\/www.europesays.com\/fi\/wp-json\/wp\/v2\/types\/post"}],"author":[{"embeddable":true,"href":"https:\/\/www.europesays.com\/fi\/wp-json\/wp\/v2\/users\/2"}],"replies":[{"embeddable":true,"href":"https:\/\/www.europesays.com\/fi\/wp-json\/wp\/v2\/comments?post=104762"}],"version-history":[{"count":0,"href":"https:\/\/www.europesays.com\/fi\/wp-json\/wp\/v2\/posts\/104762\/revisions"}],"wp:featuredmedia":[{"embeddable":true,"href":"https:\/\/www.europesays.com\/fi\/wp-json\/wp\/v2\/media\/104763"}],"wp:attachment":[{"href":"https:\/\/www.europesays.com\/fi\/wp-json\/wp\/v2\/media?parent=104762"}],"wp:term":[{"taxonomy":"category","embeddable":true,"href":"https:\/\/www.europesays.com\/fi\/wp-json\/wp\/v2\/categories?post=104762"},{"taxonomy":"post_tag","embeddable":true,"href":"https:\/\/www.europesays.com\/fi\/wp-json\/wp\/v2\/tags?post=104762"}],"curies":[{"name":"wp","href":"https:\/\/api.w.org\/{rel}","templated":true}]}}