{"id":104788,"date":"2025-12-01T11:35:09","date_gmt":"2025-12-01T11:35:09","guid":{"rendered":"https:\/\/www.europesays.com\/fi\/104788\/"},"modified":"2025-12-01T11:35:09","modified_gmt":"2025-12-01T11:35:09","slug":"kaksi-oululaista-poliisipartiota-ja-poliisikoira-dino-ovat-mukana-tammikuussa-alkavassa-uutuussarjassa","status":"publish","type":"post","link":"https:\/\/www.europesays.com\/fi\/104788\/","title":{"rendered":"Kaksi oululaista poliisipartiota ja poliisikoira Dino ovat mukana tammikuussa alkavassa uutuussarjassa"},"content":{"rendered":"<p>    <img decoding=\"async\" class=\"responsive-image article__image-image lozad\"   src=\"https:\/\/www.europesays.com\/fi\/wp-content\/uploads\/2025\/12\/cSWnq7aFyGtuFDPYc_MUeaTrpdMxOvz0vZgGPcZb_K6kkQZ9IMnywr7QLqzoGO7M7nLs7qO9sjd0qGYgWKut4Oou6dLGjSB2x1Ct.jpeg\" alt=\"Vanhemmat konstaapelit Tuomas S\u00e4lki\u00f6 ja Ruusa Tiainen ovat virkai\u00e4lt\u00e4\u00e4n Oulun poliisilaitoksen nuorimpia.\"\/><\/p>\n<p>\n                Vanhemmat konstaapelit Tuomas S\u00e4lki\u00f6 ja Ruusa Tiainen ovat virkai\u00e4lt\u00e4\u00e4n Oulun poliisilaitoksen nuorimpia.\n              <\/p>\n<p>\n                Kuva: Paula Tavasti\n              <\/p>\n<p class=\"article__paragraph\">\n      T\u00e4m\u00e4n vuoden aikana televisiokamerat ovat seuranneet kahden Oulun poliisilaitoksen poliisipartion ty\u00f6t\u00e4.\n    <\/p>\n<p class=\"article__paragraph\">\n      Tammikuussa Nelosella alkavassa Poliisit 24\/7-sarjassa ovat mukana vanhemmat konstaapelit Tuomas S\u00e4lki\u00f6 ja Ruusa Tiainen sek\u00e4 ylikonstaapelit Jarmo Makkonen ja Sauli Ylikulju, joiden matkassa kulkee poliisikoira Dino eli Timppa. Oulun lis\u00e4ksi kamerat kuvasivat poliisipartioita Tampereella, Hyvink\u00e4\u00e4ll\u00e4 ja Kuopiossa.\n    <\/p>\n<p class=\"article__paragraph\">\n      Sarjaan osallistuvat kertoivat tiedotteessa ajatuksiaan uutuussarjaan osallistumisesta.\n    <\/p>\n<p class=\"article__paragraph\">\n      Ruusa Tiainen on tullut viime aikoina tutuksi my\u00f6s Oulun poliisin somekanavilta. H\u00e4n on ollut poliisina noin kaksi vuotta. Tiainen kertoo, ett\u00e4 sarjan kuvaaminen ja sarjan tuoma julkisuus j\u00e4nnitt\u00e4v\u00e4t.\n    <\/p>\n<p class=\"article__paragraph\">\n      \u2013\u202fMutta kameroiden l\u00e4sn\u00e4oloon tottui nopeasti, kun kuvaukset k\u00e4ynnistyiv\u00e4t.\n    <\/p>\n<p class=\"article__paragraph\">\n      Pian kuusi vuotta poliisina ty\u00f6skennellyt Tuomas S\u00e4lki\u00f6 halusi mukaan ohjelmaan, jotta saa olla mukana n\u00e4ytt\u00e4m\u00e4ss\u00e4 realistista kuvaa poliisin ty\u00f6st\u00e4.\n    <\/p>\n<p class=\"article__paragraph\">\n      \u2013\u202fKuvauksissa ihmisten kanssa tuli monenlaisia kohtaamisia ja osa oli todella innostuneita, kun huomasivat, ett\u00e4 k\u00e4ynniss\u00e4 oli TV-sarjan kuvaukset, S\u00e4lki\u00f6 sanoo.\n    <\/p>\n<p class=\"article__paragraph\">\n      Jarmo Makkonen ja Sauli Ylikulju ovat kokeneita poliiseja. Ylikuljulla on kokemusta my\u00f6s tv-kuvauksista, sill\u00e4 h\u00e4n oli mukana useammalla kaudella Poliisit-sarjassa.\n    <\/p>\n<p class=\"article__paragraph\">\n      \u2013\u202fKoen poliisin ty\u00f6n merkityksellisen\u00e4 ja t\u00e4rke\u00e4n\u00e4. Televisiosarjan avulla voidaan n\u00e4ytt\u00e4\u00e4 poliisin arkea my\u00f6s muille ja innostaa nuoria hakeutumaan poliisiksi, Ylikulju sanoo.\n    <\/p>\n<p class=\"article__paragraph\">\n      H\u00e4n sai houkuteltua mukaan my\u00f6s Makkosen.\n    <\/p>\n<p class=\"article__paragraph\">\n      \u2013\u202fAika moni tiet\u00e4\u00e4 jo, ett\u00e4 olen poliisi, niin sarjan julkaisua ei auta paljon j\u00e4nnitt\u00e4\u00e4, Makkonen kertoo.\n    <\/p>\n<p class=\"article__paragraph\">\n      Oulun poliisipartion ty\u00f6t\u00e4 on n\u00e4hty televisiossa vuodesta 2010 l\u00e4htien. Poliisip\u00e4\u00e4llikk\u00f6 Mika Heinil\u00e4n kertoo, ett\u00e4 p\u00e4\u00e4t\u00f6s l\u00e4hte\u00e4 mukaan uuteen sarjaan oli helppo, sill\u00e4 n\u00e4kyvyys televisiossa on innostanut monia nuoria hakemaan poliisikoulutukseen.\n    <\/p>\n<p class=\"article__paragraph\">\n      \u2013\u202fOulun poliisilaitos haluaa olla omalta osaltaan mukana tuomassa poliisin arkea n\u00e4kyv\u00e4mm\u00e4ksi. Meill\u00e4 on pitk\u00e4t perinteet jo vanhan Poliisit-sarjan ajalta olla mukana kuvauksissa, joten mietint\u00e4\u00e4 ei tarvinnut tehd\u00e4 pitk\u00e4\u00e4n, kun tieto uuden televisiosarjan tekemisest\u00e4 tuli, Heinil\u00e4 sanoo.\n    <\/p>\n","protected":false},"excerpt":{"rendered":"Vanhemmat konstaapelit Tuomas S\u00e4lki\u00f6 ja Ruusa Tiainen ovat virkai\u00e4lt\u00e4\u00e4n Oulun poliisilaitoksen nuorimpia. Kuva: Paula Tavasti T\u00e4m\u00e4n vuoden aikana&hellip;\n","protected":false},"author":2,"featured_media":104789,"comment_status":"","ping_status":"","sticky":false,"template":"","format":"standard","meta":{"footnotes":""},"categories":[130],"tags":[137,33,31,30,32,109],"class_list":{"0":"post-104788","1":"post","2":"type-post","3":"status-publish","4":"format-standard","5":"has-post-thumbnail","7":"category-viihde","8":"tag-entertainment","9":"tag-fi","10":"tag-finland","11":"tag-finnish","12":"tag-suomi","13":"tag-viihde"},"share_on_mastodon":{"url":"https:\/\/pubeurope.com\/@fi\/115644106444245936","error":""},"_links":{"self":[{"href":"https:\/\/www.europesays.com\/fi\/wp-json\/wp\/v2\/posts\/104788","targetHints":{"allow":["GET"]}}],"collection":[{"href":"https:\/\/www.europesays.com\/fi\/wp-json\/wp\/v2\/posts"}],"about":[{"href":"https:\/\/www.europesays.com\/fi\/wp-json\/wp\/v2\/types\/post"}],"author":[{"embeddable":true,"href":"https:\/\/www.europesays.com\/fi\/wp-json\/wp\/v2\/users\/2"}],"replies":[{"embeddable":true,"href":"https:\/\/www.europesays.com\/fi\/wp-json\/wp\/v2\/comments?post=104788"}],"version-history":[{"count":0,"href":"https:\/\/www.europesays.com\/fi\/wp-json\/wp\/v2\/posts\/104788\/revisions"}],"wp:featuredmedia":[{"embeddable":true,"href":"https:\/\/www.europesays.com\/fi\/wp-json\/wp\/v2\/media\/104789"}],"wp:attachment":[{"href":"https:\/\/www.europesays.com\/fi\/wp-json\/wp\/v2\/media?parent=104788"}],"wp:term":[{"taxonomy":"category","embeddable":true,"href":"https:\/\/www.europesays.com\/fi\/wp-json\/wp\/v2\/categories?post=104788"},{"taxonomy":"post_tag","embeddable":true,"href":"https:\/\/www.europesays.com\/fi\/wp-json\/wp\/v2\/tags?post=104788"}],"curies":[{"name":"wp","href":"https:\/\/api.w.org\/{rel}","templated":true}]}}