{"id":104794,"date":"2025-12-01T11:40:07","date_gmt":"2025-12-01T11:40:07","guid":{"rendered":"https:\/\/www.europesays.com\/fi\/104794\/"},"modified":"2025-12-01T11:40:07","modified_gmt":"2025-12-01T11:40:07","slug":"hurjat-erot-suomen-saassa-tanne-luvataan-pian-jopa-30-astetta","status":"publish","type":"post","link":"https:\/\/www.europesays.com\/fi\/104794\/","title":{"rendered":"Hurjat erot Suomen s\u00e4\u00e4ss\u00e4 &#8211; t\u00e4nne luvataan pian jopa -30 astetta"},"content":{"rendered":"<p class=\"pf0 ai-optimize-9 ai-optimize-introduction\">Joulukuun alkup\u00e4ivin\u00e4 Etel\u00e4-Suomessa jatkuu yh\u00e4 harmaa, leuto ja vetinen s\u00e4\u00e4, kun taas pohjoisessa pakkanen paukkuu ja lumipyry\u00e4kin on odotettavissa. Lapissa voidaan tiistaina rikkoa kuluvan talven pakkasenn\u00e4tys, \u201331,6 astetta, kertoo <a href=\"https:\/\/www.foreca.fi\/meteorologilta\/arg3d8tr\" target=\"_blank\" rel=\"noopener nofollow\">Foreca<\/a>.<\/p>\n<p class=\"pf0 ai-optimize-10\">Maanantain aikana matalapaine sadealueineen liikkuu Suomen yli kohti it\u00e4\u00e4. Lunta pyrytt\u00e4\u00e4 useampi senttimetri varsinkin it\u00e4rajan tuntumaan, Pohjois-Pohjanmaalle ja Etel\u00e4-Lappiin. N\u00e4ill\u00e4 alueilla on syyt\u00e4 varautua huonoon tai jopa eritt\u00e4in huonoon ajokeliin. Maan etel\u00e4- ja keskiosassa lauha s\u00e4\u00e4 jatkuu ja l\u00e4mp\u00f6asteita on useita varsinkin etel\u00e4rannikon tuntumassa.<\/p>\n<p class=\"pf0 ai-optimize-11\">Viimeiset lumi- ja r\u00e4nt\u00e4sateet v\u00e4istyv\u00e4t Pohjois-Pohjanmaalta maanantain k\u00e4\u00e4ntyess\u00e4 tiistaiksi. Samalla pakkanen l\u00e4htee kiristym\u00e4\u00e4n kunnolla varsinkin Lapissa.<\/p>\n<p class=\"pf0 ai-optimize-12\">Ennusteen mukaan tiistaiy\u00f6n aikana Lappi selkenee ja tuulet heikkenev\u00e4t. T\u00e4m\u00e4 johtaa v\u00e4litt\u00f6m\u00e4sti l\u00e4mp\u00f6tilan laskuun. On mahdollista, ett\u00e4 tiistaiaamuna osassa Lappia on jo 30 asteen pakkasia. <\/p>\n<p class=\"pf0 ai-optimize-13\">Forecan mukaan n\u00e4ytt\u00e4\u00e4 silt\u00e4, ett\u00e4 pakkanen voisi iltap\u00e4iv\u00e4n mittaan kiristy\u00e4 viel\u00e4 lis\u00e4\u00e4. T\u00e4h\u00e4n vuodenaikaan hyvin matalasta kulmasta lankeavalla auringons\u00e4teilyll\u00e4 ei ole vaikutusta p\u00e4iv\u00e4l\u00e4mp\u00f6tiloihin, vaan l\u00e4mp\u00f6tila itse asiassa pyrkii maan pinnalla laskemaan aina, jos taivas on selke\u00e4 ja tuuli ei sekoita ilmaa.<\/p>\n<p class=\"pf0 ai-optimize-14\">N\u00e4in ollen kuluvan talven pakkasenn\u00e4tys, \u201331,6 astetta (Enonteki\u00f6 lentoasema 25.11.), voi tiistain aikana menn\u00e4 rikki useammallakin havaintoasemalla Lapissa. Kylmint\u00e4 on Keski- ja Pohjois-Lapin laaksoalueilla.<\/p>\n<p class=\"pf0 ai-optimize-15\">Samaan aikaan etel\u00e4ss\u00e4 elet\u00e4\u00e4n t\u00e4ysin p\u00e4invastaisissa tunnelmissa. L\u00e4mp\u00f6tila on paikoin jopa yli 35 astetta korkeampi kuin Lapissa, ja paksu pilvipeite voi tihuttaa v\u00e4h\u00e4n vett\u00e4. Tiistai-illan kuluessa l\u00e4mp\u00f6tilan nollaraja kohoaa Pohjois-Pohjanmaalle ja v\u00e4hitellen kohti Meri-Lappia.<\/p>\n<p class=\"pf0 ai-optimize-16\">Maan pohjoisosassa kannattaa tiistai-illasta alkaen varautua uuteen, sakeaan lumipyryyn. Lumisade levi\u00e4\u00e4 Per\u00e4merelt\u00e4 my\u00f6h\u00e4\u00e4n iltap\u00e4iv\u00e4ll\u00e4 ja kattaa suuren osan Lappia jo keskiviikkoy\u00f6n aikana. Lunta pyrytt\u00e4\u00e4 laajalti 10 sentti\u00e4, paikoin 15\u201320 cm.<\/p>\n<p class=\"pf0 ai-optimize-17\">Oulun pohjoispuolella ajokeli on petollisen liukas kuuraliukkauden ja lumentulon yhteisvaikutuksesta. Kun lauhempaa ja kosteaa ilmaa virtaa eritt\u00e4in kylmille tienpinnoille, olosuhteet muuttuvat vaarallisen liukkaiksi.<\/p>\n<p class=\"pf0 ai-optimize-18\">Maanantaina aamulla p\u00e4ivitetyn s\u00e4\u00e4ennusteen mukaan kahtiajako s\u00e4\u00e4ss\u00e4 jatkuu tulevana viikonloppunakin, mutta v\u00e4hitellen l\u00e4mp\u00f6tilaerot pohjoisen ja etel\u00e4n v\u00e4lill\u00e4 tasoittuvat. Pilvisess\u00e4 s\u00e4\u00e4tyypiss\u00e4 pakkanen ei p\u00e4\u00e4se pohjoisessa kiristym\u00e4\u00e4n en\u00e4\u00e4 niin voimakkaasti kuin joulukuun ensimm\u00e4isin\u00e4 p\u00e4ivin\u00e4.<\/p>\n<p class=\"pf0 ai-optimize-19\">Loppuviikon aikana l\u00e4mp\u00f6tilan nollaraja on ennusteen mukaan laskeutumassa etel\u00e4mm\u00e4s siten, ett\u00e4 lauantaina itsen\u00e4isyysp\u00e4iv\u00e4n\u00e4 pakkasta voi jo paikoin olla maan keskivaiheillakin. Hajanaiset lumisateet ovat mahdollisia siell\u00e4 t\u00e4\u00e4ll\u00e4, etel\u00e4ss\u00e4 ja l\u00e4nsirannikolla sateet ovat my\u00f6s vett\u00e4 tai r\u00e4nt\u00e4\u00e4.<\/p>\n<p>Poimintoja videosis\u00e4ll\u00f6ist\u00e4mme<\/p>\n<p class=\"pf0 ai-optimize-20\">Talvisempi trendi n\u00e4kyy t\u00e4m\u00e4nhetkisess\u00e4 ennusteessa alkavan sunnuntaina, mutta ennusteessa on viel\u00e4 suurta ep\u00e4varmuutta. Joulukuun toinen viikko voi kuitenkin olla edelt\u00e4j\u00e4\u00e4ns\u00e4 talvisempi varsinkin maan etel\u00e4- ja keskiosassa.<\/p>\n<blockquote class=\"twitter-tweet\" data-width=\"550\" data-dnt=\"true\">\n<p lang=\"fi\" dir=\"ltr\">Suomen sis\u00e4ll\u00e4 on l\u00e4hip\u00e4ivin\u00e4 hurjia l\u00e4mp\u00f6tilaeroja, paikoin jopa yli 30\u201335 astetta. Osassa maata on syyt\u00e4 varautua huonoon tai eritt\u00e4in huonoon ajokeliin: <a href=\"https:\/\/t.co\/JGwBMYYmht\" rel=\"nofollow\">https:\/\/t.co\/JGwBMYYmht<\/a> <a href=\"https:\/\/twitter.com\/hashtag\/forecasuomi?src=hash&amp;ref_src=twsrc%5Etfw\" rel=\"nofollow noopener\" target=\"_blank\">#forecasuomi<\/a> <a href=\"https:\/\/twitter.com\/hashtag\/s%C3%A4%C3%A4?src=hash&amp;ref_src=twsrc%5Etfw\" rel=\"nofollow noopener\" target=\"_blank\">#s\u00e4\u00e4<\/a> <a href=\"https:\/\/twitter.com\/hashtag\/suomi?src=hash&amp;ref_src=twsrc%5Etfw\" rel=\"nofollow noopener\" target=\"_blank\">#suomi<\/a><\/p>\n<p>\u2014 Foreca Suomi (@forecasuomi) <a href=\"https:\/\/twitter.com\/forecasuomi\/status\/1995444941288280145?ref_src=twsrc%5Etfw\" rel=\"nofollow noopener\" target=\"_blank\">December 1, 2025<\/a><\/p>\n<\/blockquote>\n<p>\t\t\t\t<script async src=\"https:\/\/platform.twitter.com\/widgets.js\" charset=\"utf-8\"><\/script><\/p>\n","protected":false},"excerpt":{"rendered":"Joulukuun alkup\u00e4ivin\u00e4 Etel\u00e4-Suomessa jatkuu yh\u00e4 harmaa, leuto ja vetinen s\u00e4\u00e4, kun taas pohjoisessa pakkanen paukkuu ja lumipyry\u00e4kin on&hellip;\n","protected":false},"author":2,"featured_media":104795,"comment_status":"","ping_status":"","sticky":false,"template":"","format":"standard","meta":{"footnotes":""},"categories":[12],"tags":[22,23,26,27,33,31,30,17,24,25,28,29,15,18,21,710,32,19,20,16],"class_list":{"0":"post-104794","1":"post","2":"type-post","3":"status-publish","4":"format-standard","5":"has-post-thumbnail","7":"category-suomi","8":"tag-breaking-news","9":"tag-breakingnews","10":"tag-featured-news","11":"tag-featurednews","12":"tag-fi","13":"tag-finland","14":"tag-finnish","15":"tag-headlines","16":"tag-latest-news","17":"tag-latestnews","18":"tag-main-news","19":"tag-mainnews","20":"tag-news","21":"tag-otsikot","22":"tag-paauutiset","23":"tag-saa","24":"tag-suomi","25":"tag-top-stories","26":"tag-topstories","27":"tag-uutiset"},"share_on_mastodon":{"url":"https:\/\/pubeurope.com\/@fi\/115644126028600445","error":""},"_links":{"self":[{"href":"https:\/\/www.europesays.com\/fi\/wp-json\/wp\/v2\/posts\/104794","targetHints":{"allow":["GET"]}}],"collection":[{"href":"https:\/\/www.europesays.com\/fi\/wp-json\/wp\/v2\/posts"}],"about":[{"href":"https:\/\/www.europesays.com\/fi\/wp-json\/wp\/v2\/types\/post"}],"author":[{"embeddable":true,"href":"https:\/\/www.europesays.com\/fi\/wp-json\/wp\/v2\/users\/2"}],"replies":[{"embeddable":true,"href":"https:\/\/www.europesays.com\/fi\/wp-json\/wp\/v2\/comments?post=104794"}],"version-history":[{"count":0,"href":"https:\/\/www.europesays.com\/fi\/wp-json\/wp\/v2\/posts\/104794\/revisions"}],"wp:featuredmedia":[{"embeddable":true,"href":"https:\/\/www.europesays.com\/fi\/wp-json\/wp\/v2\/media\/104795"}],"wp:attachment":[{"href":"https:\/\/www.europesays.com\/fi\/wp-json\/wp\/v2\/media?parent=104794"}],"wp:term":[{"taxonomy":"category","embeddable":true,"href":"https:\/\/www.europesays.com\/fi\/wp-json\/wp\/v2\/categories?post=104794"},{"taxonomy":"post_tag","embeddable":true,"href":"https:\/\/www.europesays.com\/fi\/wp-json\/wp\/v2\/tags?post=104794"}],"curies":[{"name":"wp","href":"https:\/\/api.w.org\/{rel}","templated":true}]}}