{"id":104798,"date":"2025-12-01T11:53:10","date_gmt":"2025-12-01T11:53:10","guid":{"rendered":"https:\/\/www.europesays.com\/fi\/104798\/"},"modified":"2025-12-01T11:53:10","modified_gmt":"2025-12-01T11:53:10","slug":"lasse-matumbaman-urpalainen-muistelee-akkirikastumistaan","status":"publish","type":"post","link":"https:\/\/www.europesays.com\/fi\/104798\/","title":{"rendered":"Lasse \u201dMATUMBAMAN\u201d Urpalainen muistelee \u00e4kkirikastumistaan:"},"content":{"rendered":"<p>Lasse Urpalainen ei tiennyt mit\u00e4 tehd\u00e4, kun tilille tuli yht\u00e4kki\u00e4 yli miljoona euroa.<\/p>\n<p>Lue tiivistelm\u00e4<\/p>\n<p>Tiivistelm\u00e4 on teko\u00e4lyn tekem\u00e4 ja ihmisen tarkistama.<\/p>\n<p class=\"article-body mb-nof-24 px-nof-16 sndp-summary-bullet-point-font\">Dota 2:n maailmanmestari Lasse Urpalainen kertoo podcastissa, ettei saanut ohjeita raha-asioiden hoitoon tultuaan miljon\u00e4\u00e4riksi.<\/p>\n<p class=\"article-body mb-nof-24 px-nof-16 sndp-summary-bullet-point-font\">Urpalainen harmittelee, ettei kukaan kertonut h\u00e4nelle esimerkiksi indeksirahastoista tai sijoittamisesta.<\/p>\n<p class=\"article-body mb-nof-24 px-nof-16 sndp-summary-bullet-point-font\">H\u00e4n lopetti uransa syksyll\u00e4 2022 ja on sittemmin k\u00e4ynyt armeijan, opiskellut liiketaloutta yliopistossa ja tullut is\u00e4ksi.<\/p>\n<p class=\"article-body mb-nof-24 px-nof-16\">Harvoin uransa aikana esill\u00e4 ollut Dota 2:n maailmanmestari <a class=\"article-personlink\" href=\"https:\/\/www.is.fi\/haku\/?query=Lasse%20%E2%80%9DMATUMBAMAN%E2%80%9D%20Urpalainen\" rel=\"nofollow noopener\" target=\"_blank\">Lasse \u201dMATUMBAMAN\u201d Urpalainen<\/a>, 30, vieraili <a class=\"article-personlink\" href=\"https:\/\/www.is.fi\/haku\/?query=Maurice%20%E2%80%9DKheZu%E2%80%9D%20Gutmannille\" rel=\"nofollow noopener\" target=\"_blank\">Maurice \u201dKheZu\u201d Gutmannille<\/a> vet\u00e4m\u00e4ss\u00e4 Unspoken-<a class=\"article-genericlink\" href=\"https:\/\/www.youtube.com\/watch?v=4u-gB-pa_a0\" rel=\"nofollow noopener\" target=\"_blank\">podcastissa<\/a>.<\/p>\n<p class=\"article-body mb-nof-24 px-nof-16\">Vuoden 2017 maailmanmestari ja uransa syksyll\u00e4 2022 p\u00e4\u00e4tt\u00e4nyt Urpalainen kertoi Gutmannille muun muassa \u00e4kkirikastumistaan: maailmanmestaruus toi h\u00e4nelle noin 1,8 miljoonan euron tilin.<\/p>\n<p class=\"article-body mb-nof-24 px-nof-16\">Urpalainen tienasi urallaan palkintorahoina lopulta yli nelj\u00e4 miljoonaa euroa. 30-vuotias totesi, ettei rahanteon maksimointi ollut ikin\u00e4 h\u00e4nen uransa p\u00e4\u00e4m\u00e4\u00e4r\u00e4.<\/p>\n<p class=\"article-body mb-nof-24 px-nof-16\">\u2013 Kun minusta tuli miljon\u00e4\u00e4ri vuoden 2017 TI-voiton j\u00e4lkeen, ostin asunnon seuraavana vuonna. Se oli varmaan fiksua. Nykyp\u00e4iv\u00e4n\u00e4 vihaan sijoittaa seiniin, koska se on tyhmint\u00e4, mit\u00e4 voit mahdollisesti tehd\u00e4 rahoillasi. Sijoittaisin mieluummin osakkeisiin.<\/p>\n<p class=\"article-body mb-nof-24 px-nof-16\">Suomalaislegenda oli ennen maailmanmestaruuttaan tienannut jo merkitt\u00e4vi\u00e4 summia, mutta l\u00e4hes kahden miljoonan euron potti yhdest\u00e4 turnauksesta mullisti h\u00e4nen el\u00e4m\u00e4ns\u00e4. Urpalainen harmitteli podcastissa, ettei saanut tuoreeltaan vinkkej\u00e4 raha-asioiden hallintaan.<\/p>\n<p class=\"article-body mb-nof-24 px-nof-16\">\u2013 Kukaan ei oikein takonut p\u00e4\u00e4h\u00e4ni, miten rahat pit\u00e4isi laittaa t\u00f6ihin eli kuinka saada ne tuottamaan. Ihmiset sanoivat, ett\u00e4 pit\u00e4isi sijoittaa ja n\u00e4in, mutta kukaan ei istuttanut minua alas ja sanonut, miten.<\/p>\n<p class=\"article-body mb-nof-24 px-nof-16\">\u2013 Olin tyyliin 22-vuotias ja yht\u00e4kki\u00e4 miljon\u00e4\u00e4ri. Se oli typer\u00e4\u00e4, todella typer\u00e4\u00e4. Toisin kuin nyt, toivon, ett\u00e4 silloin joku olisi istuttanut minut alas ja sanonut: \u201doletko kuullut n\u00e4ist\u00e4 upeista indeksirahastoista?\u201d. Sit\u00e4 olisin tarvinnut silloin.<\/p>\n<p class=\"article-body mb-nof-24 px-nof-16\">Urpalainen paljasti sijoittaneensa osan voittorahoistaan, mutta ei kuulemma riitt\u00e4v\u00e4sti. H\u00e4n kertoi nuorempana pel\u00e4nneens\u00e4.<\/p>\n<p><img decoding=\"async\" src=\"https:\/\/www.europesays.com\/fi\/wp-content\/uploads\/2025\/12\/1764589990_910_468.jpg\" alt=\"Urpalainen p\u00e4\u00e4tti uransa MM-pronssiin syksyll\u00e4 2022.\" class=\"_Img_1rerz_1\" style=\"aspect-ratio:1.7777777777777777\" loading=\"eager\"\/><\/p>\n<p class=\"article-picture-caption\">Urpalainen p\u00e4\u00e4tti uransa MM-pronssiin syksyll\u00e4 2022. Kuva:\u00a0Fabrizio Belardetti \/ Valve<\/p>\n<p class=\"article-body mb-nof-24 px-nof-16\">Lue lis\u00e4\u00e4: <a class=\"article-genericlink\" href=\"https:\/\/www.is.fi\/digitoday\/esports\/art-2000009168316.html\" rel=\"nofollow noopener\" target=\"_blank\">Lasse Urpalainen, 27, joutui valitsemaan kodin ja pelaamisen v\u00e4lill\u00e4 \u2013 lopetti uransa moni\u00admiljon\u00e4\u00e4rin\u00e4<\/a><\/p>\n<p class=\"article-body mb-nof-24 px-nof-16\">Urpalainen kertoi Gutmannille my\u00f6s kuulumisiaan Dota-uransa j\u00e4lkeiselt\u00e4 ajalta.<\/p>\n<p class=\"article-body mb-nof-24 px-nof-16\">H\u00e4n l\u00e4hti vain pari kuukautta lopettamisensa j\u00e4lkeen armeijaan vuoden 2023 alussa. Sen j\u00e4lkeen h\u00e4n osti asunnon ja remontoi sen kauttaaltaan. Remontin j\u00e4lkeen iski tyhjyys, joten h\u00e4n l\u00e4hti yliopistoon opiskelemaan liiketaloutta.<\/p>\n<p class=\"article-body mb-nof-24 px-nof-16\">\u2013 Minusta tuli hiljattain my\u00f6s is\u00e4. Minulla on k\u00e4det t\u00e4ynn\u00e4 kolmikuukautisen vauvan kanssa kotona. Siksi kuulostan niin v\u00e4syneelt\u00e4, Urpalainen kertoi Gutmannille.<\/p>\n<p class=\"article-body mb-nof-24 px-nof-16\">Keskustelu siirtyi nopeasti Urpalaisen lopettamisp\u00e4\u00e4t\u00f6kseen. H\u00e4n p\u00e4\u00e4tti uransa MM-pronssiin ja oli tuolloin yh\u00e4 yksi pelin suurimmista t\u00e4hdist\u00e4. Urpalainen piti p\u00e4\u00e4t\u00f6st\u00e4\u00e4n yh\u00e4 hyv\u00e4n\u00e4 ja oikein ajoitettuna.<\/p>\n<p class=\"article-body mb-nof-24 px-nof-16\">\u2013 Minulla ei ollut viimeisen\u00e4 vuotenani paljon motivaatiota, paitsi lopussa, koska en halunnut lopettaa huonolla tavalla. Puhuin jo vuonna 2018 lopettamisesta silloisen managerini kanssa.<\/p>\n<p class=\"article-body mb-nof-24 px-nof-16\">Suomen kaikkien aikojen menestyneimpiin kilpapelaajiin lukeutuva Urpalainen voitti urallaan maailmanmestaruuden (2017), kaksi MM-pronssia (2021, 2022) sek\u00e4 k\u00e4yt\u00e4nn\u00f6ss\u00e4 kaikki merkitt\u00e4v\u00e4t turnaukset MM-kisojen ulkopuolella.<\/p>\n<p class=\"article-body mb-nof-24 px-nof-16\">H\u00e4net muistetaan Team Liquidin lis\u00e4ksi Team Secretist\u00e4. Liquidin 9,1 miljoonan euron voittosumma The International 2017:st\u00e4 oli tuolloin esportsin enn\u00e4tys.<\/p>\n","protected":false},"excerpt":{"rendered":"Lasse Urpalainen ei tiennyt mit\u00e4 tehd\u00e4, kun tilille tuli yht\u00e4kki\u00e4 yli miljoona euroa. Lue tiivistelm\u00e4 Tiivistelm\u00e4 on teko\u00e4lyn&hellip;\n","protected":false},"author":2,"featured_media":104799,"comment_status":"","ping_status":"","sticky":false,"template":"","format":"standard","meta":{"footnotes":""},"categories":[136],"tags":[407,137,33,31,30,34,408,32,109],"class_list":{"0":"post-104798","1":"post","2":"type-post","3":"status-publish","4":"format-standard","5":"has-post-thumbnail","7":"category-julkkikset","8":"tag-celebrities","9":"tag-entertainment","10":"tag-fi","11":"tag-finland","12":"tag-finnish","13":"tag-ilta-sanomat","14":"tag-julkkikset","15":"tag-suomi","16":"tag-viihde"},"share_on_mastodon":{"url":"https:\/\/pubeurope.com\/@fi\/115644177157472542","error":""},"_links":{"self":[{"href":"https:\/\/www.europesays.com\/fi\/wp-json\/wp\/v2\/posts\/104798","targetHints":{"allow":["GET"]}}],"collection":[{"href":"https:\/\/www.europesays.com\/fi\/wp-json\/wp\/v2\/posts"}],"about":[{"href":"https:\/\/www.europesays.com\/fi\/wp-json\/wp\/v2\/types\/post"}],"author":[{"embeddable":true,"href":"https:\/\/www.europesays.com\/fi\/wp-json\/wp\/v2\/users\/2"}],"replies":[{"embeddable":true,"href":"https:\/\/www.europesays.com\/fi\/wp-json\/wp\/v2\/comments?post=104798"}],"version-history":[{"count":0,"href":"https:\/\/www.europesays.com\/fi\/wp-json\/wp\/v2\/posts\/104798\/revisions"}],"wp:featuredmedia":[{"embeddable":true,"href":"https:\/\/www.europesays.com\/fi\/wp-json\/wp\/v2\/media\/104799"}],"wp:attachment":[{"href":"https:\/\/www.europesays.com\/fi\/wp-json\/wp\/v2\/media?parent=104798"}],"wp:term":[{"taxonomy":"category","embeddable":true,"href":"https:\/\/www.europesays.com\/fi\/wp-json\/wp\/v2\/categories?post=104798"},{"taxonomy":"post_tag","embeddable":true,"href":"https:\/\/www.europesays.com\/fi\/wp-json\/wp\/v2\/tags?post=104798"}],"curies":[{"name":"wp","href":"https:\/\/api.w.org\/{rel}","templated":true}]}}