{"id":104800,"date":"2025-12-01T11:56:10","date_gmt":"2025-12-01T11:56:10","guid":{"rendered":"https:\/\/www.europesays.com\/fi\/104800\/"},"modified":"2025-12-01T11:56:10","modified_gmt":"2025-12-01T11:56:10","slug":"ennennakematon-tosi-tv-tulee-suomeen-joulukuuksi-paatahdet-yllattavat","status":"publish","type":"post","link":"https:\/\/www.europesays.com\/fi\/104800\/","title":{"rendered":"Ennenn\u00e4kem\u00e4t\u00f6n tosi-tv tulee Suomeen joulukuuksi \u2013 P\u00e4\u00e4t\u00e4hdet yll\u00e4tt\u00e4v\u00e4t"},"content":{"rendered":"<p>Seppo, Kaija ja Paula -porojen liikkumista voi seurata joulukuun ajan antenniverkon kanavapaikalta 24.<\/p>\n<p><img decoding=\"async\" class=\"image image-show image-preview\" src=\"https:\/\/www.europesays.com\/fi\/wp-content\/uploads\/2025\/12\/2b4546af770ab2c10af53f51f266e17ec897dfde81b194c7e8f6b7fb8c2e4eca.jpg\" alt=\"\"\/><img decoding=\"async\" class=\"image image-show\" src=\"https:\/\/www.europesays.com\/fi\/wp-content\/uploads\/2025\/12\/1764590170_424_2b4546af770ab2c10af53f51f266e17ec897dfde81b194c7e8f6b7fb8c2e4eca.jpg\" alt=\"\"\/><\/p>\n<p>Porot t\u00e4hditt\u00e4v\u00e4t uutta tosi-tv:t\u00e4. Kuvituskuva. Tiina Somerpuro<\/p>\n<p class=\"paragraph\">Suomi saa uuden tosi-tv:n joulukuun ajaksi. Asiasta tiedottaneen Digitan mukaan ohjelmassa seurataan kolmen poron liikkumista Lapin tuntureilla. Samalla n\u00e4ytet\u00e4\u00e4n kuvaa Nuuksion Poropuistosta. Tosi-tv:t\u00e4 t\u00e4hditt\u00e4v\u00e4t porot ovat nimelt\u00e4\u00e4n Seppo, Kaija ja Paula.<\/p>\n<p class=\"paragraph\">Poroja voi seurata joko televisiosta antenniverkon kanavapaikalta 24 tai <a href=\"https:\/\/www.youtube.com\/watch?v=H4XjsHEikMc\" rel=\"noopener nofollow\" target=\"_blank\">Youtuben l\u00e4hetyksest\u00e4<\/a>. L\u00e4hetys alkoi 1.12. kello 11 ja p\u00e4\u00e4ttyy jouluaattona ennen joulurauhan julistusta.<\/p>\n<p class=\"paragraph\">Mik\u00e4li upotus ei n\u00e4y, voit katsoa sen my\u00f6s <a href=\"https:\/\/www.youtube.com\/live\/H4XjsHEikMc?si=OxJ8bE-S0ti6qKBe\" target=\"_blank\" rel=\"noopener nofollow\">t\u00e4\u00e4lt\u00e4<\/a>.<\/p>\n<p class=\"paragraph\">Ohjelman toimittaa Digita, joka toteutti aiemmin betonin kuivumista seuraavan Betoniliven. Mukana on my\u00f6s porojen seurantasovelluksen kehitt\u00e4nyt Ranniot-yritys.<\/p>\n<p class=\"paragraph\">\u2013 Koko perhe voi yhdess\u00e4 seurata porojen matkaa ja arvuutella, kuka heist\u00e4 lopulta kulkee pisimm\u00e4n matkan ja p\u00e4\u00e4see kenties joulupukin reen vet\u00e4j\u00e4ksi. Samalla taitaa viimein selvit\u00e4 paljonko se kuuluisa \u201dporonkusema\u201d oikeasti onkaan, Digitan IoT-liiketoiminnan johtaja <strong>Tuomas Kolkka<\/strong> kertoo Digitan tiedotteessa.<\/p>\n<p class=\"paragraph\">Televisiosta Porolive\u00e4 seuraavat joutuvat hakemaan kanavat uudelleen. Ohjeet kanavien viritykseen l\u00f6yd\u00e4t esimerkiksi <a href=\"https:\/\/www.digita.fi\/antennitv\/vapaat-kanavat-ja-vastaanotto\/hyodyllista-tietoa-tvsta\/tv-kanavahaku\/\" target=\"_blank\" rel=\"noopener nofollow\">Digitan sivuilta<\/a>.<\/p>\n<p class=\"paragraph\">Juttua p\u00e4ivitetty 1.12. klo 12.28: Lis\u00e4tty tieto Nuuksion Poropuistosta.<\/p>\n","protected":false},"excerpt":{"rendered":"Seppo, Kaija ja Paula -porojen liikkumista voi seurata joulukuun ajan antenniverkon kanavapaikalta 24. Porot t\u00e4hditt\u00e4v\u00e4t uutta tosi-tv:t\u00e4. Kuvituskuva.&hellip;\n","protected":false},"author":2,"featured_media":104801,"comment_status":"","ping_status":"","sticky":false,"template":"","format":"standard","meta":{"footnotes":""},"categories":[133],"tags":[35,153,137,33,31,30,1616,979,32,206,140,139,156,109],"class_list":{"0":"post-104800","1":"post","2":"type-post","3":"status-publish","4":"format-standard","5":"has-post-thumbnail","7":"category-televisiot","8":"tag-24h","9":"tag-audiovisuaalinen-media","10":"tag-entertainment","11":"tag-fi","12":"tag-finland","13":"tag-finnish","14":"tag-media-viestinta","15":"tag-sahkoinen-media","16":"tag-suomi","17":"tag-televisiot","18":"tag-tv-ja-elokuvat","19":"tag-tv-ohjelmat","20":"tag-tv","21":"tag-viihde"},"share_on_mastodon":{"url":"https:\/\/pubeurope.com\/@fi\/115644188935809512","error":""},"_links":{"self":[{"href":"https:\/\/www.europesays.com\/fi\/wp-json\/wp\/v2\/posts\/104800","targetHints":{"allow":["GET"]}}],"collection":[{"href":"https:\/\/www.europesays.com\/fi\/wp-json\/wp\/v2\/posts"}],"about":[{"href":"https:\/\/www.europesays.com\/fi\/wp-json\/wp\/v2\/types\/post"}],"author":[{"embeddable":true,"href":"https:\/\/www.europesays.com\/fi\/wp-json\/wp\/v2\/users\/2"}],"replies":[{"embeddable":true,"href":"https:\/\/www.europesays.com\/fi\/wp-json\/wp\/v2\/comments?post=104800"}],"version-history":[{"count":0,"href":"https:\/\/www.europesays.com\/fi\/wp-json\/wp\/v2\/posts\/104800\/revisions"}],"wp:featuredmedia":[{"embeddable":true,"href":"https:\/\/www.europesays.com\/fi\/wp-json\/wp\/v2\/media\/104801"}],"wp:attachment":[{"href":"https:\/\/www.europesays.com\/fi\/wp-json\/wp\/v2\/media?parent=104800"}],"wp:term":[{"taxonomy":"category","embeddable":true,"href":"https:\/\/www.europesays.com\/fi\/wp-json\/wp\/v2\/categories?post=104800"},{"taxonomy":"post_tag","embeddable":true,"href":"https:\/\/www.europesays.com\/fi\/wp-json\/wp\/v2\/tags?post=104800"}],"curies":[{"name":"wp","href":"https:\/\/api.w.org\/{rel}","templated":true}]}}