{"id":104811,"date":"2025-12-01T12:05:08","date_gmt":"2025-12-01T12:05:08","guid":{"rendered":"https:\/\/www.europesays.com\/fi\/104811\/"},"modified":"2025-12-01T12:05:08","modified_gmt":"2025-12-01T12:05:08","slug":"suomi-ei-saavuta-ser-keraysastetta-eu-langettamassa-jopa-175-miljoonan-euron-sakon","status":"publish","type":"post","link":"https:\/\/www.europesays.com\/fi\/104811\/","title":{"rendered":"Suomi ei saavuta SER-ker\u00e4ysastetta \u2013 EU langettamassa jopa 175 miljoonan euron sakon"},"content":{"rendered":"<p>S\u00e4hk\u00f6- ja elektroniikkalaiteromun ker\u00e4ysaste on Suomessa 46 prosenttia, kun EU:n asettama tavoite on 65 prosenttia. K\u00e4yt\u00f6st\u00e4 poistuneita se-laitteita ker\u00e4t\u00e4\u00e4n vuosittain Suomessa noin 74 000 tonnia, mutta tilastojen valossa saman verran laitteita j\u00e4\u00e4 ker\u00e4\u00e4m\u00e4tt\u00e4.<\/p>\n<p>Komissio ehdottaa ratkaisuksi omavaramaksua, jonka suuruus voisi olla Suomelle jopa 175 miljoonaa euroa vuodessa. Maksun on tarkoitus kannustaa j\u00e4senvaltioita tehostamaan laitteiden ker\u00e4yst\u00e4, ja se tulee maksettavaksi, jos parlamentti hyv\u00e4ksyy komission ehdotuksen. Toisena keinona komissio ehdottaa, ett\u00e4 kuluttajille maksettaisiin s\u00e4hk\u00f6- ja elektroniikkalaitteiden palauttamisesta ker\u00e4yspisteelle.<\/p>\n<p>S\u00e4hk\u00f6laitteiden ker\u00e4yksest\u00e4 ja kierr\u00e4tyksest\u00e4 vastaavat tuottajayhteis\u00f6t suhtautuvat EU:n komission keinoihin kriittisesti.<\/p>\n<p>\u201cVaikka ker\u00e4isimme laitteita ihmisten kotiovilta, emme silti saavuta ker\u00e4ysastetta sen nykyisell\u00e4 laskentatavalla. Jos komissio odottaa, ett\u00e4 j\u00e4senmaat saavuttavat tavoitellun ker\u00e4ysasteen, sen laskentatapaa t\u00e4ytyy muuttaa\u201d, sanoo palveluyhti\u00f6 Elker Oy:n toimitusjohtaja <strong>Tuomas R\u00e4s\u00e4nen<\/strong>.<\/p>\n<p>\u201cT\u00e4m\u00e4 edellytt\u00e4\u00e4 EU-j\u00e4senmailta yhteist\u00e4 kannanottoa laskentatavan muutostarpeesta, sill\u00e4 sama ker\u00e4ysasteen v\u00e4\u00e4ristym\u00e4 koskee useimpia j\u00e4senmaita, jotka eiv\u00e4t yll\u00e4 asetettuun ker\u00e4ysasteeseen.\u201d<\/p>\n<p>Se-laitteet kiert\u00e4v\u00e4t Suomessa tehokkaasti<\/p>\n<p>Se-laitteiden ker\u00e4ysaste lasketaan vertaamalla ker\u00e4ykseen palautettujen laitteiden m\u00e4\u00e4r\u00e4\u00e4 kolmen edellisen vuoden aikana markkinoille toimitettujen laitteiden m\u00e4\u00e4r\u00e4\u00e4n. Moni seikka kuitenkin v\u00e4\u00e4rist\u00e4\u00e4 laskennan lopputulosta. Todellisuudessa se-laitteet kiert\u00e4v\u00e4t Suomessa tehokkaasti, mutta iso osa ei p\u00e4\u00e4dy virallisiin tilastoihin.<\/p>\n<p>Viime vuosina on esimerkiksi otettu k\u00e4ytt\u00f6\u00f6n paljon uutta, painavaa teknologiaa, kuten aurinkopaneeleja ja ilmal\u00e4mp\u00f6pumppuja, jotka eiv\u00e4t korvaa aikaisemmin k\u00e4yt\u00f6ss\u00e4 olleita tuotteita. Ne palautuvat ker\u00e4yspisteille vasta vuosikymmenien kuluttua, mutta vet\u00e4v\u00e4t ker\u00e4ysastetta alas t\u00e4ll\u00e4 hetkell\u00e4. My\u00f6sk\u00e4\u00e4n ulkomaille viet\u00e4v\u00e4t k\u00e4ytetyt laitteet, kuten s\u00e4hk\u00f6potkulaudat kauden p\u00e4\u00e4tteeksi, ja purettuina kierr\u00e4tykseen p\u00e4\u00e4tyv\u00e4t laitteet eiv\u00e4t tilastoidu Suomessa.<\/p>\n<p>\u201cTuntuu kohtuuttomalta, ett\u00e4 Suomea rankaistaisiin sellaisten tuotteiden ker\u00e4\u00e4m\u00e4tt\u00f6myydest\u00e4, joita ei todellisuudessa ole voinut ker\u00e4t\u00e4\u201d, R\u00e4s\u00e4nen summaa.<\/p>\n<p>R\u00e4s\u00e4sen mukaan SER-ker\u00e4ysj\u00e4rjestelm\u00e4 toimii Suomessa p\u00e4\u00e4piirteitt\u00e4in hyvin, mutta kehitt\u00e4misty\u00f6 on jatkuvaa. <\/p>\n<p>\u201cSekaj\u00e4tteeseen p\u00e4\u00e4tyy viel\u00e4 jonkin verran erityisesti pieni\u00e4 laitteita, ja kauppojen ker\u00e4yspisteet eiv\u00e4t ole kaikille tuttuja. K\u00e4yt\u00f6st\u00e4 poistuneiden s\u00e4hk\u00f6laitteiden palautus on kuluttajalle aina maksutonta, ja meid\u00e4n teht\u00e4v\u00e4mme on tehd\u00e4 t\u00e4m\u00e4 viel\u00e4 n\u00e4kyv\u00e4mm\u00e4ksi. Ker\u00e4yst\u00e4 tehostamalla emme kuitenkaan saavuta ker\u00e4ysastetta l\u00e4hivuosina\u201d, R\u00e4s\u00e4nen toteaa.<\/p>\n","protected":false},"excerpt":{"rendered":"S\u00e4hk\u00f6- ja elektroniikkalaiteromun ker\u00e4ysaste on Suomessa 46 prosenttia, kun EU:n asettama tavoite on 65 prosenttia. K\u00e4yt\u00f6st\u00e4 poistuneita se-laitteita&hellip;\n","protected":false},"author":2,"featured_media":104812,"comment_status":"","ping_status":"","sticky":false,"template":"","format":"standard","meta":{"footnotes":""},"categories":[76],"tags":[79,77,33,31,30,32,78],"class_list":{"0":"post-104811","1":"post","2":"type-post","3":"status-publish","4":"format-standard","5":"has-post-thumbnail","7":"category-talous","8":"tag-business","9":"tag-economy","10":"tag-fi","11":"tag-finland","12":"tag-finnish","13":"tag-suomi","14":"tag-talous"},"share_on_mastodon":{"url":"https:\/\/pubeurope.com\/@fi\/115644224376732138","error":""},"_links":{"self":[{"href":"https:\/\/www.europesays.com\/fi\/wp-json\/wp\/v2\/posts\/104811","targetHints":{"allow":["GET"]}}],"collection":[{"href":"https:\/\/www.europesays.com\/fi\/wp-json\/wp\/v2\/posts"}],"about":[{"href":"https:\/\/www.europesays.com\/fi\/wp-json\/wp\/v2\/types\/post"}],"author":[{"embeddable":true,"href":"https:\/\/www.europesays.com\/fi\/wp-json\/wp\/v2\/users\/2"}],"replies":[{"embeddable":true,"href":"https:\/\/www.europesays.com\/fi\/wp-json\/wp\/v2\/comments?post=104811"}],"version-history":[{"count":0,"href":"https:\/\/www.europesays.com\/fi\/wp-json\/wp\/v2\/posts\/104811\/revisions"}],"wp:featuredmedia":[{"embeddable":true,"href":"https:\/\/www.europesays.com\/fi\/wp-json\/wp\/v2\/media\/104812"}],"wp:attachment":[{"href":"https:\/\/www.europesays.com\/fi\/wp-json\/wp\/v2\/media?parent=104811"}],"wp:term":[{"taxonomy":"category","embeddable":true,"href":"https:\/\/www.europesays.com\/fi\/wp-json\/wp\/v2\/categories?post=104811"},{"taxonomy":"post_tag","embeddable":true,"href":"https:\/\/www.europesays.com\/fi\/wp-json\/wp\/v2\/tags?post=104811"}],"curies":[{"name":"wp","href":"https:\/\/api.w.org\/{rel}","templated":true}]}}