{"id":104813,"date":"2025-12-01T12:06:10","date_gmt":"2025-12-01T12:06:10","guid":{"rendered":"https:\/\/www.europesays.com\/fi\/104813\/"},"modified":"2025-12-01T12:06:10","modified_gmt":"2025-12-01T12:06:10","slug":"kahden-syklonin-aiheuttamat-tulvat-surmanneet-yli-1-000-ihmista-aasiassa","status":"publish","type":"post","link":"https:\/\/www.europesays.com\/fi\/104813\/","title":{"rendered":"Kahden syklonin aiheuttamat tulvat surmanneet yli 1\u202f000 ihmist\u00e4 Aasiassa"},"content":{"rendered":"<p>Vaikeat s\u00e4\u00e4olosuhteet ovat koetelleet useita Aasian maita viime kuukausina. Viime p\u00e4ivien tulvat ovat kahden syklonin aiheuttamia.<\/p>\n<p>Tulvien seurauksia on n\u00e4ht\u00e4viss\u00e4 viime viikolla julkaistulla videolla. Tuolloin kuolonuhrien m\u00e4\u00e4r\u00e4 oli viel\u00e4 huomattavasti v\u00e4h\u00e4isempi.<\/p>\n<p>Lue tiivistelm\u00e4<\/p>\n<p>Tiivistelm\u00e4 on teko\u00e4lyn tekem\u00e4 ja ihmisen tarkistama.<\/p>\n<p class=\"article-body mb-nof-24 px-nof-16 sndp-summary-bullet-point-font\">Yli 1\u202f000 ihmist\u00e4 on kuollut ja satoja on kateissa useissa Aasian maissa kahden syklonin aiheuttamien tulvien ja maanvy\u00f6ryjen seurauksena.<\/p>\n<p class=\"article-body mb-nof-24 px-nof-16 sndp-summary-bullet-point-font\">Indonesiassa, Malesiassa ja Thaimaassa tulvat johtuvat Senyari-syklonista, Sri Lankassa puolestaan Ditwah-syklonin tuomista rankkasateista.<\/p>\n<p class=\"article-body mb-nof-24 px-nof-16 sndp-summary-bullet-point-font\">Indonesiassa kuolleita on 502, Thaimaassa 176 ja Sri Lankassa 355.<\/p>\n<p class=\"article-body mb-nof-24 px-nof-16 sndp-summary-bullet-point-font\">Tutkijat varoittavat \u00e4\u00e4rimm\u00e4isten s\u00e4\u00e4olosuhteiden yleistyv\u00e4n ilmastonmuutoksen edetess\u00e4 erityisesti Kaakkois-Aasiassa.<\/p>\n<p class=\"article-body mb-nof-24 px-nof-16\">Yli 1\u202f000 ihmist\u00e4 on kuollut ja satoja on edelleen kateissa useissa Aasian maissa kahden syklonin aiheuttamien tulvien ja maanvy\u00f6ryjen seurauksena. Asiasta uutisoivat muun muassa Reuters, <a class=\"article-genericlink\" href=\"https:\/\/edition.cnn.com\/2025\/11\/30\/asia\/flooding-senyar-ditwah-indonesia-malaysia-thailand-intl-hnk\" rel=\"nofollow noopener\" target=\"_blank\">CNN<\/a> ja <a class=\"article-genericlink\" href=\"https:\/\/www.bbc.com\/news\/live\/c4gke4zz55mt\" rel=\"nofollow noopener\" target=\"_blank\">BBC<\/a>.<\/p>\n<p class=\"article-body mb-nof-24 px-nof-16\">Indonesiassa, Malesiassa ja Thaimaassa tulvat ovat seurausta harvinaisesta trooppisesta myrskyst\u00e4, sykloni Senyarista, joka kehittyi viime viikolla Indonesian Sumatran saarta ja Malesiaa toisistaan erottavalla Malakansalmella.<\/p>\n<p class=\"article-body mb-nof-24 px-nof-16\">Sri Lankassa puolestaan tulvii toisen, nyt Intian etel\u00e4rannikkoa l\u00e4hestyv\u00e4n myrskyn vuoksi.<\/p>\n<p class=\"article-body mb-nof-24 px-nof-16\">Indonesiassa tulvat ovat koetelleet kolmea provinssia Sumatralla. Paikalliset viranomaiset kertoivat maanantaina, ett\u00e4 vahvistettujen kuolonuhrien m\u00e4\u00e4r\u00e4 oli 502.<\/p>\n<p class=\"article-body mb-nof-24 px-nof-16\">Kateissa oli maanantaina edelleen 508 ihmist\u00e4. Loukkaantuneita on noin 2\u202f500.<\/p>\n<p><img decoding=\"async\" src=\"https:\/\/www.europesays.com\/fi\/wp-content\/uploads\/2025\/12\/1764590769_398_468.jpg\" alt=\"Tulvat ovat koetelleet kolmea provinssia Indonesian Sumatran saarella.\" class=\"_Img_1rerz_1\" style=\"aspect-ratio:1.5011727912431587\" loading=\"eager\"\/><\/p>\n<p class=\"article-picture-caption\">Tulvat ovat koetelleet kolmea provinssia Indonesian Sumatran saarella. Kuva:\u00a0Willy Kurniawan \/ Reuters<\/p>\n<p class=\"article-body mb-nof-24 px-nof-16\">Indonesian katastrofiviraston mukaan yli 28\u202f000 kotia on vaurioitunut ja myrskyn seuraukset vaikuttavat tavalla tai toisella 1,4 miljoonaan ihmiseen.<\/p>\n<p class=\"article-body mb-nof-24 px-nof-16\">\u2013 On edelleen teit\u00e4, jotka ovat poikki, mutta teemme kaikkemme voittaaksemme vaikeudet. Kohtaamme t\u00e4m\u00e4n katastrofin resilienssill\u00e4 ja solidaarisuudella. Kansakuntamme on juuri nyt vahva ja kykenee p\u00e4\u00e4sem\u00e4\u00e4n t\u00e4st\u00e4 yli, sanoi Indonesian presidentti <a class=\"article-personlink\" href=\"https:\/\/www.is.fi\/haku\/?query=Prabowo%20Subianto\" rel=\"nofollow noopener\" target=\"_blank\">Prabowo Subianto<\/a> maanantaina vieraillessaan Sumatran tuhoalueilla.<\/p>\n<p><img decoding=\"async\" src=\"https:\/\/www.europesays.com\/fi\/wp-content\/uploads\/2025\/12\/1764590769_914_468.jpg\" alt=\"Asukkaat tarkastelivat tulvan aiheuttamia tuhoja Sumatralla sijaitsevalla Meureudun alueella maanantaina.\" class=\"_Img_1rerz_1\" style=\"aspect-ratio:1.5\" loading=\"eager\"\/><\/p>\n<p class=\"article-picture-caption\">Asukkaat tarkastelivat tulvan aiheuttamia tuhoja Sumatralla sijaitsevalla Meureudun alueella maanantaina. Kuva:\u00a0HOTLI SIMANJUNTAK \/ EPA<\/p>\n<p class=\"article-body mb-nof-24 px-nof-16\">Thaimaassa kuolleita on ainakin 176. Tulvista on k\u00e4rsinyt noin kolme miljoonaa ihmist\u00e4 kahdeksan etel\u00e4isen provinssin alueella.<\/p>\n<p class=\"article-body mb-nof-24 px-nof-16\">Niiden vuoksi maan armeija on joutunut evakuoimaan sairaaloista kriittisess\u00e4 tilassa olevia potilaita. Ihmisi\u00e4 on j\u00e4\u00e4nyt p\u00e4iv\u00e4kausiksi tulvavesien saartamiksi.<\/p>\n<p class=\"article-body mb-nof-24 px-nof-16\">Pahimmillaan tilanne on Songkhlan provinssissa, jossa surmansa on saanut 138 ihmist\u00e4. Alueen suurimmassa kaupungissa Hat Yaissa satoi reilu viikko sitten yhden vuorokauden aikana per\u00e4ti 335 millimetri\u00e4 vett\u00e4, mik\u00e4 on suurin yksitt\u00e4isen p\u00e4iv\u00e4n sadem\u00e4\u00e4r\u00e4 300 vuoteen.<\/p>\n<p><img decoding=\"async\" src=\"https:\/\/www.europesays.com\/fi\/wp-content\/uploads\/2025\/12\/1764590770_969_468.jpg\" alt=\"Hat Yain kaupungissa satoi yhden vuorokauden aikana enemm\u00e4n vett\u00e4 kuin kertaakaan 300 vuoteen.\" class=\"_Img_1rerz_1\" style=\"aspect-ratio:1.5\" loading=\"eager\"\/><\/p>\n<p class=\"article-picture-caption\">Hat Yain kaupungissa satoi yhden vuorokauden aikana enemm\u00e4n vett\u00e4 kuin kertaakaan 300 vuoteen. Kuva:\u00a0ATHIT PERAWONGMETHA \/ Reuters<\/p>\n<p class=\"article-body mb-nof-24 px-nof-16\">Perjantaina Songkhlassa pelastettiin CNN:n mukaan kymmenen turistia.<\/p>\n<p class=\"article-body mb-nof-24 px-nof-16\">\u2013 Tilanne on parantunut merkitt\u00e4v\u00e4sti. Vedenpinnan tasot ovat laskeneet t\u00e4ysin, vain joillakin alueilla on edelleen tulvia, kertoi Thaimaan turistiministeri\u00f6n toimittaja CNN:lle.<\/p>\n<p class=\"article-body mb-nof-24 px-nof-16\">Malesiassa kuolonuhrien m\u00e4\u00e4r\u00e4 on j\u00e4\u00e4nyt kolmeen. 11\u202f600 ihmist\u00e4 oli kuitenkin edelleen maanantaina evakuointikeskuksissa.<\/p>\n<p class=\"article-body mb-nof-24 px-nof-16\">Maan katastrofivirasto kertoi olevansa edelleen h\u00e4lytystilassa mahdollisten toisen ja kolmannen tulva-aallon varalta.<\/p>\n<p class=\"article-body mb-nof-24 px-nof-16\">Sri Lankassa tulvat ja maanvy\u00f6ryt ovat maan alueelle viime viikolla iskeneen Ditwah-syklonin tuomien rankkasateiden seurausta. Myrskyn joutui kohtaamaan loppuviikosta yli 1,1 miljoonaa ihmist\u00e4.<\/p>\n<p><img decoding=\"async\" src=\"https:\/\/www.europesays.com\/fi\/wp-content\/uploads\/2025\/12\/1764590770_940_468.jpg\" alt=\"Iso osa Sri Lankan p\u00e4\u00e4kaupungin Colombon asukkaista oli maanantaina edelleen ilman s\u00e4hk\u00f6\u00e4.\" class=\"_Img_1rerz_1\" style=\"aspect-ratio:1.5\" loading=\"eager\"\/><\/p>\n<p class=\"article-picture-caption\">Iso osa Sri Lankan p\u00e4\u00e4kaupungin Colombon asukkaista oli maanantaina edelleen ilman s\u00e4hk\u00f6\u00e4. Kuva:\u00a0Kenula Pathirathna \/ ZUMA \/ MVPhotos<\/p>\n<p class=\"article-body mb-nof-24 px-nof-16\">Ainakin 355 ihmisen oli vahvistettu kuolleen maanantaihin menness\u00e4. Kateissa oli edelleen 366 ihmist\u00e4.<\/p>\n<p class=\"article-body mb-nof-24 px-nof-16\">Paikallisten viranomaisten mukaan yli 25\u202f\u202f000 kotia on tuhoutunut ja 147\u202f000 ihmist\u00e4 joutunut hakeutumaan v\u00e4liaikaissuojiin. P\u00e4\u00e4kaupunki Colombossa suurin osa matalilla alueilla asuvista oli maanantaina ilman s\u00e4hk\u00f6\u00e4.<\/p>\n<p class=\"article-body mb-nof-24 px-nof-16\">Ditwah-sykloni ehti jo viikonloppuna jatkaa matkaansa kohti Intian etel\u00e4osissa sijaitsevan Tamil Nadun osavaltion rannikkoa, jossa se aiheutti niin ik\u00e4\u00e4n rankkasateita. Sunnuntaina kerrottiin kolmen ihmisen kuolleen niiden seurauksena.<\/p>\n<p><img decoding=\"async\" src=\"https:\/\/www.europesays.com\/fi\/wp-content\/uploads\/2025\/12\/1764590770_89_468.jpg\" alt=\"Nainen yritti pelastaa omaisuuttaan tulvaveden valtaamassa talossa Sumatran Meureudun alueella maanantaina.\" class=\"_Img_1rerz_1\" style=\"aspect-ratio:1.5\" loading=\"eager\"\/><\/p>\n<p class=\"article-picture-caption\">Nainen yritti pelastaa omaisuuttaan tulvaveden valtaamassa talossa Sumatran Meureudun alueella maanantaina. Kuva:\u00a0HOTLI SIMANJUNTAK \/ EPA<\/p>\n<p class=\"article-body mb-nof-24 px-nof-16\">Maanantaihin menness\u00e4 Ditwah oli heikentynyt \u201dsyv\u00e4ksi matalapaineeksi\u201d ja sen odotettiin jatkavan hiipumistaan.<\/p>\n<p class=\"article-body mb-nof-24 px-nof-16\">Vaikeat s\u00e4\u00e4olosuhteet ovat koetelleet Aasian maita viime kuukausina. Aiemmin muun muassa Filippiineille ja Vietnamiin iskeneet taifuunit aiheuttivat laajoja tuhoja.<\/p>\n<p class=\"article-body mb-nof-24 px-nof-16\">Tutkijat ovat varoittaneet \u00e4\u00e4rimm\u00e4isten s\u00e4\u00e4olosuhteiden yleistymisest\u00e4 ilmastonmuutoksen edetess\u00e4. Kaakkois-Aasian alue on asiantuntijoiden mukaan yksi ilmastonmuutoksen seurauksille alttiimmista alueista maailmassa.<\/p>\n","protected":false},"excerpt":{"rendered":"Vaikeat s\u00e4\u00e4olosuhteet ovat koetelleet useita Aasian maita viime kuukausina. Viime p\u00e4ivien tulvat ovat kahden syklonin aiheuttamia. Tulvien seurauksia&hellip;\n","protected":false},"author":2,"featured_media":104814,"comment_status":"","ping_status":"","sticky":false,"template":"","format":"standard","meta":{"footnotes":""},"categories":[14],"tags":[22,23,26,27,33,31,30,17,34,24,25,28,29,15,18,21,32,19,20,56,16,59,60,61],"class_list":{"0":"post-104813","1":"post","2":"type-post","3":"status-publish","4":"format-standard","5":"has-post-thumbnail","7":"category-ulkomaat","8":"tag-breaking-news","9":"tag-breakingnews","10":"tag-featured-news","11":"tag-featurednews","12":"tag-fi","13":"tag-finland","14":"tag-finnish","15":"tag-headlines","16":"tag-ilta-sanomat","17":"tag-latest-news","18":"tag-latestnews","19":"tag-main-news","20":"tag-mainnews","21":"tag-news","22":"tag-otsikot","23":"tag-paauutiset","24":"tag-suomi","25":"tag-top-stories","26":"tag-topstories","27":"tag-ulkomaat","28":"tag-uutiset","29":"tag-world","30":"tag-world-news","31":"tag-worldnews"},"share_on_mastodon":{"url":"https:\/\/pubeurope.com\/@fi\/115644228443850974","error":""},"_links":{"self":[{"href":"https:\/\/www.europesays.com\/fi\/wp-json\/wp\/v2\/posts\/104813","targetHints":{"allow":["GET"]}}],"collection":[{"href":"https:\/\/www.europesays.com\/fi\/wp-json\/wp\/v2\/posts"}],"about":[{"href":"https:\/\/www.europesays.com\/fi\/wp-json\/wp\/v2\/types\/post"}],"author":[{"embeddable":true,"href":"https:\/\/www.europesays.com\/fi\/wp-json\/wp\/v2\/users\/2"}],"replies":[{"embeddable":true,"href":"https:\/\/www.europesays.com\/fi\/wp-json\/wp\/v2\/comments?post=104813"}],"version-history":[{"count":0,"href":"https:\/\/www.europesays.com\/fi\/wp-json\/wp\/v2\/posts\/104813\/revisions"}],"wp:featuredmedia":[{"embeddable":true,"href":"https:\/\/www.europesays.com\/fi\/wp-json\/wp\/v2\/media\/104814"}],"wp:attachment":[{"href":"https:\/\/www.europesays.com\/fi\/wp-json\/wp\/v2\/media?parent=104813"}],"wp:term":[{"taxonomy":"category","embeddable":true,"href":"https:\/\/www.europesays.com\/fi\/wp-json\/wp\/v2\/categories?post=104813"},{"taxonomy":"post_tag","embeddable":true,"href":"https:\/\/www.europesays.com\/fi\/wp-json\/wp\/v2\/tags?post=104813"}],"curies":[{"name":"wp","href":"https:\/\/api.w.org\/{rel}","templated":true}]}}