{"id":104815,"date":"2025-12-01T12:07:10","date_gmt":"2025-12-01T12:07:10","guid":{"rendered":"https:\/\/www.europesays.com\/fi\/104815\/"},"modified":"2025-12-01T12:07:10","modified_gmt":"2025-12-01T12:07:10","slug":"hossan-luontokeskus-on-myyty-pitkaaikaiselle-yrittajalle-metsa","status":"publish","type":"post","link":"https:\/\/www.europesays.com\/fi\/104815\/","title":{"rendered":"Hossan luontokeskus on myyty pitk\u00e4aikaiselle yritt\u00e4j\u00e4lle &#8211; Mets\u00e4"},"content":{"rendered":"<p>Hossan luontokeskus on siirtynyt Mets\u00e4hallituksen Luontopalveluilta Experience KL oy:n omistukseen. <\/p>\n<p><a class=\"ArticleImage_imageContainer__e0EST\" href=\"https:\/\/www.europesays.com\/fi\/wp-content\/uploads\/2025\/12\/YsPrld5ilsp1MXL0OZbWq9Xkm3c.jpg\"><img decoding=\"async\" src=\"https:\/\/www.europesays.com\/fi\/wp-content\/uploads\/2025\/12\/YsPrld5ilsp1MXL0OZbWq9Xkm3c.jpg\" alt=\"Experience KL oy omistaa nyt Hossan luontokeskuksen.\" loading=\"lazy\"\/><\/a><\/p>\n<p>Experience KL oy omistaa nyt Hossan luontokeskuksen.\u00a0Kuva: Harri Tarvainen<\/p>\n<p class=\"RichTextParagraph_richTextParagraph__Wxs3t undefined\">Experience KL oy on toiminut luontokeskuksessa vuokralaisena ja vastannut luontokeskuksen yll\u00e4pidosta sek\u00e4 palvelujen tarjoamisesta 13 vuoden ajan.<\/p>\n<p class=\"RichTextParagraph_richTextParagraph__Wxs3t undefined\">Kauppaan sis\u00e4ltyy noin 1,3 hehtaarin m\u00e4\u00e4r\u00e4ala, joka rajoittuu \u00d6ll\u00f6ri-j\u00e4rveen. Kauppakirja allekirjoitettiin ja omistusoikeus siirtyi ostajalle perjantaina 28. marraskuuta.<\/p>\n<p class=\"RichTextParagraph_richTextParagraph__Wxs3t undefined\">Experience KL:ll\u00e4 on luontokeskuksen lis\u00e4ksi muuta matkailu- ja majoitusliiketoimintaa l\u00e4hialueella, ja yritys on kehitt\u00e4nyt toimintaansa viime vuosina. <\/p>\n<p class=\"RichTextParagraph_richTextParagraph__Wxs3t undefined\">Luontokeskuksen toiminta jatkuu keskeytym\u00e4tt\u00e4 ja sen tavoitteena on edelleen laajentaa toimintaa.<\/p>\n<p class=\"RichTextParagraph_richTextParagraph__Wxs3t undefined\">\u201dOlemme eritt\u00e4in tyytyv\u00e4isi\u00e4 hyv\u00e4ss\u00e4 yhteishengess\u00e4 l\u00f6ytyneeseen ratkaisuun ja luotettavan palveluntarjoajan jatkamiseen omistajana Hossan upeassa luontokeskuksessa\u201d, sanoo kiinteist\u00f6kaupan erityisasiantuntija <strong id=\"strong\">Jukka-Pekka Friman<\/strong> Mets\u00e4hallituksen tiedotteessa.<\/p>\n<p class=\"RichTextParagraph_richTextParagraph__Wxs3t undefined\">Hossan luontokeskuksen myynti on osa Mets\u00e4hallituksen Luontopalvelujen rakennuskannan kehitt\u00e4mist\u00e4. Luontopalvelut k\u00e4y l\u00e4pi hallinnoimaansa yli 2 400 rakennusta ymp\u00e4ri Suomen, tavoitteenaan v\u00e4hent\u00e4\u00e4 rakennuskannan omistamisesta aiheutuvia kustannuksia ja mahdollistaa resurssien kohdentaminen Luontopalvelujen ydinteht\u00e4viin.<\/p>\n","protected":false},"excerpt":{"rendered":"Hossan luontokeskus on siirtynyt Mets\u00e4hallituksen Luontopalveluilta Experience KL oy:n omistukseen. Experience KL oy omistaa nyt Hossan luontokeskuksen.\u00a0Kuva: Harri&hellip;\n","protected":false},"author":2,"featured_media":104816,"comment_status":"","ping_status":"","sticky":false,"template":"","format":"standard","meta":{"footnotes":""},"categories":[12],"tags":[22,23,26,27,33,31,30,17,24,25,28,29,15,18,21,32,19,20,16],"class_list":{"0":"post-104815","1":"post","2":"type-post","3":"status-publish","4":"format-standard","5":"has-post-thumbnail","7":"category-suomi","8":"tag-breaking-news","9":"tag-breakingnews","10":"tag-featured-news","11":"tag-featurednews","12":"tag-fi","13":"tag-finland","14":"tag-finnish","15":"tag-headlines","16":"tag-latest-news","17":"tag-latestnews","18":"tag-main-news","19":"tag-mainnews","20":"tag-news","21":"tag-otsikot","22":"tag-paauutiset","23":"tag-suomi","24":"tag-top-stories","25":"tag-topstories","26":"tag-uutiset"},"share_on_mastodon":{"url":"https:\/\/pubeurope.com\/@fi\/115644232230938493","error":""},"_links":{"self":[{"href":"https:\/\/www.europesays.com\/fi\/wp-json\/wp\/v2\/posts\/104815","targetHints":{"allow":["GET"]}}],"collection":[{"href":"https:\/\/www.europesays.com\/fi\/wp-json\/wp\/v2\/posts"}],"about":[{"href":"https:\/\/www.europesays.com\/fi\/wp-json\/wp\/v2\/types\/post"}],"author":[{"embeddable":true,"href":"https:\/\/www.europesays.com\/fi\/wp-json\/wp\/v2\/users\/2"}],"replies":[{"embeddable":true,"href":"https:\/\/www.europesays.com\/fi\/wp-json\/wp\/v2\/comments?post=104815"}],"version-history":[{"count":0,"href":"https:\/\/www.europesays.com\/fi\/wp-json\/wp\/v2\/posts\/104815\/revisions"}],"wp:featuredmedia":[{"embeddable":true,"href":"https:\/\/www.europesays.com\/fi\/wp-json\/wp\/v2\/media\/104816"}],"wp:attachment":[{"href":"https:\/\/www.europesays.com\/fi\/wp-json\/wp\/v2\/media?parent=104815"}],"wp:term":[{"taxonomy":"category","embeddable":true,"href":"https:\/\/www.europesays.com\/fi\/wp-json\/wp\/v2\/categories?post=104815"},{"taxonomy":"post_tag","embeddable":true,"href":"https:\/\/www.europesays.com\/fi\/wp-json\/wp\/v2\/tags?post=104815"}],"curies":[{"name":"wp","href":"https:\/\/api.w.org\/{rel}","templated":true}]}}