{"id":104817,"date":"2025-12-01T12:08:08","date_gmt":"2025-12-01T12:08:08","guid":{"rendered":"https:\/\/www.europesays.com\/fi\/104817\/"},"modified":"2025-12-01T12:08:08","modified_gmt":"2025-12-01T12:08:08","slug":"ben-zyskowicz-suututti-tutkijan-ilta-sanomat","status":"publish","type":"post","link":"https:\/\/www.europesays.com\/fi\/104817\/","title":{"rendered":"Ben Zyskowicz suututti tutkijan &#8211; Ilta-Sanomat"},"content":{"rendered":"<p>Kansanedustaja Ben Zyskowiczin lausunnot Ylen ohjelmassa aiheuttivat kohun.<\/p>\n<p>Kansanedustaja Ben Zyskowicz kertoi lokakuun lopulla toipumisestaan aivoinfarktista.Video: Seppo K\u00e4rki<\/p>\n<p class=\"article-body mb-nof-24 px-nof-16\">Kansanedustaja <a class=\"article-personlink\" href=\"https:\/\/www.is.fi\/haku\/?query=Ben%20Zyskowiczin\" rel=\"nofollow noopener\" target=\"_blank\">Ben Zyskowiczin<\/a> lausunnot Yle Uutiset Sunnuntai -ohjelmassa nousivat hiljattain uudelleen julkisuuteen, kun Helsingin yliopiston professori <a class=\"article-personlink\" href=\"https:\/\/www.is.fi\/haku\/?query=Teivo%20Teivainen\" rel=\"nofollow noopener\" target=\"_blank\">Teivo Teivainen<\/a> kertoi pit\u00e4v\u00e4ns\u00e4 niit\u00e4 vaarallisina.<\/p>\n<p class=\"article-body mb-nof-24 px-nof-16\">Zyskowicz kommentoi Ylen ohjelmassa Israelin ja \u00e4\u00e4rij\u00e4rjest\u00f6 Hamasin sotaa. H\u00e4nen mielest\u00e4\u00e4n p\u00f6yd\u00e4ll\u00e4 oleva rauhansuunnitelma oli paras yli 30 vuoteen ja syytti tutkija <a class=\"article-personlink\" href=\"https:\/\/www.is.fi\/haku\/?query=Bruno%20J%C3%A4ntti%C3%A4\" rel=\"nofollow noopener\" target=\"_blank\">Bruno J\u00e4ntti\u00e4<\/a> \u201dHamas-aktivistiksi\u201d.<\/p>\n<p class=\"article-body mb-nof-24 px-nof-16\">\u2013 T\u00e4m\u00e4n rauhansuunnitelman takana on ollut YK:n turvallisuusneuvosto, ja voi sanoa, ett\u00e4 niin ovat my\u00f6s l\u00e4hes kaikki muut paitsi Ven\u00e4j\u00e4, Kiina, Hamas ja suomalaiset Hamas-aktivistit, kuten Bruno J\u00e4ntti, jota Yleisradio k\u00e4ytt\u00e4\u00e4 puolueettomana asiantuntijana, Zyskowicz sanoi haastattelussa.<\/p>\n<p class=\"article-body mb-nof-24 px-nof-16\">J\u00e4ntti on Teivaisen v\u00e4it\u00f6skirjaohjattava. Teivainen kommentoi perjantaina viestipalvelu X:ss\u00e4 Zyskowiczin puheita sanomalla, ett\u00e4 v\u00e4ite J\u00e4ntist\u00e4 \u201dHamas-aktivistina\u201d on t\u00e4ysin valheellinen.<\/p>\n<p class=\"article-body mb-nof-24 px-nof-16\">\u2013\u2009Ben Zyskowicz kutsui Ylen haastattelussa sunnuntaina v\u00e4it\u00f6skirjaohjattavaani Bruno J\u00e4ntti\u00e4 &#8221;Hamas-aktivistiksi&#8221;. V\u00e4ite on t\u00e4ysin valheellinen. J\u00e4ntti on toistuvasti kritisoinut Hamasia. Terroristij\u00e4rjest\u00f6n aktivistiksi leimaamisella voi olla vaarallisia seurauksia, Teivainen sanoi.<\/p>\n<p class=\"article-body mb-nof-24 px-nof-16\">H\u00e4n kertoi arvostavansa Zyskowiczia ja siksi yll\u00e4ttyneens\u00e4 t\u00e4m\u00e4n puheista.<\/p>\n<p class=\"article-body mb-nof-24 px-nof-16\">\u2013\u2009Voihan olla, ett\u00e4 kyse oli jonkinlaisesta lipsahduksesta. Joka tapauksessa terroristiksi leimaaminen on teko, johon on syyt\u00e4 suhtautua vakavasti. Leimaamisen kohteena on J\u00e4ntin lis\u00e4ksi koko Helsingin yliopisto.<\/p>\n<p class=\"article-body mb-nof-24 px-nof-16\">\u2013\u2009Ben Zyskowicz esitti virheellisen v\u00e4itteens\u00e4 Bruno J\u00e4ntist\u00e4 t\u00e4m\u00e4n ohjelman kohdassa 15:40. Toivottavasti asiaan tulee pian selkoa, sill\u00e4 virhe on merkitt\u00e4v\u00e4. Samalla toivotan pikaista toipumista Zyskowiczille, Teivainen jatkoi.<\/p>\n<p class=\"article-body mb-nof-24 px-nof-16\">Zyskowicz on sittemmin pahoitellut lausuntoaan avustajansa v\u00e4lityksell\u00e4. Zyskowiczin oli tarkoitus puhua Palestiina-aktivistista, ei Hamas-aktivistista.<\/p>\n<p class=\"article-body mb-nof-24 px-nof-16\">J\u00e4ntti on puolestaan tuominnut <a class=\"article-genericlink\" href=\"https:\/\/www.iltalehti.fi\/politiikka\/a\/4ebc0059-dfb8-46e9-a21a-158bdc3bb07a\" rel=\"nofollow noopener\" target=\"_blank\">Iltalehdelle<\/a> kansanedustaja Zyskowiczin viikon takaisen ulostulon kovin sanoin ja kertonut harkitsevansa jatkotoimia asiassa.<\/p>\n<p class=\"article-body mb-nof-24 px-nof-16\">\u2013\u2009Kyll\u00e4 piti kuunnella muutaman kerran uudestaan varmistaakseni, ett\u00e4 kuulinko sen oikein, J\u00e4ntti sanoi Iltalehdelle Zyskowiczin kommentista.<\/p>\n<p class=\"article-body mb-nof-24 px-nof-16\">\u2013 H\u00e4nen muotoilunsa &#8221;Hamas-aktivisti&#8221; on t\u00f6rke\u00e4, vastuuton ja ep\u00e4toivoinen, h\u00e4n jatkoi.<\/p>\n<p class=\"article-body mb-nof-24 px-nof-16\">J\u00e4ntin mukaan Zyskowiczin heitto ei pid\u00e4 paikkaansa, eik\u00e4 sen puolesta ole olemassa mit\u00e4\u00e4n n\u00e4ytt\u00f6\u00e4.<\/p>\n","protected":false},"excerpt":{"rendered":"Kansanedustaja Ben Zyskowiczin lausunnot Ylen ohjelmassa aiheuttivat kohun. Kansanedustaja Ben Zyskowicz kertoi lokakuun lopulla toipumisestaan aivoinfarktista.Video: Seppo K\u00e4rki&hellip;\n","protected":false},"author":2,"featured_media":104818,"comment_status":"","ping_status":"","sticky":false,"template":"","format":"standard","meta":{"footnotes":""},"categories":[5],"tags":[22,23,26,27,33,31,30,17,34,24,25,28,29,15,18,21,32,19,20,16],"class_list":{"0":"post-104817","1":"post","2":"type-post","3":"status-publish","4":"format-standard","5":"has-post-thumbnail","7":"category-otsikot","8":"tag-breaking-news","9":"tag-breakingnews","10":"tag-featured-news","11":"tag-featurednews","12":"tag-fi","13":"tag-finland","14":"tag-finnish","15":"tag-headlines","16":"tag-ilta-sanomat","17":"tag-latest-news","18":"tag-latestnews","19":"tag-main-news","20":"tag-mainnews","21":"tag-news","22":"tag-otsikot","23":"tag-paauutiset","24":"tag-suomi","25":"tag-top-stories","26":"tag-topstories","27":"tag-uutiset"},"share_on_mastodon":{"url":"https:\/\/pubeurope.com\/@fi\/115644236139428723","error":""},"_links":{"self":[{"href":"https:\/\/www.europesays.com\/fi\/wp-json\/wp\/v2\/posts\/104817","targetHints":{"allow":["GET"]}}],"collection":[{"href":"https:\/\/www.europesays.com\/fi\/wp-json\/wp\/v2\/posts"}],"about":[{"href":"https:\/\/www.europesays.com\/fi\/wp-json\/wp\/v2\/types\/post"}],"author":[{"embeddable":true,"href":"https:\/\/www.europesays.com\/fi\/wp-json\/wp\/v2\/users\/2"}],"replies":[{"embeddable":true,"href":"https:\/\/www.europesays.com\/fi\/wp-json\/wp\/v2\/comments?post=104817"}],"version-history":[{"count":0,"href":"https:\/\/www.europesays.com\/fi\/wp-json\/wp\/v2\/posts\/104817\/revisions"}],"wp:featuredmedia":[{"embeddable":true,"href":"https:\/\/www.europesays.com\/fi\/wp-json\/wp\/v2\/media\/104818"}],"wp:attachment":[{"href":"https:\/\/www.europesays.com\/fi\/wp-json\/wp\/v2\/media?parent=104817"}],"wp:term":[{"taxonomy":"category","embeddable":true,"href":"https:\/\/www.europesays.com\/fi\/wp-json\/wp\/v2\/categories?post=104817"},{"taxonomy":"post_tag","embeddable":true,"href":"https:\/\/www.europesays.com\/fi\/wp-json\/wp\/v2\/tags?post=104817"}],"curies":[{"name":"wp","href":"https:\/\/api.w.org\/{rel}","templated":true}]}}