{"id":104819,"date":"2025-12-01T12:09:07","date_gmt":"2025-12-01T12:09:07","guid":{"rendered":"https:\/\/www.europesays.com\/fi\/104819\/"},"modified":"2025-12-01T12:09:07","modified_gmt":"2025-12-01T12:09:07","slug":"hakametsassa-vastaan-kaveli-smurffi-lumikki-ja-olutta-juova-lohikaarme-katso-kuvagalleria-dartsillan-varikkaimmista-asuista-aamulehti","status":"publish","type":"post","link":"https:\/\/www.europesays.com\/fi\/104819\/","title":{"rendered":"Hakamets\u00e4ss\u00e4 vastaan k\u00e4veli smurffi, Lumikki ja olutta juova lohik\u00e4\u00e4rme \u2013 katso kuvagalleria dartsillan v\u00e4rikk\u00e4immist\u00e4 asuista &#8211; Aamulehti"},"content":{"rendered":"<ol>\n<li><a href=\"https:\/\/news.google.com\/rss\/articles\/CBMiZkFVX3lxTE5IMEJRdHhUMXJaMFZ5TGZvWFZQN0Q5QmR5V193LXBVYkZFSVVJSVl6TFF0VFd2WkNtY0duMFFhXzBRRVNuUWdVMld6M3ljcTZJaElmQjBLNkFGRmtPNzREMlFnelFzQQ?oc=5\" target=\"_blank\" rel=\"nofollow noopener\">Hakamets\u00e4ss\u00e4 vastaan k\u00e4veli smurffi, Lumikki ja olutta juova lohik\u00e4\u00e4rme \u2013 katso kuvagalleria dartsillan v\u00e4rikk\u00e4immist\u00e4 asuista<\/a>&nbsp;&nbsp;Aamulehti<\/li>\n<li><a href=\"https:\/\/news.google.com\/rss\/articles\/CBMiZkFVX3lxTFBHZWJtR1NkSEpLSnE0V0FYcFI3eEJrQmZDZ2dhQ0JTZXNNcS12THlkY2pOY21weHh6Q1c4M2JtZ3pUM19Pc2V4aVhnMllkdUx2amJMdE5pZEl6SXhPazdzZDRnQ0IzQQ?oc=5\" target=\"_blank\" rel=\"nofollow noopener\">Maailmant\u00e4hdet saivat Hakamets\u00e4n hurmioon \u2013 yhteislaulu raikui koko hallin voimin<\/a>&nbsp;&nbsp;Aamulehti<\/li>\n<li><a href=\"https:\/\/news.google.com\/rss\/articles\/CBMiQkFVX3lxTE5XVFp4M1JTY3hyWGtGMFJaOU9TVERoUTZObllwNDY2RHlqUEJzOWRNbXRnZ3J4RmNpOVVzNjlVVTZXQQ?oc=5\" target=\"_blank\" rel=\"nofollow noopener\">Dartsin ihmepoika Luke Littler ottaa rennosti ja ihmettelee itsekin hurjaa tuloskuntoaan<\/a>&nbsp;&nbsp;Yle<\/li>\n<li><a href=\"https:\/\/news.google.com\/rss\/articles\/CBMickFVX3lxTE5wSlozY3FNcDYyM2EtZkNCdFI1a2xHd0psbGh5dEd1UzdnTTR1SDNTcFdKX0RnWV9QYXA4b05nQ1gxWXkwZ0ZoSU5SVTNnRkFkS0tpdC1sb3dBSkpsZjQ4TUhJSTVXNDF0YVU0Nmlnei1zQQ?oc=5\" target=\"_blank\" rel=\"nofollow noopener\">Tampere International Darts Cup \u2013 voita matka dartsin MM-kisoihin Lontooseen<\/a>&nbsp;&nbsp;FinnDarts.com<\/li>\n<li><a href=\"https:\/\/news.google.com\/rss\/articles\/CBMiZkFVX3lxTE8yQ2JwNXFFa2VTZjkxWk55VWZLSlRvMUtPTS1wLU1rcjlSaXlDZEpjQWV6VzdjcnlsVUxlMGl2ZXBzRU13R0stLTNrd2dOZFFxdlRwc2hTUEZSb0RjdWpDbThBaloydw?oc=5\" target=\"_blank\" rel=\"nofollow noopener\">Dartsin lajilegendat saapuivat Tampereelle \u2013 n\u00e4kev\u00e4t samat asiat kuin joka kaupungista: \u201dSitten l\u00e4hdemme takaisin\u201d<\/a>&nbsp;&nbsp;Aamulehti<\/li>\n<\/ol>\n","protected":false},"excerpt":{"rendered":"Hakamets\u00e4ss\u00e4 vastaan k\u00e4veli smurffi, Lumikki ja olutta juova lohik\u00e4\u00e4rme \u2013 katso kuvagalleria dartsillan v\u00e4rikk\u00e4immist\u00e4 asuista&nbsp;&nbsp;Aamulehti Maailmant\u00e4hdet saivat Hakamets\u00e4n&hellip;\n","protected":false},"author":2,"featured_media":104820,"comment_status":"","ping_status":"","sticky":false,"template":"","format":"standard","meta":{"footnotes":""},"categories":[117],"tags":[157,33,31,30,72,476,118,32,119,477],"class_list":{"0":"post-104819","1":"post","2":"type-post","3":"status-publish","4":"format-standard","5":"has-post-thumbnail","7":"category-luonto","8":"tag-aamulehti","9":"tag-fi","10":"tag-finland","11":"tag-finnish","12":"tag-luonto","13":"tag-nature","14":"tag-science","15":"tag-suomi","16":"tag-tiede","17":"tag-wildlife"},"share_on_mastodon":{"url":"https:\/\/pubeurope.com\/@fi\/115644239932137629","error":""},"_links":{"self":[{"href":"https:\/\/www.europesays.com\/fi\/wp-json\/wp\/v2\/posts\/104819","targetHints":{"allow":["GET"]}}],"collection":[{"href":"https:\/\/www.europesays.com\/fi\/wp-json\/wp\/v2\/posts"}],"about":[{"href":"https:\/\/www.europesays.com\/fi\/wp-json\/wp\/v2\/types\/post"}],"author":[{"embeddable":true,"href":"https:\/\/www.europesays.com\/fi\/wp-json\/wp\/v2\/users\/2"}],"replies":[{"embeddable":true,"href":"https:\/\/www.europesays.com\/fi\/wp-json\/wp\/v2\/comments?post=104819"}],"version-history":[{"count":0,"href":"https:\/\/www.europesays.com\/fi\/wp-json\/wp\/v2\/posts\/104819\/revisions"}],"wp:featuredmedia":[{"embeddable":true,"href":"https:\/\/www.europesays.com\/fi\/wp-json\/wp\/v2\/media\/104820"}],"wp:attachment":[{"href":"https:\/\/www.europesays.com\/fi\/wp-json\/wp\/v2\/media?parent=104819"}],"wp:term":[{"taxonomy":"category","embeddable":true,"href":"https:\/\/www.europesays.com\/fi\/wp-json\/wp\/v2\/categories?post=104819"},{"taxonomy":"post_tag","embeddable":true,"href":"https:\/\/www.europesays.com\/fi\/wp-json\/wp\/v2\/tags?post=104819"}],"curies":[{"name":"wp","href":"https:\/\/api.w.org\/{rel}","templated":true}]}}