{"id":104821,"date":"2025-12-01T12:20:10","date_gmt":"2025-12-01T12:20:10","guid":{"rendered":"https:\/\/www.europesays.com\/fi\/104821\/"},"modified":"2025-12-01T12:20:10","modified_gmt":"2025-12-01T12:20:10","slug":"viimeinen-kuva-ennen-kuin-luovutin-tytot-ulkomaille","status":"publish","type":"post","link":"https:\/\/www.europesays.com\/fi\/104821\/","title":{"rendered":"\u201dViimeinen kuva ennen kuin luovutin tyt\u00f6t ulkomaille\u201d"},"content":{"rendered":"<p>Jani Sievinen kertoo tuoreessa Instagram-p\u00e4ivityksess\u00e4\u00e4n, millaista on ollut asua eri maassa lastensa kanssa.<\/p>\n<p><img decoding=\"async\" class=\"image image-show image-preview\" src=\"https:\/\/www.europesays.com\/fi\/wp-content\/uploads\/2025\/12\/10ac000483aae78b4a824f7c9e43b02e0bd3126ddf9788d50fef43c009706935.jpg\" alt=\"\"\/><img decoding=\"async\" class=\"image image-show\" src=\"https:\/\/www.europesays.com\/fi\/wp-content\/uploads\/2025\/12\/1764591610_659_10ac000483aae78b4a824f7c9e43b02e0bd3126ddf9788d50fef43c009706935.jpg\" alt=\"\"\/><\/p>\n<p>Jani Sievisen tytt\u00e4ret muuttivat vanhempien avioeron j\u00e4lkeen Norjaan. Pete Anikari<\/p>\n<p class=\"paragraph\">Entinen kilpauimari <a href=\"https:\/\/www.iltalehti.fi\/henkilot\/Jani Sievinen\" class=\"article-link-person-page\" rel=\"nofollow noopener\" target=\"_blank\">Jani Sievinen<\/a> julkaisi sunnuntaina <a href=\"https:\/\/www.instagram.com\/p\/DRrsckqjDZF\/?hl=en\" target=\"_blank\" rel=\"noopener nofollow\">Instagram-tilill\u00e4\u00e4n<\/a> kuvan vuosien takaa. Kuvassa Sievinen istuu laivan ikkunan \u00e4\u00e4ress\u00e4 kaksi tyt\u00e4rt\u00e4\u00e4n syliss\u00e4\u00e4n.<\/p>\n<p class=\"paragraph\">\u2013 Viimeinen kuva ennen kuin luovutin tyt\u00f6t ulkomaille. Tiesin, etteiv\u00e4t he muuta takaisin kotiin seuraavaan kymmeneen vuoteen. Piti sulkea silm\u00e4t, vet\u00e4\u00e4 syv\u00e4\u00e4n henke\u00e4 muutaman kerran ja keskitty\u00e4, Sievinen kirjoittaa julkaisussaan.<\/p>\n<p class=\"paragraph\">\u2013 Ensimm\u00e4iset vuodet meniv\u00e4t toivoen, odottaen, suunnitellen tulevaa. Jossain vaiheessa ajatukset tulivat realistisiksi. Kymmenen vuoden kuluessa opin ja ymm\u00e4rsin, etteiv\u00e4t he koskaan muuta takaisin muuten kuin tilap\u00e4isesti. Eik\u00e4 my\u00f6sk\u00e4\u00e4n kannata. Nyt on kulunut 11 vuotta. Kun mieli on vapaa, uskaltaa kirjoittaa, Sievisen kirjoitus p\u00e4\u00e4ttyy.<\/p>\n<p class=\"paragraph\">Sievinen on lis\u00e4nnyt julkaisuunsa aihetunnisteen et\u00e4is\u00e4.<\/p>\n<p class=\"paragraph\">Jos upotus ei toimi, n\u00e4et julkaisun my\u00f6s <a href=\"https:\/\/www.instagram.com\/p\/DRrsckqjDZF\/?hl=en\" target=\"_blank\" rel=\"noopener nofollow\">t\u00e4st\u00e4 linkist\u00e4<\/a>.<\/p>\n<p class=\"paragraph\">Sievisell\u00e4 on yhteens\u00e4 viisi lasta. Ensimm\u00e4isest\u00e4 liitosta syntyiv\u00e4t pojat <strong>Aleksanteri<\/strong> ja <strong>Aaron<\/strong>. <strong>Mari Samuelsenin<\/strong> kanssa Sievinen sai kolme tyt\u00e4rt\u00e4, <strong>Felician<\/strong>, <strong>Millan<\/strong> ja <strong>Alman<\/strong>.<\/p>\n<p class=\"paragraph\">Sievisen ja Samuelsenin avioeron j\u00e4lkeen tytt\u00e4ret muuttivat Norjaan, josta Samuelsen on kotoisin.<\/p>\n<p class=\"paragraph\">Sievinen julkaisi hein\u00e4kuussa Instagram-tilill\u00e4\u00e4n kuvan, <a href=\"https:\/\/www.iltalehti.fi\/viihdeuutiset\/0c50b2c4-c600-487c-8e83-643a5a53bb79\" rel=\"nofollow noopener\" target=\"_blank\">jossa h\u00e4n poseeraa kaikkien viiden lapsensa kanssa<\/a>.<\/p>\n<p class=\"paragraph\">\u2013 Muutaman kerran vuodessa kaikki lapset yhdess\u00e4. Pieni hetki illassa. Iso hetki muistoissa, Sievinen kirjoitti tuolloin julkaisuunsa.<\/p>\n<p class=\"paragraph\">Jos upotus ei toimi, n\u00e4et kuvan my\u00f6s <a href=\"https:\/\/www.instagram.com\/p\/DMdV2XctTwA\/?utm_source=ig_embed\" target=\"_blank\" rel=\"noopener nofollow\">t\u00e4st\u00e4 linkist\u00e4<\/a>.<\/p>\n<p class=\"paragraph\">Kes\u00e4kuussa Sievinen julkaisi kuvia <a href=\"https:\/\/www.iltalehti.fi\/viihdeuutiset\/86ffcf61-0fa2-4000-92d8-9a5cfbae040d\" rel=\"nofollow noopener\" target=\"_blank\">Milla-tytt\u00e4rens\u00e4 rippijuhlista Norjassa<\/a>.<\/p>\n<p class=\"paragraph\">Jos upotus ei toimi, n\u00e4et julkaisun my\u00f6s <a href=\"https:\/\/www.instagram.com\/p\/DLdDdpGNvfj\/?utm_source=ig_embed\" target=\"_blank\" rel=\"noopener nofollow\">t\u00e4st\u00e4 linkist\u00e4<\/a>.<\/p>\n<p class=\"paragraph\">Jani Sievinen on ollut naimisissa yhteens\u00e4 kolme kertaa. Avioliitto <strong>Maria Nyqvistin<\/strong> kanssa <a href=\"https:\/\/www.iltalehti.fi\/viihdeuutiset\/bc8674e2-4cd4-4a97-9cc2-85133e4c69ca\" rel=\"nofollow noopener\" target=\"_blank\">p\u00e4\u00e4ttyi aiemmin t\u00e4n\u00e4 vuonna<\/a>.<\/p>\n<p>Jani Sievisen kolmas avioliitto p\u00e4\u00e4ttyi t\u00e4n\u00e4 vuonna eroon. Jenni G\u00e4stgivar<\/p>\n<p><script async src=\"\/\/www.instagram.com\/embed.js\"><\/script><\/p>\n","protected":false},"excerpt":{"rendered":"Jani Sievinen kertoo tuoreessa Instagram-p\u00e4ivityksess\u00e4\u00e4n, millaista on ollut asua eri maassa lastensa kanssa. Jani Sievisen tytt\u00e4ret muuttivat vanhempien&hellip;\n","protected":false},"author":2,"featured_media":104822,"comment_status":"","ping_status":"","sticky":false,"template":"","format":"standard","meta":{"footnotes":""},"categories":[136],"tags":[35,407,137,33,31,30,101,408,99,98,888,887,32,109],"class_list":{"0":"post-104821","1":"post","2":"type-post","3":"status-publish","4":"format-standard","5":"has-post-thumbnail","7":"category-julkkikset","8":"tag-24h","9":"tag-celebrities","10":"tag-entertainment","11":"tag-fi","12":"tag-finland","13":"tag-finnish","14":"tag-ihmissuhteet","15":"tag-julkkikset","16":"tag-lapset","17":"tag-perhe","18":"tag-suomalaiset-poliitikot","19":"tag-suomen-politiikka","20":"tag-suomi","21":"tag-viihde"},"share_on_mastodon":{"url":"https:\/\/pubeurope.com\/@fi\/115644283350790149","error":""},"_links":{"self":[{"href":"https:\/\/www.europesays.com\/fi\/wp-json\/wp\/v2\/posts\/104821","targetHints":{"allow":["GET"]}}],"collection":[{"href":"https:\/\/www.europesays.com\/fi\/wp-json\/wp\/v2\/posts"}],"about":[{"href":"https:\/\/www.europesays.com\/fi\/wp-json\/wp\/v2\/types\/post"}],"author":[{"embeddable":true,"href":"https:\/\/www.europesays.com\/fi\/wp-json\/wp\/v2\/users\/2"}],"replies":[{"embeddable":true,"href":"https:\/\/www.europesays.com\/fi\/wp-json\/wp\/v2\/comments?post=104821"}],"version-history":[{"count":0,"href":"https:\/\/www.europesays.com\/fi\/wp-json\/wp\/v2\/posts\/104821\/revisions"}],"wp:featuredmedia":[{"embeddable":true,"href":"https:\/\/www.europesays.com\/fi\/wp-json\/wp\/v2\/media\/104822"}],"wp:attachment":[{"href":"https:\/\/www.europesays.com\/fi\/wp-json\/wp\/v2\/media?parent=104821"}],"wp:term":[{"taxonomy":"category","embeddable":true,"href":"https:\/\/www.europesays.com\/fi\/wp-json\/wp\/v2\/categories?post=104821"},{"taxonomy":"post_tag","embeddable":true,"href":"https:\/\/www.europesays.com\/fi\/wp-json\/wp\/v2\/tags?post=104821"}],"curies":[{"name":"wp","href":"https:\/\/api.w.org\/{rel}","templated":true}]}}