{"id":104824,"date":"2025-12-01T12:25:08","date_gmt":"2025-12-01T12:25:08","guid":{"rendered":"https:\/\/www.europesays.com\/fi\/104824\/"},"modified":"2025-12-01T12:25:08","modified_gmt":"2025-12-01T12:25:08","slug":"milloin-dr-strange-nahdaan-jalleen-marvel-kuvioissa-benedict-cumberbatch-kommentoi-asiaa","status":"publish","type":"post","link":"https:\/\/www.europesays.com\/fi\/104824\/","title":{"rendered":"Milloin Dr. Strange n\u00e4hd\u00e4\u00e4n j\u00e4lleen Marvel-kuvioissa? Benedict Cumberbatch kommentoi asiaa"},"content":{"rendered":"<p>Marvelin elokuvauniversumissa riitt\u00e4\u00e4 nyt mysteerej\u00e4, salaisuuksia ja hiljaisuutta. Seuraavat Avengers-elokuvat Doomsday ja Secret Wars on tarkoitus julkaista vuosina 2026 ja 2027, ja ennakkotietojen mukaan leffojen t\u00e4htikaarti on suorastaan j\u00e4ttil\u00e4ism\u00e4inen. Mukana on runsain mitoin vanhoja tuttuja hahmoja niin vanhoista Avengers-elokuvista kuin viel\u00e4 vanhemmista X-Men-leffoistakin.<\/p>\n<p>Yhden tunnetun hahmon kohtalo on kuitenkin ep\u00e4selv\u00e4: miss\u00e4 on <strong>Benedict Cumberbatchin<\/strong> esitt\u00e4m\u00e4 Dr. Strange? Hahmon edellinen oma elokuva Multiverse of Madness (2022) p\u00e4\u00e4ttyi cliffhangeriin, ja on ep\u00e4selv\u00e4\u00e4, miss\u00e4 m\u00e4\u00e4rin t\u00e4m\u00e4 Marvel-maailman kannalta tuikit\u00e4rke\u00e4 velho on mukana tulevissa koitoksissa. <a href=\"https:\/\/collider.com\/benedict-cumberbatch-doctor-strange-mcu-return-update-avengers-secret-wars-rumors\/\" target=\"_blank\" rel=\"nofollow noopener\">Collider<\/a> kysyi asiaa Cumberbatchilta itselt\u00e4\u00e4n, ja n\u00e4yttelij\u00e4 tarjosikin jonkinlaisen vastauksen.<\/p>\n<p>\u201dTied\u00e4n asiasta enemm\u00e4n kuin pelk\u00e4n aavistuksen verran\u201d, Cumberbatch vastasi, kun h\u00e4nelt\u00e4 kysyttiin, onko h\u00e4nell\u00e4 mit\u00e4\u00e4n tietoa siit\u00e4, milloin Strange palaa valkokankaalle.<\/p>\n<p>\u201dH\u00e4n tulee kyll\u00e4. Jossain vaiheessa te varmasti n\u00e4ette h\u00e4net viel\u00e4\u201d, n\u00e4yttelij\u00e4 jatkaa.<\/p>\n<p>Sit\u00e4 Cumberbatch ei suostunut sanomaan, onko h\u00e4n kenties jo kuvannut joitain kohtauksia Dr. Strangen ominaisuudessa vai onko sellaisia vasta suunnitteilla. Katsotaan, miten k\u00e4y!<\/p>\n<p>Lue my\u00f6s: <a href=\"https:\/\/www.episodi.fi\/uutiskirje\/?uutiskirjemainos=tekstilinkkimainos\" title=\"Tilaa Episodin uutiskirje ja voit voittaa leffalippuja! Nappaa tv-vinkit suoraan s\u00e4hk\u00f6postiin t\u00e4st\u00e4.\" class=\"underline-custom !font-montserrat !font-bold !underline-offset-4 !decoration-4 !decoration-episodi-blue !text-md\" rel=\"nofollow noopener\" target=\"_blank\">Tilaa Episodin uutiskirje ja voit voittaa leffalippuja! Nappaa katseluvinkit suoraan s\u00e4hk\u00f6postiin t\u00e4st\u00e4.<\/a><\/p>\n","protected":false},"excerpt":{"rendered":"Marvelin elokuvauniversumissa riitt\u00e4\u00e4 nyt mysteerej\u00e4, salaisuuksia ja hiljaisuutta. Seuraavat Avengers-elokuvat Doomsday ja Secret Wars on tarkoitus julkaista vuosina&hellip;\n","protected":false},"author":2,"featured_media":104825,"comment_status":"","ping_status":"","sticky":false,"template":"","format":"standard","meta":{"footnotes":""},"categories":[131],"tags":[7095,19816,155,137,33,173,31,30,3282,6470,172,32,109],"class_list":{"0":"post-104824","1":"post","2":"type-post","3":"status-publish","4":"format-standard","5":"has-post-thumbnail","7":"category-elokuvat","8":"tag-benedict-cumberbatch","9":"tag-doctor-strange","10":"tag-elokuvat","11":"tag-entertainment","12":"tag-fi","13":"tag-film","14":"tag-finland","15":"tag-finnish","16":"tag-marvel","17":"tag-marvel-mcu","18":"tag-movies","19":"tag-suomi","20":"tag-viihde"},"share_on_mastodon":{"url":"https:\/\/pubeurope.com\/@fi\/115644303160966314","error":""},"_links":{"self":[{"href":"https:\/\/www.europesays.com\/fi\/wp-json\/wp\/v2\/posts\/104824","targetHints":{"allow":["GET"]}}],"collection":[{"href":"https:\/\/www.europesays.com\/fi\/wp-json\/wp\/v2\/posts"}],"about":[{"href":"https:\/\/www.europesays.com\/fi\/wp-json\/wp\/v2\/types\/post"}],"author":[{"embeddable":true,"href":"https:\/\/www.europesays.com\/fi\/wp-json\/wp\/v2\/users\/2"}],"replies":[{"embeddable":true,"href":"https:\/\/www.europesays.com\/fi\/wp-json\/wp\/v2\/comments?post=104824"}],"version-history":[{"count":0,"href":"https:\/\/www.europesays.com\/fi\/wp-json\/wp\/v2\/posts\/104824\/revisions"}],"wp:featuredmedia":[{"embeddable":true,"href":"https:\/\/www.europesays.com\/fi\/wp-json\/wp\/v2\/media\/104825"}],"wp:attachment":[{"href":"https:\/\/www.europesays.com\/fi\/wp-json\/wp\/v2\/media?parent=104824"}],"wp:term":[{"taxonomy":"category","embeddable":true,"href":"https:\/\/www.europesays.com\/fi\/wp-json\/wp\/v2\/categories?post=104824"},{"taxonomy":"post_tag","embeddable":true,"href":"https:\/\/www.europesays.com\/fi\/wp-json\/wp\/v2\/tags?post=104824"}],"curies":[{"name":"wp","href":"https:\/\/api.w.org\/{rel}","templated":true}]}}