{"id":104826,"date":"2025-12-01T12:26:08","date_gmt":"2025-12-01T12:26:08","guid":{"rendered":"https:\/\/www.europesays.com\/fi\/104826\/"},"modified":"2025-12-01T12:26:08","modified_gmt":"2025-12-01T12:26:08","slug":"enta-jos-lapsella-on-oikeasti-adhd-eika-apua-saa-ku","status":"publish","type":"post","link":"https:\/\/www.europesays.com\/fi\/104826\/","title":{"rendered":"Ent\u00e4, jos lapsella on oikeasti ADHD eik\u00e4 apua saa? \u2013 KU"},"content":{"rendered":"<p>Suomessa lasten ADHD-diagnoosit ovat kolminkertaistuneet vuodesta 2015. T\u00e4t\u00e4 nyky\u00e4 l\u00e4hes joka kymmenennell\u00e4 peruskouluik\u00e4isell\u00e4 pojalla \u2013 tyt\u00f6ill\u00e4 noin puolella t\u00e4st\u00e4 \u2013 on ADHD. Tyt\u00f6ill\u00e4 esiintyvyys vastaa kansainv\u00e4list\u00e4 keskitasoa, pojilla on huomattavasti suurempaa.<\/p>\n<p>Viime aikoina on puhuttu paljon ylidiagnosoinnista eli siit\u00e4, annetaanko diagnoosi jo liian herk\u00e4sti tai v\u00e4\u00e4rist\u00e4 syist\u00e4. Syiksi ADHD-tyyppisen oireilun lis\u00e4\u00e4ntymiselle on esitetty erilaisia <a target=\"_blank\" href=\"https:\/\/www.duodecimlehti.fi\/duo18338\" rel=\"nofollow noopener\">keskittymist\u00e4 hajottavia ymp\u00e4rist\u00f6tekij\u00f6it\u00e4,<\/a> kuten suuria ryhm\u00e4kokoja ja avoimia luokkatiloja kouluissa sek\u00e4 lis\u00e4\u00e4ntynytt\u00e4 digilaitteiden k\u00e4ytt\u00f6\u00e4, joka tutkitusti onkin haitallista kehittyville aivoille. Diagnoosit painottuvat loppuvuodesta syntyneille lapsille, mik\u00e4 her\u00e4tt\u00e4\u00e4 my\u00f6s kysymyksen suhteellisten ik\u00e4erojen sivuuttamisesta.<\/p>\n<p>Mutta ent\u00e4, jos lapsella onkin oikeasti ADHD, eik\u00e4 kukaan auta?<\/p>\n<p>Tila olisi kuitenkin t\u00e4rke\u00e4 tunnistaa, sill\u00e4 hoitamattomana se altistaa monille eri mielenterveyden h\u00e4iri\u00f6ille, alisuoriutumiselle ja syrj\u00e4ytymiselle sek\u00e4 tilastollisesti jopa lyhent\u00e4\u00e4 elinaikaa.<\/p>\n<p>Liian kapea normaali<\/p>\n<p> <b>Janiina Lammi <\/b>on startup-sijoittaja ja vuorikiipeilij\u00e4, joka on kirjoittanut kirjan Tiikeri \u2013 erityisen tyt\u00f6n tarina (Gummerus 2025) siit\u00e4, millaista on, jos lapsen pahoinvoinnille ja vaikeuksille onkin jokin neurospykiatrinen juurisyy, mutta sit\u00e4 ei l\u00f6ydet\u00e4.<\/p>\n<p>Lammi kertoo seikkaper\u00e4isesti siit\u00e4, miten joutui taistelemaan saadakseen tytt\u00e4relleen apua. Millaisia ajatuksia h\u00e4ness\u00e4 her\u00e4tt\u00e4\u00e4 se, ett\u00e4 keskustelu ADHD:sta painottuu nyt ylidiagnosointiin ja l\u00e4\u00e4kityksen haittoihin?<\/p>\n<p>\u2013\u2009Diagnoosi on nimi asialle, ei syy eik\u00e4 selitys, mutta se antaa nimen ja suunnan sille, mit\u00e4 pit\u00e4\u00e4 ratkaista.<\/p>\n<blockquote><p>\u201dTavallaan ei ole ihme, ett\u00e4 monilla huippulahjakkuuksilla on neuroerityisyyksi\u00e4.\u201d<\/p><\/blockquote>\n<p>Lammi ei usko, ett\u00e4 ADHD:n esiintyvyys olisi r\u00e4j\u00e4hdysm\u00e4isesti lis\u00e4\u00e4ntynyt, vaan kasvaneet diagnoosim\u00e4\u00e4r\u00e4t johtuisivat pikemminkin siit\u00e4, ett\u00e4 asiaa ymm\u00e4rret\u00e4\u00e4n nyt paremmin. <\/p>\n<p>\u2013\u2009Toki t\u00e4m\u00e4 on vain tulkintani tilanteesta, minulla ei ole t\u00e4st\u00e4 tieteellist\u00e4 faktaa.<\/p>\n<p>H\u00e4n kyseenalaistaa sen, onko kyseess\u00e4 edes h\u00e4iri\u00f6 tai poikkeavuus, vaiko vain omanlaisensa neurotyyppi.<\/p>\n<p>\u2013\u2009Yhteiskuntaa, joka on hyvin kilpailullinen ja koko ajan nopeampi ja vaativampi, ei ole optimoitu t\u00e4llaiselle erityisyydelle, jolloin se tietysti n\u00e4kyy r\u00e4ike\u00e4mmin kuin aikaisemmin. Jos esimerkiksi koulussa on rauhallisempi ymp\u00e4rist\u00f6 ja mahdollisuus oppia erilaisin tavoin, silloinhan ongelmia ei v\u00e4ltt\u00e4m\u00e4tt\u00e4 edes tule. Nyt ne ovat r\u00e4j\u00e4ht\u00e4neet k\u00e4siin, koska maailma on t\u00e4llainen kuin se on.]<\/p>\n<p>My\u00f6s hyvi\u00e4 puolia<\/p>\n<p>Diagnostiikka kertoo aina my\u00f6s kulloisenkin yhteiskunnan arvoista ja normeista. Nykyisenlaisessa ymp\u00e4rist\u00f6ss\u00e4 ADHD voi vaikeuttaa el\u00e4m\u00e4\u00e4 huomattavasti, jossain toisenlaisessa se voisi olla etu. Joidenkin teorioiden mukaan esimerkiksi <a target=\"_blank\" href=\"https:\/\/www.ku.fi\/artikkeli\/5099817-adhd-on-poikkeavuus-josta-on-todennakoisesti-ollut-ihmislajille-hyotya\" rel=\"nofollow noopener\">mets\u00e4st\u00e4j\u00e4-ker\u00e4ilij\u00e4kulttuurissa ADHD on ollut hy\u00f6dyllinen ominaisuus.<\/a> <\/p>\n<p>ADHD on vahvasti periytyv\u00e4, yhdest\u00e4 n\u00e4k\u00f6kulmasta kehitysh\u00e4iri\u00f6, toisesta erilainen neurotyyppi, jolle on leimallista vaikeus s\u00e4\u00e4dell\u00e4 omaa tarkkaavaisuutta ja toimintaa. Kaikki eiv\u00e4t ole ylivilkkaita, ja etenkin tyt\u00f6ill\u00e4 voi n\u00e4ky\u00e4 pikemminkin omiin ajatuksiin eksymist\u00e4.<\/p>\n<p>Toisaalta ADHD voi merkit\u00e4 my\u00f6s esimerkiksi kyky\u00e4 havaita ymp\u00e4rist\u00f6\u00e4 yksityiskohtaisesti, <a target=\"_blank\" href=\"https:\/\/www.laakarilehti.fi\/ajassa\/nakokulmat\/adhd-ndash-vaikeudesta-vahvuudeksi\/?public=cac32f4520199e4a59b4921c413c5f44#reference-5\" rel=\"nofollow noopener\">kirjoittaa lastenpsykiatri Anita Puustj\u00e4rvi L\u00e4\u00e4k\u00e4rilehdess\u00e4.<\/a> <\/p>\n<blockquote><p>Ehdottomuuteen vastaaminen ehdottomuudella saa asiat vain pahemman solmuun.<\/p><\/blockquote>\n<p>Muita <a target=\"_blank\" href=\"https:\/\/yle.fi\/a\/3-10437254\" rel=\"nofollow noopener\">ADHD:seen liittyvi\u00e4 positiivisia ominaisuuksia<\/a> ovat esimerkiksi resilienssi, luovuus, kekseli\u00e4isyys ja kyky tarkastella asioita uusista n\u00e4k\u00f6kulmista. Diagnosoidut ovat usein my\u00f6s keskivertoa energisempi\u00e4, rohkeampia ja sinnikk\u00e4\u00e4mpi\u00e4. <\/p>\n<p>Lammi mainitsee my\u00f6s hyperfokuksen, joka tarkoittaa kyky\u00e4 keskitty\u00e4 itse\u00e4 kiinnostavaan asiaan poikkeuksellisen intensiivisesti ja pitk\u00e4j\u00e4nteisesti.<\/p>\n<p>\u2013\u2009Tavallaan ei ole ihme, ett\u00e4 monilla huippulahjakkuuksilla on neuroerityisyyksi\u00e4.<\/p>\n<p>ADHD on vahvasti perinn\u00f6llinen, ja eri arvioiden mukaan perinn\u00f6llisyys selitt\u00e4\u00e4 esiintyvyydest\u00e4 suurimman osan. Kuitenkin my\u00f6s raskauden aikaiset ja sen j\u00e4lkeisetkin ymp\u00e4rist\u00f6tekij\u00e4t vaikuttavat. Korkea \u00e4lyllinen kapasiteetti ja ymp\u00e4rist\u00f6n tuki taas voivat auttaa ihmist\u00e4 p\u00e4rj\u00e4\u00e4m\u00e4\u00e4n ADHD:n kanssakin.<\/p>\n<p>\u201dHuonon \u00e4idin\u201d taakka<\/p>\n<p>Janiina Lammin nyt jo aikuinen tyt\u00e4r <b>Emmi <\/b>oli lapsena hyvin vilkas ja \u00e4rtyis\u00e4. Omaehtoisuus ja joustamattomuus aiheuttivat ongelmia jo p\u00e4iv\u00e4kodissa, ja tyt\u00f6ll\u00e4 oli vaikeuksia yst\u00e4vyyssuhteissa. Samaan aikaan h\u00e4n oli \u00e4idin mukaan hyvin herkk\u00e4, luova ja nokkela.<\/p>\n<p>Aikuisten moitteista tuli lapselle kuitenkin arkea jo varhain, ja h\u00e4n alkoi uskoa olevansa tyhm\u00e4 ja v\u00e4\u00e4r\u00e4nlainen. Lammi kertoo ottaneensa niin p\u00e4iv\u00e4kodin kuin lastenneuvolankin ammattilaisten kanssa puheeksi sen, ett\u00e4 h\u00e4nest\u00e4 lapsessa on jotain erilaista.<\/p>\n<p>\u2013\u2009Mit\u00e4 vanhemmaksi Emmi tuli, sit\u00e4 voimakkaammaksi tuo tunne tuli.<\/p>\n<p>Lammin mukaan h\u00e4n ajatteli pitk\u00e4\u00e4n olevansa vain huono \u00e4iti, joka ei osaa kasvattaa lastaan.<\/p>\n<p>\u2013\u2009Ammattilaisetkin sanoivat, ett\u00e4 haetaankohan nyt syit\u00e4 oman itsen ja toiminnan ulkopuolelta. Ett\u00e4 nyt vain lapsi kuriin. Ja voi jestas, ett\u00e4 yritin!  Mutta mit\u00e4 isommaksi h\u00e4n kasvoi ja mit\u00e4 vaikeammaksi k\u00e4viv\u00e4t ongelmat, sit\u00e4 varmemmaksi tulin siit\u00e4, ett\u00e4 t\u00e4ss\u00e4 on nyt jotain, mit\u00e4 en ymm\u00e4rr\u00e4.<\/p>\n<blockquote><p>Jos tukea ja ymm\u00e4rryst\u00e4 saa, omista erityisyyksist\u00e4 voi tulla my\u00f6s voimavaroja.<\/p><\/blockquote>\n<p>Lammi koki, ett\u00e4 perhett\u00e4 pompoteltiin taholta toiselle kuulemaan j\u00e4lleen kerran, miten kannattaa sy\u00f6d\u00e4 terveellisesti ja menn\u00e4 ajoissa nukkumaan. Uni ja ravinto ovat tietenkin aivan keskeisi\u00e4 tekij\u00f6it\u00e4 jokaisen lapsen hyvinvoinnille ja mielenterveydelle.<\/p>\n<p>\u2013\u2009Mutta eih\u00e4n meille ollut ep\u00e4selv\u00e4\u00e4, mit\u00e4 pit\u00e4isi saada aikaiseksi! Ongelma oli siin\u00e4, miten siihen p\u00e4\u00e4st\u00e4\u00e4n. Emmin oirekuvaan kuuluvat todella voimakkaina ADHD:lle tyypilliset siirtym\u00e4vaikeudet: her\u00e4\u00e4minen, nukahtaminen, l\u00e4hteminen, sosiaalisiin tilanteisiin tuleminen ja niist\u00e4 poistuminen.<\/p>\n<p>ADHD:hen liittyy usein my\u00f6s <a target=\"_blank\" href=\"https:\/\/www.kaypahoito.fi\/nix00954\" rel=\"nofollow noopener\">nukahtamisvaikeuksia<\/a> ja <a target=\"_blank\" href=\"https:\/\/www.kaypahoito.fi\/nix00941\" rel=\"nofollow noopener\">aistiyliherkkyyksi\u00e4<\/a> jotka voivat vaikeuttaa esimerkiksi sy\u00f6mist\u00e4. Kun taustalla on neuropsykiatrinen syy, ongelma ei ratkea kovemmalla kurilla.<\/p>\n<p>\u2013\u2009Jos rankaisee lasta, joka kamppailee t\u00e4llaisten vaikeuksien kanssa, tulee osoittaneeksi lapselle, ettei h\u00e4n ole riitt\u00e4v\u00e4, ei kelpaa eik\u00e4 osaa. Se vain pahentaa tilannetta.<\/p>\n<p>Esimerkiksi lapsen ehdottomuuteen vastaaminen ehdottomuudella saa asiat vain pahemman solmuun.<\/p>\n<p>Kirjassaan Lammi kuvailee yritt\u00e4neens\u00e4 kerta toisensa j\u00e4lkeen vakuuttaa milloin kenellekin, ettei lapsi ole kuriton tai tee asioita kiusallaan, vaan ongelma on jossain muualla \u2013 vaikkei h\u00e4n viel\u00e4 tiennytk\u00e4\u00e4n, miss\u00e4.<\/p>\n<p>\u2013\u2009Ihmiset unohtavat, ett\u00e4 lapsihan ei ole paha, vaan reagoi silloin, kun sill\u00e4 on h\u00e4t\u00e4.<\/p>\n<p>Kaikki apu olisi kelvannut<\/p>\n<p>Lammi kertoo kirjassaan tytt\u00e4rens\u00e4 olleen kahdeksanvuotias, kun t\u00e4m\u00e4 kertoi ensi kertaa haluavansa kuolla, ja kolmetoistavuotiaana viillelleen itse\u00e4\u00e4n mattoveitsell\u00e4. Yl\u00e4asteella mukaan tuli sekak\u00e4ytt\u00f6\u00e4 ja lapsi uskoi jo itsekin, ettei h\u00e4nell\u00e4 olisi tulevaisuutta.<\/p>\n<p>T\u00e4m\u00e4 ei ole t\u00e4ysin tavaton erityislapsen el\u00e4m\u00e4nkulku tilanteessa, jossa h\u00e4n ei saa apua. <a target=\"_blank\" href=\"https:\/\/www.cambridge.org\/core\/journals\/the-british-journal-of-psychiatry\/article\/life-expectancy-and-years-of-life-lost-for-adults-with-diagnosed-adhd-in-the-uk-matched-cohort-study\/30B8B109DF2BB33CC51F72FD1C953739\" rel=\"nofollow noopener\">Tuoreen tutkimuksen mukaan<\/a> ADHD lyhent\u00e4\u00e4 ihmisen el\u00e4m\u00e4\u00e4 noin 5\u201310 vuodella ja lis\u00e4\u00e4 ennenaikaisen kuoleman, kuten tapaturman tai itsemurhan, todenn\u00e4k\u00f6isyytt\u00e4. Tilaan liittyy my\u00f6s lis\u00e4\u00e4ntynyt riski ajautua p\u00e4ihteiden k\u00e4ytt\u00f6\u00f6n tai rikollisuuteen.<\/p>\n<blockquote><p>\u201dEn usko, ett\u00e4 kukaan meille pahuuttaan selk\u00e4ns\u00e4 k\u00e4\u00e4nsi.\u201d<\/p><\/blockquote>\n<p>Lammi muistuttaa, ett\u00e4 ADHD tai mik\u00e4\u00e4n muukaan erityisyys ei automaattisesti tarkoita tiet\u00e4 syrj\u00e4ytymiseen. Jos tukea ja ym\u00e4mrryst\u00e4 saa, omista erityisyyksist\u00e4 voi tulla my\u00f6s voimavaroja. Sit\u00e4 paitsi usein toimet, josta neuroerityiset hy\u00f6tyv\u00e4t huomattavasti \u2013 kuten rauhalliset pienryhm\u00e4t \u2013 olisivat eduksi kaikille lapsille ja nuorille.<\/p>\n<p>Lammin mukaan palavereita tuli ja meni, mutta niist\u00e4 j\u00e4i k\u00e4teen vain nipullinen itsest\u00e4\u00e4nselvyyksi\u00e4. Millaista apua h\u00e4n olisi sitten kaivannut tytt\u00e4rens\u00e4 kanssa ja miss\u00e4 vaiheessa?<\/p>\n<p>\u2013\u2009Miss\u00e4 tahansa vaiheessa mit\u00e4 tahansa sellaista apua, jossa lasta olisi kuultu. Leimallista oli se, ett\u00e4 Emmi\u00e4 ei pys\u00e4hdytty kuuntelemaan. Itse h\u00e4n sanoitti asiaa niin, ett\u00e4 kukaan ei halua kuunnella, vaan kaikki haluavat vain kertoa h\u00e4nelle, miten pit\u00e4isi olla. Kukaan ei halunnut kohdata sit\u00e4 lasta.<\/p>\n<p>Resurssien puute<\/p>\n<p>Lammi kertoo tytt\u00e4rens\u00e4 kuvailleen ADHD:ta niin, ett\u00e4 p\u00e4\u00e4ss\u00e4 olisi p\u00e4\u00e4ll\u00e4 kymmenen radiokanavaa yht\u00e4 aikaa tai monta ihmist\u00e4 huutaisi yhteen \u00e4\u00e4neen.<\/p>\n<p>\u2013\u2009Kun mietit\u00e4\u00e4n tilannetta, ett\u00e4 on pieni lapsi, joka kamppailee ymp\u00e4rist\u00f6n \u00e4rsykemyrskyn keskell\u00e4 parhaansa yritt\u00e4en ja sitten h\u00e4nt\u00e4 jatkuvasti moititaan, ett\u00e4 et taaskaan kuuntele ja oletko tyhm\u00e4, niin siin\u00e4h\u00e4n auktoriteetti musertaa pienen ihmisen min\u00e4kuvan ja itsetunnon ihan kokonaan. Ja kun tarpeeksi monta kertaa sanotaan, ettei motivaatiota ole, niin siit\u00e4 tulee itse\u00e4\u00e4n toteuttava ennuste.<\/p>\n<p>Lammi toteaa my\u00f6s nykyisen kouluymp\u00e4rist\u00f6n olevan lapsille paineisempi kuin viel\u00e4 muutama vuosikymmen sitten.<\/p>\n<p>\u2013\u2009Omassa nuoruudessani kasi oli hyv\u00e4 numero, en\u00e4\u00e4 sen tason oppilas ei ole hyv\u00e4.<\/p>\n<p>Kirjassa kuvataan, miten pikkuhiljaa \u00e4idin avun anelu lapselle vaihtuu raivoon siit\u00e4, ettei kukaan usko eik\u00e4 auta. Mist\u00e4 Lammi ajattelee sen johtuneen, ettei apua saanut?<\/p>\n<p>\u2013\u2009Kaikkihan liittyy siihen, ett\u00e4 lasten ja nuorten kanssa ty\u00f6skentelev\u00e4t varhaiskasvatuksen, terveydenhuollon ja sosiaalialan ammattilaiset ovat hyvin ylikuormittuneita. He tekev\u00e4t valtavan vastuullista ja merkitt\u00e4v\u00e4\u00e4, yhteiskunnalle kriittist\u00e4 ty\u00f6t\u00e4, hyvin pienill\u00e4 resursseilla, joista jatkuvasti leikataan lis\u00e4\u00e4 samaan aikaan, kun tarve kasvaa. Uskallan sanoa, ett\u00e4 siell\u00e4 on paljon ihmisi\u00e4, jotka ovat musertuneita ty\u00f6taakan alle ja yritt\u00e4v\u00e4t vain selviyty\u00e4. En usko, ett\u00e4 kukaan meille pahuuttaan selk\u00e4ns\u00e4 k\u00e4\u00e4nsi.<\/p>\n<p>Diagnoosin j\u00e4lkeen<\/p>\n<p>Ratkaisevaksi muodostui lopulta er\u00e4s matalan kynnyksen palvelun ty\u00f6ntekij\u00e4, joka kehotti perhett\u00e4 hakeutumaan tutkimuksiin. Lammi vei yl\u00e4asteik\u00e4isen tytt\u00e4rens\u00e4 saman tien yksityiselle l\u00e4\u00e4k\u00e4rille, ja tutkimusjakson j\u00e4lkeen diagnoosi oli harvinaisen selv\u00e4.<\/p>\n<p>Se ei kuitenkaan ollut pelk\u00e4st\u00e4\u00e4n helpotus. Lammi kertoo kokeneensa valtavaa syyllisyytt\u00e4 siit\u00e4, miksei ollut ymm\u00e4rt\u00e4nyt vied\u00e4 lasta tutkimuksiin yksityisen terveydenhuollon puolelle aiemmin. H\u00e4n kertoo kysyneens\u00e4 j\u00e4lkik\u00e4teen my\u00f6s koulupsykologilta, miksei t\u00e4m\u00e4 ollut ehdottanut tutkimuksiin hakeutumista \u2013 vaan p\u00e4invastoin.<\/p>\n<p>\u2013\u2009H\u00e4n sanoi, ettei diagnoosi olisi muuttanut mit\u00e4\u00e4n, koska resurssit ovat mit\u00e4 ovat. Mutta jos he olisivat sanoneet ep\u00e4ilev\u00e4ns\u00e4 t\u00e4llaista, olisin voinut vied\u00e4 lapsen tutkimuksiin itse, kuten sitten lopulta teinkin. Mutta ei minulle tullut mieleenk\u00e4\u00e4n olla uskomatta ammattilaisia, jotka sanovat, ett\u00e4 syyt\u00e4 tutkia ei ole.<\/p>\n<blockquote><p>\u201dH\u00e4n sanoi, ettei diagnoosi olisi muuttanut mit\u00e4\u00e4n, koska resurssit ovat mit\u00e4 ovat.\u201d<\/p><\/blockquote>\n<p>Aluksi tyt\u00e4r itse koki diagnoosin leimaavaksi. Apua ja tukea alkoi kuitenkin j\u00e4rjesty\u00e4 pikkuhiljaa vasta, kun \u201dvaivalla\u201d oli nimi.<\/p>\n<p>Lammi huomauttaa, ett\u00e4 ymp\u00e4rist\u00f6n suhtautumisella voi olla ratkaiseva vaikutus ADHD-lapseen ja koko perheen jaksamiseen. H\u00e4n kertoo ty\u00f6paikan ymm\u00e4rt\u00e4v\u00e4ll\u00e4 suhtautumisella olleen itselleen valtavan suuren merkityksen. Lammi sanoo kohdanneensa my\u00f6s vertaisia, jotka jaksoivat muistuttaa, miten t\u00e4rke\u00e4\u00e4 on, ett\u00e4 lapsella on vanhempi, joka uskoo lapseen eik\u00e4 anna periksi.<\/p>\n<p>Kaikilla lapsilla v\u00e4litt\u00e4v\u00e4\u00e4 aikuista ei el\u00e4m\u00e4ss\u00e4\u00e4n kuitenkaan ole tai jos onkin, aikuisella ei v\u00e4ltt\u00e4m\u00e4tt\u00e4 ole osaamista tai voimavaroja hankkia lapselle t\u00e4m\u00e4n tarvitsemaa tukea. Ilman apua voivat silloin helposti j\u00e4\u00e4d\u00e4 juuri ne lapset, ketk\u00e4 sit\u00e4 eniten tarvitsisivat.<\/p>\n<p>Niille, jotka avun ja tuen resursseista ja niiden jakamisesta p\u00e4\u00e4tt\u00e4v\u00e4t, Lammilla on terveisi\u00e4:<\/p>\n<p>\u2013\u2009N\u00e4m\u00e4 ovat ne ihmiset, jotka rakentavat meid\u00e4n tulevaisuutemme ja maksavat el\u00e4kkeemme. Varhaiskasvatus on aivan ratkaisevassa roolissa, siell\u00e4 on jo ihan pienten lasten kanssa valtavia haasteita. Jos n\u00e4m\u00e4 lapset tunnistettaisiin ja vanhemmat saisivat ymm\u00e4rryst\u00e4, vertaistukea ja opastusta, niin uskon, ett\u00e4 meill\u00e4 kaikilla olisi aika paljon parempi tulevaisuus edess\u00e4mme.<\/p>\n","protected":false},"excerpt":{"rendered":"Suomessa lasten ADHD-diagnoosit ovat kolminkertaistuneet vuodesta 2015. T\u00e4t\u00e4 nyky\u00e4 l\u00e4hes joka kymmenennell\u00e4 peruskouluik\u00e4isell\u00e4 pojalla \u2013 tyt\u00f6ill\u00e4 noin puolella&hellip;\n","protected":false},"author":2,"featured_media":104827,"comment_status":"","ping_status":"","sticky":false,"template":"","format":"standard","meta":{"footnotes":""},"categories":[165],"tags":[33,31,30,166,32,167],"class_list":{"0":"post-104826","1":"post","2":"type-post","3":"status-publish","4":"format-standard","5":"has-post-thumbnail","7":"category-terveys","8":"tag-fi","9":"tag-finland","10":"tag-finnish","11":"tag-health","12":"tag-suomi","13":"tag-terveys"},"share_on_mastodon":{"url":"https:\/\/pubeurope.com\/@fi\/115644307006094395","error":""},"_links":{"self":[{"href":"https:\/\/www.europesays.com\/fi\/wp-json\/wp\/v2\/posts\/104826","targetHints":{"allow":["GET"]}}],"collection":[{"href":"https:\/\/www.europesays.com\/fi\/wp-json\/wp\/v2\/posts"}],"about":[{"href":"https:\/\/www.europesays.com\/fi\/wp-json\/wp\/v2\/types\/post"}],"author":[{"embeddable":true,"href":"https:\/\/www.europesays.com\/fi\/wp-json\/wp\/v2\/users\/2"}],"replies":[{"embeddable":true,"href":"https:\/\/www.europesays.com\/fi\/wp-json\/wp\/v2\/comments?post=104826"}],"version-history":[{"count":0,"href":"https:\/\/www.europesays.com\/fi\/wp-json\/wp\/v2\/posts\/104826\/revisions"}],"wp:featuredmedia":[{"embeddable":true,"href":"https:\/\/www.europesays.com\/fi\/wp-json\/wp\/v2\/media\/104827"}],"wp:attachment":[{"href":"https:\/\/www.europesays.com\/fi\/wp-json\/wp\/v2\/media?parent=104826"}],"wp:term":[{"taxonomy":"category","embeddable":true,"href":"https:\/\/www.europesays.com\/fi\/wp-json\/wp\/v2\/categories?post=104826"},{"taxonomy":"post_tag","embeddable":true,"href":"https:\/\/www.europesays.com\/fi\/wp-json\/wp\/v2\/tags?post=104826"}],"curies":[{"name":"wp","href":"https:\/\/api.w.org\/{rel}","templated":true}]}}