{"id":104835,"date":"2025-12-01T12:33:09","date_gmt":"2025-12-01T12:33:09","guid":{"rendered":"https:\/\/www.europesays.com\/fi\/104835\/"},"modified":"2025-12-01T12:33:09","modified_gmt":"2025-12-01T12:33:09","slug":"varusmies-on-kuollut-kainuun-prikaatin-harjoituksessa-uutisia-lyhyesti","status":"publish","type":"post","link":"https:\/\/www.europesays.com\/fi\/104835\/","title":{"rendered":"Varusmies on kuollut Kainuun prikaatin harjoituksessa | Uutisia lyhyesti"},"content":{"rendered":"<p class=\"aw-1gybjub aw-5vja16 kEtdKx kmuxyA yle__article__paragraph\">Kuolleen varusmiehen omaiset ovat saaneet tiedon tapahtumasta.<\/p>\n<p><img decoding=\"async\" alt=\"Sotilaita kolmiriviss\u00e4 k\u00e4yt\u00e4v\u00e4ll\u00e4. \" src=\"https:\/\/www.europesays.com\/fi\/wp-content\/uploads\/2025\/12\/39-14072086788dc5511dbe.jpeg\" class=\"aw-1l9m598 hKVVvP\"\/><\/p>\n<p>Avaa kuvien katselu<\/p>\n<p>Kuvituskuva. Varusmiehen kuolemaan ei ep\u00e4ill\u00e4 liittyv\u00e4n rikosta. Oulun poliisilaitos tutkii tapahtumaa kuolemansyyntutkintana. Kuva: Matti Myller \/ Yle<\/p>\n<p>13:27\u2022P\u00e4ivitetty 14:19<\/p>\n<p class=\"aw-1gybjub aw-1p7kakr kEtdKx cEmitX yle__article__paragraph\">Kainuun prikaatin varusmies on kuollut maanantaiaamuna <a class=\"aw-iao6s4 iHOxEa yle__article__link\" href=\"https:\/\/yle.fi\/a\/74-20196728\" role=\"link\" rel=\"nofollow noopener\" target=\"_blank\">taisteluharjoituksessa<\/a> Vuosangassa Kuhmossa. Asiasta kertoo Kainuun prikaati tiedotteessaan.<\/p>\n<p class=\"aw-1gybjub aw-1p7kakr kEtdKx cEmitX yle__article__paragraph\">Kainuun prikaatin mukaan varusmiehen kuolemaan johtaneet tapahtumat eiv\u00e4t aiheuttaneet vaaraa muulle harjoitusjoukolle.<\/p>\n<p class=\"aw-1gybjub aw-1p7kakr kEtdKx cEmitX yle__article__paragraph\">Kuolleen varusmiehen omaiset ovat saaneet tiedon tapahtumasta.<\/p>\n<p class=\"aw-1gybjub aw-1p7kakr kEtdKx cEmitX yle__article__paragraph\">Kainuun prikaatin mukaan kyseess\u00e4 ei ollut onnettomuus tai vahinko, eik\u00e4 tilanteeseen ep\u00e4ill\u00e4 liittyv\u00e4n rikosta. Oulun poliisilaitos tutkii tapahtumaa kuolemansyyntutkintana.<\/p>\n<p class=\"aw-1gybjub aw-1p7kakr kEtdKx cEmitX yle__article__paragraph\">Kriisituen antaminen menehtyneen varusmiehen joukkuetovereille on aloitettu v\u00e4litt\u00f6m\u00e4sti, kertoo Kainuun prikaatin esikuntap\u00e4\u00e4llikk\u00f6, everstiluutnantti <strong class=\"aw-ak79eh KyCXm yle__article__strong\">Jukka Vuorisalmi<\/strong>.<\/p>\n<p class=\"aw-1gybjub aw-1p7kakr kEtdKx cEmitX yle__article__paragraph\">\u2013 Tapahtuma on j\u00e4rkytt\u00e4v\u00e4, joten kyseisen joukkueen harjoitus ei ole jatkunut aivan normaalisti. Paikalla olleiden kanssa on k\u00e4yty ensimm\u00e4iset kriisiapukeskustelut, ja omat ammattilaiset jatkavat kriisiavun tarjoamista my\u00f6s niille, jotka kokevat tilanteen vaikeaksi.<\/p>\n<p class=\"aw-1gybjub aw-1p7kakr kEtdKx cEmitX yle__article__paragraph\">Kainuun prikaati kunnioittaa kuolleen varusmiehen muistoa suruliputuksella huomenna tiistaina 2. joulukuuta.<\/p>\n","protected":false},"excerpt":{"rendered":"Kuolleen varusmiehen omaiset ovat saaneet tiedon tapahtumasta. Avaa kuvien katselu Kuvituskuva. Varusmiehen kuolemaan ei ep\u00e4ill\u00e4 liittyv\u00e4n rikosta. Oulun&hellip;\n","protected":false},"author":2,"featured_media":104836,"comment_status":"","ping_status":"","sticky":false,"template":"","format":"standard","meta":{"footnotes":""},"categories":[12],"tags":[22,23,26,27,33,31,30,17,723,10486,4223,24,25,28,29,15,837,18,21,32,19,20,16],"class_list":{"0":"post-104835","1":"post","2":"type-post","3":"status-publish","4":"format-standard","5":"has-post-thumbnail","7":"category-suomi","8":"tag-breaking-news","9":"tag-breakingnews","10":"tag-featured-news","11":"tag-featurednews","12":"tag-fi","13":"tag-finland","14":"tag-finnish","15":"tag-headlines","16":"tag-kainuu","17":"tag-kainuun-prikaati","18":"tag-kuolleet","19":"tag-latest-news","20":"tag-latestnews","21":"tag-main-news","22":"tag-mainnews","23":"tag-news","24":"tag-onnettomuudet","25":"tag-otsikot","26":"tag-paauutiset","27":"tag-suomi","28":"tag-top-stories","29":"tag-topstories","30":"tag-uutiset"},"share_on_mastodon":{"url":"https:\/\/pubeurope.com\/@fi\/115644334545182031","error":""},"_links":{"self":[{"href":"https:\/\/www.europesays.com\/fi\/wp-json\/wp\/v2\/posts\/104835","targetHints":{"allow":["GET"]}}],"collection":[{"href":"https:\/\/www.europesays.com\/fi\/wp-json\/wp\/v2\/posts"}],"about":[{"href":"https:\/\/www.europesays.com\/fi\/wp-json\/wp\/v2\/types\/post"}],"author":[{"embeddable":true,"href":"https:\/\/www.europesays.com\/fi\/wp-json\/wp\/v2\/users\/2"}],"replies":[{"embeddable":true,"href":"https:\/\/www.europesays.com\/fi\/wp-json\/wp\/v2\/comments?post=104835"}],"version-history":[{"count":0,"href":"https:\/\/www.europesays.com\/fi\/wp-json\/wp\/v2\/posts\/104835\/revisions"}],"wp:featuredmedia":[{"embeddable":true,"href":"https:\/\/www.europesays.com\/fi\/wp-json\/wp\/v2\/media\/104836"}],"wp:attachment":[{"href":"https:\/\/www.europesays.com\/fi\/wp-json\/wp\/v2\/media?parent=104835"}],"wp:term":[{"taxonomy":"category","embeddable":true,"href":"https:\/\/www.europesays.com\/fi\/wp-json\/wp\/v2\/categories?post=104835"},{"taxonomy":"post_tag","embeddable":true,"href":"https:\/\/www.europesays.com\/fi\/wp-json\/wp\/v2\/tags?post=104835"}],"curies":[{"name":"wp","href":"https:\/\/api.w.org\/{rel}","templated":true}]}}