{"id":104843,"date":"2025-12-01T12:50:24","date_gmt":"2025-12-01T12:50:24","guid":{"rendered":"https:\/\/www.europesays.com\/fi\/104843\/"},"modified":"2025-12-01T12:50:24","modified_gmt":"2025-12-01T12:50:24","slug":"mista-suomalaisesta-tv-sarjasta-on-kyse-kokeile-tunnistatko-pelkastaan-hahmon-perusteella","status":"publish","type":"post","link":"https:\/\/www.europesays.com\/fi\/104843\/","title":{"rendered":"Mist\u00e4 suomalaisesta tv-sarjasta on kyse? Kokeile, tunnistatko pelk\u00e4st\u00e4\u00e4n hahmon perusteella"},"content":{"rendered":"<p>Suomalaiseen tv-historiaan mahtuu monia ikonisia hahmoja ja mieleenpainuvia sivuhenkil\u00f6it\u00e4. Vai ovatko he olleet mieleenpainuvia? Testaa itse.<\/p>\n<p><img decoding=\"async\" class=\"image image-show image-preview\" src=\"https:\/\/www.europesays.com\/fi\/wp-content\/uploads\/2025\/12\/db68edf832ff10700e1e81f77de6a9fb16949e587a4212acb90c060fe684734a.jpg\" alt=\"\"\/><img decoding=\"async\" class=\"image image-show\" src=\"https:\/\/www.europesays.com\/fi\/wp-content\/uploads\/2025\/12\/1764593423_719_db68edf832ff10700e1e81f77de6a9fb16949e587a4212acb90c060fe684734a.jpg\" alt=\"\"\/><\/p>\n<p>Mist\u00e4 sarjasta h\u00e4n on tuttu? Yle<\/p>\n<p class=\"paragraph\">Suomalaiseen tv-historiaan mahtuu lukuisia sarjoja. Monipuoliseen joukkoon mahtuu takavuosina tehtyj\u00e4 kulttisarjoja, rakastettuja komedioita ja vuosia porskuttaneita draamoja.<\/p>\n<p class=\"paragraph\">Tunnistatko yhden hahmon perusteella, mist\u00e4 suomalaisesta tv-sarjasta on kyse? Jos olet seurannut erilaisia formaatteja eri vuosikymmenill\u00e4, olet vahvoilla.<\/p>\n<p class=\"paragraph\">Lis\u00e4\u00e4 Iltalehden testej\u00e4 ja visoja l\u00f6yd\u00e4t <a href=\"https:\/\/www.iltalehti.fi\/testit\" rel=\"nofollow noopener\" target=\"_blank\">t\u00e4\u00e4lt\u00e4<\/a>.<\/p>\n","protected":false},"excerpt":{"rendered":"Suomalaiseen tv-historiaan mahtuu monia ikonisia hahmoja ja mieleenpainuvia sivuhenkil\u00f6it\u00e4. Vai ovatko he olleet mieleenpainuvia? Testaa itse. Mist\u00e4 sarjasta&hellip;\n","protected":false},"author":2,"featured_media":104844,"comment_status":"","ping_status":"","sticky":false,"template":"","format":"standard","meta":{"footnotes":""},"categories":[133],"tags":[35,153,623,19818,137,33,31,30,1928,1616,32,206,140,156,109],"class_list":{"0":"post-104843","1":"post","2":"type-post","3":"status-publish","4":"format-standard","5":"has-post-thumbnail","7":"category-televisiot","8":"tag-24h","9":"tag-audiovisuaalinen-media","10":"tag-elokuva","11":"tag-elokuva-elokuva-ja-videotoiminta","12":"tag-entertainment","13":"tag-fi","14":"tag-finland","15":"tag-finnish","16":"tag-kirjallisuus-ja-audiovisuaalinen-media","17":"tag-media-viestinta","18":"tag-suomi","19":"tag-televisiot","20":"tag-tv-ja-elokuvat","21":"tag-tv","22":"tag-viihde"},"share_on_mastodon":{"url":"https:\/\/pubeurope.com\/@fi\/115644401377244061","error":""},"_links":{"self":[{"href":"https:\/\/www.europesays.com\/fi\/wp-json\/wp\/v2\/posts\/104843","targetHints":{"allow":["GET"]}}],"collection":[{"href":"https:\/\/www.europesays.com\/fi\/wp-json\/wp\/v2\/posts"}],"about":[{"href":"https:\/\/www.europesays.com\/fi\/wp-json\/wp\/v2\/types\/post"}],"author":[{"embeddable":true,"href":"https:\/\/www.europesays.com\/fi\/wp-json\/wp\/v2\/users\/2"}],"replies":[{"embeddable":true,"href":"https:\/\/www.europesays.com\/fi\/wp-json\/wp\/v2\/comments?post=104843"}],"version-history":[{"count":0,"href":"https:\/\/www.europesays.com\/fi\/wp-json\/wp\/v2\/posts\/104843\/revisions"}],"wp:featuredmedia":[{"embeddable":true,"href":"https:\/\/www.europesays.com\/fi\/wp-json\/wp\/v2\/media\/104844"}],"wp:attachment":[{"href":"https:\/\/www.europesays.com\/fi\/wp-json\/wp\/v2\/media?parent=104843"}],"wp:term":[{"taxonomy":"category","embeddable":true,"href":"https:\/\/www.europesays.com\/fi\/wp-json\/wp\/v2\/categories?post=104843"},{"taxonomy":"post_tag","embeddable":true,"href":"https:\/\/www.europesays.com\/fi\/wp-json\/wp\/v2\/tags?post=104843"}],"curies":[{"name":"wp","href":"https:\/\/api.w.org\/{rel}","templated":true}]}}