{"id":104854,"date":"2025-12-01T12:59:11","date_gmt":"2025-12-01T12:59:11","guid":{"rendered":"https:\/\/www.europesays.com\/fi\/104854\/"},"modified":"2025-12-01T12:59:11","modified_gmt":"2025-12-01T12:59:11","slug":"sipri-maailman-sadan-suurimman-puolustusteollisuusyhtion-liikevaihto-kasvoi-lahes-kuusi-prosenttia-uutisia-lyhyesti","status":"publish","type":"post","link":"https:\/\/www.europesays.com\/fi\/104854\/","title":{"rendered":"Sipri: Maailman sadan suurimman puolustus\u00adteollisuusyhti\u00f6n liikevaihto kasvoi l\u00e4hes kuusi prosenttia | Uutisia lyhyesti"},"content":{"rendered":"<p class=\"aw-1gybjub aw-5vja16 kEtdKx kmuxyA yle__article__paragraph\">Maailman viisi suurinta puolustus\u00adteollisuusyrityst\u00e4 kasvattivat kaikki liikevaihtoaan ensimm\u00e4ist\u00e4 kertaa sitten vuoden 2018.<\/p>\n<p><img decoding=\"async\" alt=\"Sotilasvarusteisiin ja aseisiin puettuja mannekiineja on n\u00e4ytill\u00e4 messuilla.\" src=\"https:\/\/www.europesays.com\/fi\/wp-content\/uploads\/2025\/12\/39-1562044692cd1100a8a8.jpeg\" class=\"aw-1l9m598 hKVVvP\"\/><\/p>\n<p>Avaa kuvien katselu<\/p>\n<p>Kuvituskuva. Mallinukkeja on puettu sotilasvarusteisiin ja aseisiin puolustusalan Milipol-messuilla Pariisissa 18. marraskuuta 2025. Kuva: Thibaud Moritz \/ AFP<\/p>\n<p class=\"aw-1gybjub aw-1p7kakr kEtdKx cEmitX yle__article__paragraph\">Maailman sadan suurimman puolustusteollisuusyhti\u00f6n liikevaihto kasvoi viime vuonna l\u00e4hes kuusi prosenttia 679 miljardiin dollariin eli noin 587 miljardiin euroon. Asiasta kertoo Tukholman kansainv\u00e4lisen rauhantutkimusinstituutin Siprin tuore tutkimus.<\/p>\n<p class=\"aw-1gybjub aw-1p7kakr kEtdKx cEmitX yle__article__paragraph\">Aseiden ja puolustusv\u00e4lineiden kauppaa vauhdittivat esimerkiksi Ven\u00e4j\u00e4n hy\u00f6kk\u00e4yssota Ukrainassa ja Israelin k\u00e4ym\u00e4 sota Gazassa. My\u00f6s maailmanlaajuiset ja alueelliset geopoliittiset j\u00e4nnitteet kasvattivat puolustusteollisuusyritysten liikevaihtoa.<\/p>\n<p class=\"aw-1gybjub aw-1p7kakr kEtdKx cEmitX yle__article__paragraph\">Ensimm\u00e4ist\u00e4 kertaa sitten vuoden 2018 maailman viisi suurinta puolustusteollisuusyrityst\u00e4 kasvattivat kaikki liikevaihtoaan.<\/p>\n<p class=\"aw-1gybjub aw-1p7kakr kEtdKx cEmitX yle__article__paragraph\">Liikevaihdon ja uusien tilausten kasvu johti monen yrityksen kohdalla tuotantolinjojen ja -laitosten rakentamisiin, tyt\u00e4ryhti\u00f6iden perustamisiin sek\u00e4 yrityskauppoihin.<\/p>\n<p class=\"aw-1gybjub aw-1p7kakr kEtdKx cEmitX yle__article__paragraph\">\u2013 Viime vuonna asekaupan liikevaihto ylitti Siprin kautta aikojen korkeimman mittaaman tason, kun yhti\u00f6t hy\u00f6dynsiv\u00e4t suurta kysynt\u00e4\u00e4. Vaikka yhti\u00f6t ovat rakentaneet tuotantokapasiteettiaan, ne silti kohtaavat haasteita, jotka voivat vaikuttaa kustannuksiin ja aikatauluihin, Sipri tutkija <strong class=\"aw-ak79eh KyCXm yle__article__strong\">Lorenzo Scarazzato<\/strong> sanoo tiedotteessa.<\/p>\n","protected":false},"excerpt":{"rendered":"Maailman viisi suurinta puolustus\u00adteollisuusyrityst\u00e4 kasvattivat kaikki liikevaihtoaan ensimm\u00e4ist\u00e4 kertaa sitten vuoden 2018. Avaa kuvien katselu Kuvituskuva. Mallinukkeja on&hellip;\n","protected":false},"author":2,"featured_media":104855,"comment_status":"","ping_status":"","sticky":false,"template":"","format":"standard","meta":{"footnotes":""},"categories":[14],"tags":[6613,22,23,26,27,33,31,30,17,19820,24,25,28,29,15,18,21,32,78,1053,19,20,19819,56,16,59,60,61,1356],"class_list":{"0":"post-104854","1":"post","2":"type-post","3":"status-publish","4":"format-standard","5":"has-post-thumbnail","7":"category-ulkomaat","8":"tag-aseteollisuus","9":"tag-breaking-news","10":"tag-breakingnews","11":"tag-featured-news","12":"tag-featurednews","13":"tag-fi","14":"tag-finland","15":"tag-finnish","16":"tag-headlines","17":"tag-kasvava-liikevaihto","18":"tag-latest-news","19":"tag-latestnews","20":"tag-main-news","21":"tag-mainnews","22":"tag-news","23":"tag-otsikot","24":"tag-paauutiset","25":"tag-suomi","26":"tag-talous","27":"tag-teollisuus","28":"tag-top-stories","29":"tag-topstories","30":"tag-tukholman-kansainvalinen-rauhantutkimusinstituutti","31":"tag-ulkomaat","32":"tag-uutiset","33":"tag-world","34":"tag-world-news","35":"tag-worldnews","36":"tag-yritykset"},"share_on_mastodon":{"url":"https:\/\/pubeurope.com\/@fi\/115644436920832697","error":""},"_links":{"self":[{"href":"https:\/\/www.europesays.com\/fi\/wp-json\/wp\/v2\/posts\/104854","targetHints":{"allow":["GET"]}}],"collection":[{"href":"https:\/\/www.europesays.com\/fi\/wp-json\/wp\/v2\/posts"}],"about":[{"href":"https:\/\/www.europesays.com\/fi\/wp-json\/wp\/v2\/types\/post"}],"author":[{"embeddable":true,"href":"https:\/\/www.europesays.com\/fi\/wp-json\/wp\/v2\/users\/2"}],"replies":[{"embeddable":true,"href":"https:\/\/www.europesays.com\/fi\/wp-json\/wp\/v2\/comments?post=104854"}],"version-history":[{"count":0,"href":"https:\/\/www.europesays.com\/fi\/wp-json\/wp\/v2\/posts\/104854\/revisions"}],"wp:featuredmedia":[{"embeddable":true,"href":"https:\/\/www.europesays.com\/fi\/wp-json\/wp\/v2\/media\/104855"}],"wp:attachment":[{"href":"https:\/\/www.europesays.com\/fi\/wp-json\/wp\/v2\/media?parent=104854"}],"wp:term":[{"taxonomy":"category","embeddable":true,"href":"https:\/\/www.europesays.com\/fi\/wp-json\/wp\/v2\/categories?post=104854"},{"taxonomy":"post_tag","embeddable":true,"href":"https:\/\/www.europesays.com\/fi\/wp-json\/wp\/v2\/tags?post=104854"}],"curies":[{"name":"wp","href":"https:\/\/api.w.org\/{rel}","templated":true}]}}