{"id":104856,"date":"2025-12-01T13:00:11","date_gmt":"2025-12-01T13:00:11","guid":{"rendered":"https:\/\/www.europesays.com\/fi\/104856\/"},"modified":"2025-12-01T13:00:11","modified_gmt":"2025-12-01T13:00:11","slug":"18-vuotiasta-epaillaan-ysitien-kuolonkolarista","status":"publish","type":"post","link":"https:\/\/www.europesays.com\/fi\/104856\/","title":{"rendered":"18-vuotiasta ep\u00e4ill\u00e4\u00e4n Ysitien kuolonkolarista"},"content":{"rendered":"<p>Poliisin mukaan nokkakolarissa loukkaantuneet ovat edelleen sairaalahoidossa. Onnettomuus tapahtui Ysitiell\u00e4 Varsinais-Suomessa.<\/p>\n<p><img decoding=\"async\" class=\"image image-show image-preview\" src=\"https:\/\/www.europesays.com\/fi\/wp-content\/uploads\/2025\/11\/223967ff450e393078d70dd697cbc79a5d36d15e0a8c0222b5024086ad5318de.jpg\" alt=\"\"\/><img decoding=\"async\" class=\"image image-show\" src=\"https:\/\/www.europesays.com\/fi\/wp-content\/uploads\/2025\/11\/1764516969_680_223967ff450e393078d70dd697cbc79a5d36d15e0a8c0222b5024086ad5318de.jpg\" alt=\"\"\/><\/p>\n<p>Nokkakolarisa kuoli i\u00e4k\u00e4s autoilija. Vastaan tullutta 18-vuotiasta ep\u00e4ill\u00e4\u00e4n rikoksista. Simo P\u00e4iv\u00e4rinta<\/p>\n<p class=\"paragraph\">Poliisi ep\u00e4ilee 18-vuotiasta nuorta aikuista rikoksista Loimaan kuolonkolarissa.<\/p>\n<p class=\"paragraph\">Poliisi ep\u00e4ilee nuorukaista t\u00f6rke\u00e4st\u00e4 liikenneturvallisuuden vaarantamisesta ja kuolemantuottamuksesta. Poliisi on p\u00e4\u00e4ssyt kuulemaan nuorta kuljettajaa. Sen tarkemmin poliisi ei toistaiseksi avaa kolarin syit\u00e4.<\/p>\n<p class=\"paragraph\">\u2013 P\u00e4ihteill\u00e4 ei ole ollut osuutta asiassa, sanoo tutkinnanjohtaja, komisario <strong>Jutta Sainio<\/strong> Lounais-Suomen poliisilaitokselta.<\/p>\n<p class=\"paragraph\">Kuolonkolari tapahtui sunnuntaina hieman ennen kello nelj\u00e4\u00e4 p\u00e4iv\u00e4ll\u00e4 Ysitiell\u00e4 Loimaalla, noin sata metri\u00e4 Mellil\u00e4ntien risteyksest\u00e4 Turkuun p\u00e4in. Kaksi vastakkaisiin suuntiin matkalla ollutta henkil\u00f6autoa t\u00f6rm\u00e4siv\u00e4t toisiinsa. Toinen auto suistui t\u00f6rm\u00e4yksen j\u00e4lkeen ojaan.<\/p>\n<p class=\"paragraph\">Toisessa autossa oli kaksi i\u00e4k\u00e4st\u00e4 ihmist\u00e4. Matkustaja loukkaantui vakavasti ja kuljettaja kuoli. Lis\u00e4ksi autossa oli koira.<\/p>\n<p class=\"paragraph\">Sek\u00e4 i\u00e4k\u00e4s matkustaja ett\u00e4 18-vuotias toisen auton kuljettaja ovat edelleen sairaalahoidossa.<\/p>\n","protected":false},"excerpt":{"rendered":"Poliisin mukaan nokkakolarissa loukkaantuneet ovat edelleen sairaalahoidossa. Onnettomuus tapahtui Ysitiell\u00e4 Varsinais-Suomessa. Nokkakolarisa kuoli i\u00e4k\u00e4s autoilija. Vastaan tullutta 18-vuotiasta&hellip;\n","protected":false},"author":2,"featured_media":104044,"comment_status":"","ping_status":"","sticky":false,"template":"","format":"standard","meta":{"footnotes":""},"categories":[12],"tags":[35,22,23,26,27,33,31,30,17,24,25,121,990,28,29,15,837,18,21,52,32,128,19,20,16],"class_list":{"0":"post-104856","1":"post","2":"type-post","3":"status-publish","4":"format-standard","5":"has-post-thumbnail","7":"category-suomi","8":"tag-24h","9":"tag-breaking-news","10":"tag-breakingnews","11":"tag-featured-news","12":"tag-featurednews","13":"tag-fi","14":"tag-finland","15":"tag-finnish","16":"tag-headlines","17":"tag-latest-news","18":"tag-latestnews","19":"tag-liikenne-ja-kuljetus","20":"tag-liikenneonnettomuudet","21":"tag-main-news","22":"tag-mainnews","23":"tag-news","24":"tag-onnettomuudet","25":"tag-otsikot","26":"tag-paauutiset","27":"tag-poliisi","28":"tag-suomi","29":"tag-tieliikenne","30":"tag-top-stories","31":"tag-topstories","32":"tag-uutiset"},"share_on_mastodon":{"url":"https:\/\/pubeurope.com\/@fi\/115644440856444350","error":""},"_links":{"self":[{"href":"https:\/\/www.europesays.com\/fi\/wp-json\/wp\/v2\/posts\/104856","targetHints":{"allow":["GET"]}}],"collection":[{"href":"https:\/\/www.europesays.com\/fi\/wp-json\/wp\/v2\/posts"}],"about":[{"href":"https:\/\/www.europesays.com\/fi\/wp-json\/wp\/v2\/types\/post"}],"author":[{"embeddable":true,"href":"https:\/\/www.europesays.com\/fi\/wp-json\/wp\/v2\/users\/2"}],"replies":[{"embeddable":true,"href":"https:\/\/www.europesays.com\/fi\/wp-json\/wp\/v2\/comments?post=104856"}],"version-history":[{"count":0,"href":"https:\/\/www.europesays.com\/fi\/wp-json\/wp\/v2\/posts\/104856\/revisions"}],"wp:featuredmedia":[{"embeddable":true,"href":"https:\/\/www.europesays.com\/fi\/wp-json\/wp\/v2\/media\/104044"}],"wp:attachment":[{"href":"https:\/\/www.europesays.com\/fi\/wp-json\/wp\/v2\/media?parent=104856"}],"wp:term":[{"taxonomy":"category","embeddable":true,"href":"https:\/\/www.europesays.com\/fi\/wp-json\/wp\/v2\/categories?post=104856"},{"taxonomy":"post_tag","embeddable":true,"href":"https:\/\/www.europesays.com\/fi\/wp-json\/wp\/v2\/tags?post=104856"}],"curies":[{"name":"wp","href":"https:\/\/api.w.org\/{rel}","templated":true}]}}