{"id":104857,"date":"2025-12-01T13:01:09","date_gmt":"2025-12-01T13:01:09","guid":{"rendered":"https:\/\/www.europesays.com\/fi\/104857\/"},"modified":"2025-12-01T13:01:09","modified_gmt":"2025-12-01T13:01:09","slug":"sanna-marinin-avustaja-loysi-uuden-tyopaikan","status":"publish","type":"post","link":"https:\/\/www.europesays.com\/fi\/104857\/","title":{"rendered":"Sanna Marinin avustaja l\u00f6ysi uuden ty\u00f6paikan"},"content":{"rendered":"<p><strong class=\"typography-bold\">Ex-p\u00e4\u00e4ministeri Sanna Marinin erityisavustaja Iida Vallin siirtyy Marinin yhti\u00f6st\u00e4 viestint\u00e4toimiston leipiin.<\/strong><\/p>\n<p>Iida Vallin aloittaa johtavana neuvonantajana ja osakkaana Aina Advisors Oy:ssa.<\/p>\n<p>T\u00e4h\u00e4n asti Vallin on ty\u00f6skennellyt Sanna Marinin MA\/PI-yrityksess\u00e4, jossa Vallin on ty\u00f6skennellyt sidosryhm\u00e4johtajan tittelill\u00e4.<\/p>\n<p>Sanna Marinin p\u00e4\u00e4ministerikaudella Vallin toimi p\u00e4\u00e4ministerin erityisavustajana ja vastasi esimerkiksi p\u00e4\u00e4ministerin mediasuhteista. Vallin on ty\u00f6skennellyt my\u00f6s SDP:n viestint\u00e4p\u00e4\u00e4llikk\u00f6n\u00e4.<\/p>\n<p>Aina Advisors on t\u00e4n\u00e4 vuonna perustettu viestint\u00e4toimisto, joka on erikoistunut esimerkiksi kriisiviestint\u00e4\u00e4n. Yksi toimiston perustajista on pitk\u00e4n linjan toimittaja <strong class=\"typography-bold\">Katri Makkonen<\/strong>, joka ty\u00f6skenteli viime vaalikaudella valtiovarainministeri <strong class=\"typography-bold\">Annika Saarikon<\/strong> (kesk.) valtiosihteerin\u00e4.<\/p>\n<p>Aina Advisorsin nimi nousi lokakuussa esille, kun <a class=\"underline\" data-testid=\"external-link\" href=\"https:\/\/yle.fi\/a\/74-20185616\" rel=\"noopener noreferrer nofollow\" data-sentry-component=\"ExternalLink\" data-sentry-source-file=\"ExternalLink.tsx\" target=\"_blank\">Yle<\/a> kertoi Ulkopoliittisen instituutin ostaneen yhti\u00f6lt\u00e4 yli 10\u00a0000 eurolla kriisi\u00adviestinn\u00e4n konsultointia. Hankinta liittyi tasavallan presidentin pojan <strong class=\"typography-bold\">Oliver Stubbin<\/strong> ep\u00e4iltyyn suosimiseen instituutin harjoitteluhaussa.<\/p>\n<p>Juttua muokattu kello 14.32. Makkonen ty\u00f6skenteli Saarikon valtiosihteerin\u00e4, ei erityisavustajana.<\/p>\n","protected":false},"excerpt":{"rendered":"Ex-p\u00e4\u00e4ministeri Sanna Marinin erityisavustaja Iida Vallin siirtyy Marinin yhti\u00f6st\u00e4 viestint\u00e4toimiston leipiin. Iida Vallin aloittaa johtavana neuvonantajana ja osakkaana&hellip;\n","protected":false},"author":2,"featured_media":104858,"comment_status":"","ping_status":"","sticky":false,"template":"","format":"standard","meta":{"footnotes":""},"categories":[5],"tags":[22,23,26,27,33,31,30,17,24,25,28,29,15,18,21,32,19,20,16],"class_list":{"0":"post-104857","1":"post","2":"type-post","3":"status-publish","4":"format-standard","5":"has-post-thumbnail","7":"category-otsikot","8":"tag-breaking-news","9":"tag-breakingnews","10":"tag-featured-news","11":"tag-featurednews","12":"tag-fi","13":"tag-finland","14":"tag-finnish","15":"tag-headlines","16":"tag-latest-news","17":"tag-latestnews","18":"tag-main-news","19":"tag-mainnews","20":"tag-news","21":"tag-otsikot","22":"tag-paauutiset","23":"tag-suomi","24":"tag-top-stories","25":"tag-topstories","26":"tag-uutiset"},"share_on_mastodon":{"url":"https:\/\/pubeurope.com\/@fi\/115644444406160723","error":""},"_links":{"self":[{"href":"https:\/\/www.europesays.com\/fi\/wp-json\/wp\/v2\/posts\/104857","targetHints":{"allow":["GET"]}}],"collection":[{"href":"https:\/\/www.europesays.com\/fi\/wp-json\/wp\/v2\/posts"}],"about":[{"href":"https:\/\/www.europesays.com\/fi\/wp-json\/wp\/v2\/types\/post"}],"author":[{"embeddable":true,"href":"https:\/\/www.europesays.com\/fi\/wp-json\/wp\/v2\/users\/2"}],"replies":[{"embeddable":true,"href":"https:\/\/www.europesays.com\/fi\/wp-json\/wp\/v2\/comments?post=104857"}],"version-history":[{"count":0,"href":"https:\/\/www.europesays.com\/fi\/wp-json\/wp\/v2\/posts\/104857\/revisions"}],"wp:featuredmedia":[{"embeddable":true,"href":"https:\/\/www.europesays.com\/fi\/wp-json\/wp\/v2\/media\/104858"}],"wp:attachment":[{"href":"https:\/\/www.europesays.com\/fi\/wp-json\/wp\/v2\/media?parent=104857"}],"wp:term":[{"taxonomy":"category","embeddable":true,"href":"https:\/\/www.europesays.com\/fi\/wp-json\/wp\/v2\/categories?post=104857"},{"taxonomy":"post_tag","embeddable":true,"href":"https:\/\/www.europesays.com\/fi\/wp-json\/wp\/v2\/tags?post=104857"}],"curies":[{"name":"wp","href":"https:\/\/api.w.org\/{rel}","templated":true}]}}