{"id":104861,"date":"2025-12-01T13:16:12","date_gmt":"2025-12-01T13:16:12","guid":{"rendered":"https:\/\/www.europesays.com\/fi\/104861\/"},"modified":"2025-12-01T13:16:12","modified_gmt":"2025-12-01T13:16:12","slug":"nyt-suoratoistona-hulvaton-katastrofikomedia-nimekas-tahtikaarti-esittaa-leffassa-itseaan","status":"publish","type":"post","link":"https:\/\/www.europesays.com\/fi\/104861\/","title":{"rendered":"Nyt suoratoistona: Hulvaton katastrofikomedia &#8211; nimek\u00e4s t\u00e4htikaarti esitt\u00e4\u00e4 leffassa itse\u00e4\u00e4n"},"content":{"rendered":"<p>Netflixiss\u00e4 on nyt komedia This Is the End (2013).<\/p>\n<p>Hollywoodin t\u00e4htin\u00e4yttelij\u00e4t esitt\u00e4v\u00e4t elokuvassa itse\u00e4\u00e4n \u2013 tai hieman liioiteltuja versioita itsest\u00e4\u00e4n. He kokoontuvat <strong>James Francon<\/strong> talolle villeihin juhliin, mutta ilta saa yll\u00e4tt\u00e4v\u00e4n ja katastrofaalisen k\u00e4\u00e4nteen, kun joukko selitt\u00e4m\u00e4tt\u00f6mi\u00e4, apokalyptisia tapahtumia iskee Los Angelesiin. Julkkisjoukko p\u00e4\u00e4tyy loukkuun luksustaloon, miss\u00e4 heid\u00e4n varastonsa hupenevat ja paniikki levi\u00e4\u00e4 nopeammin kuin Hollywoodin juorut.<\/p>\n<p>Kun maailma romahtaa, he joutuvat lopulta j\u00e4tt\u00e4m\u00e4\u00e4n suojaisan kuplansa ja kohtaamaan kohtalonsa. Samalla he joutuvat opettelemaan kantap\u00e4\u00e4n kautta yst\u00e4vyyden ja anteeksiannon todellisen merkityksen kaiken kaaoksen ja huumorin keskell\u00e4.<\/p>\n<p>Lue my\u00f6s: <a href=\"https:\/\/www.episodi.fi\/uutiset\/nyt-netflixissa-yksi-schwarzeneggerin-huippuhiteista-saa-pistemaaran-100-100-muskelistara-uskoi-sen-olevan-joku-paska-leffa\/\" title=\"Nyt Netflixiss\u00e4: Yksi Schwarzeneggerin huippuhiteist\u00e4 saa pistem\u00e4\u00e4r\u00e4n 100\/100 \u2013 muskelit\u00e4hti uskoi sen olevan \u201djoku paska leffa\u201d\" class=\"underline-custom !font-montserrat !font-bold !underline-offset-4 !decoration-4 !decoration-episodi-blue !text-md\" rel=\"nofollow noopener\" target=\"_blank\">Nyt Netflixiss\u00e4: Yksi Schwarzeneggerin huippuhiteist\u00e4 saa pistem\u00e4\u00e4r\u00e4n 100\/100 \u2013 muskelit\u00e4hti uskoi sen olevan \u201djoku paska leffa\u201d<\/a><\/p>\n<p>Ohjaajina <strong>Evan Goldberg<\/strong>\u00a0 ja <strong>Seth Rogen<\/strong>. T\u00e4htinimi\u00e4 vilisev\u00e4ss\u00e4 n\u00e4yttelij\u00e4kaartissa muun muassa <strong>James Franco, Jonah Hill, Seth Rogen, Jay Baruchel, Danny McBride, Craig Robinson, Michael Cera, Emma Watson, Mindy Kaling, David Krumholtz, Christopher Mintz-Plasse, Rihanna, Martin Starr, Paul Rudd, Channing Tatum, Kevin Hart, Aziz Ansari<\/strong> ja <strong>Samantha Ressler<\/strong>.<\/p>\n<p>Ohjaaja Evan Goldberg hauskuutti itse\u00e4\u00e4n kuvausten aikana. H\u00e4nen luomansa \u201dpelin\u201d tavoitteena oli saada mahdollisimman monet n\u00e4yttelij\u00e4t sanomaan \u201dei, en voi tehd\u00e4 sit\u00e4\u201d, tai saada heid\u00e4t kielt\u00e4ytym\u00e4\u00e4n tekem\u00e4st\u00e4 jotain. Goldbergin mukaan ainoat ihmiset, joita h\u00e4n ei kyennyt murtamaan, olivat James Franco ja Seth Rogen.<\/p>\n<p>Toisena triviana mainittakoon, ett\u00e4 Rogen kertoi olleensa j\u00e4rkyttynyt siit\u00e4, kuinka paljon n\u00e4yttelij\u00e4t loukkasivat kuvauksissa toisiaan. H\u00e4nen mukaansa erityisesti Jonah Hill ja James Franco vaikuttivat olevan armottomia toisilleen. Jossain vaiheessa h\u00e4nest\u00e4 tuntui, ett\u00e4 h\u00e4nen t\u00e4ytyy puuttua asiaan ja muistuttaa heit\u00e4, ett\u00e4 he ovat todella yst\u00e4vi\u00e4 ja pit\u00e4v\u00e4t toisistaan.<\/p>\n<p>Elokuva sai hyv\u00e4n vastaanoton ja sen kriitikkomittari Rotten Tomatoesissa on luvussa 82. Alla traileri.<\/p>\n<p>Lue my\u00f6s: <a href=\"https:\/\/www.episodi.fi\/uutiset\/illalla-tvssa-palkittu-seikkailuelokuva-kerasi-oscareita-paaosan-nayttelija-joutui-syomaan-raaan-maksan-2\/\" title=\"Nyt suoratoistona: DiCaprion \u00e4\u00e4rimm\u00e4inen uhraus! Oscar-roolin takia oli sy\u00f6t\u00e4v\u00e4 raaka biisonin sis\u00e4elin\" class=\"underline-custom !font-montserrat !font-bold !underline-offset-4 !decoration-4 !decoration-episodi-blue !text-md\" rel=\"nofollow noopener\" target=\"_blank\">Nyt suoratoistona: DiCaprion \u00e4\u00e4rimm\u00e4inen uhraus! Oscar-roolin takia oli sy\u00f6t\u00e4v\u00e4 raaka biisonin sis\u00e4elin<\/a><\/p>\n<p>Lue my\u00f6s: <a href=\"https:\/\/www.episodi.fi\/uutiset\/nyt-netflixissa-anne-ricen-goottilaiseen-vampyyriklassikkoon-pohjaava-kauhusarja-viimein-katseltavissa-myos-suomessa\/\" title=\"Nyt Netflixiss\u00e4: Anne Ricen goottilaiseen vampyyriklassikkoon pohjaava kauhusarja viimein katseltavissa my\u00f6s Suomessa\" class=\"underline-custom !font-montserrat !font-bold !underline-offset-4 !decoration-4 !decoration-episodi-blue !text-md\" rel=\"nofollow noopener\" target=\"_blank\">Nyt Netflixiss\u00e4: Anne Ricen goottilaiseen vampyyriklassikkoon pohjaava kauhusarja viimein katseltavissa my\u00f6s Suomessa<\/a><\/p>\n<p>Lue my\u00f6s: <a href=\"https:\/\/www.episodi.fi\/uutiset\/nyt-netflixissa-peikko-vastaan-peikko-norjalainen-jattimonsterielokuva-sai-eeppisen-jatko-osan\/\" title=\"Nyt Netflixiss\u00e4: Peikko vastaan peikko \u2013 norjalainen j\u00e4ttimonsterielokuva sai eeppisen jatko-osan\" class=\"underline-custom !font-montserrat !font-bold !underline-offset-4 !decoration-4 !decoration-episodi-blue !text-md\" rel=\"nofollow noopener\" target=\"_blank\">Nyt Netflixiss\u00e4: Peikko vastaan peikko \u2013 norjalainen j\u00e4ttimonsterielokuva sai eeppisen jatko-osan<\/a><\/p>\n<p><img loading=\"lazy\" decoding=\"async\" alt=\"YouTube video\" width=\"480\" height=\"360\" data-pin-nopin=\"true\" nopin=\"nopin\" class=\"perfmatters-lazy\" src=\"https:\/\/www.europesays.com\/fi\/wp-content\/uploads\/2025\/12\/1764594972_870_hqdefault.jpg\"\/><\/p>\n<p>L\u00e4hde: <a href=\"https:\/\/www.imdb.com\/title\/tt1245492\/\" target=\"_blank\" rel=\"noreferrer noopener nofollow\">IMDb<\/a><\/p>\n<p>Lue my\u00f6s: <a href=\"https:\/\/www.episodi.fi\/uutiskirje\/?uutiskirjemainos=tekstilinkkimainos\" title=\"Tilaa Episodin uutiskirje ja voit voittaa leffalippuja! Nappaa tv-vinkit suoraan s\u00e4hk\u00f6postiin t\u00e4st\u00e4.\" class=\"underline-custom !font-montserrat !font-bold !underline-offset-4 !decoration-4 !decoration-episodi-blue !text-md\" rel=\"nofollow noopener\" target=\"_blank\">Tilaa Episodin uutiskirje ja voit voittaa leffalippuja! Nappaa katseluvinkit suoraan s\u00e4hk\u00f6postiin t\u00e4st\u00e4.<\/a><\/p>\n","protected":false},"excerpt":{"rendered":"Netflixiss\u00e4 on nyt komedia This Is the End (2013). Hollywoodin t\u00e4htin\u00e4yttelij\u00e4t esitt\u00e4v\u00e4t elokuvassa itse\u00e4\u00e4n \u2013 tai hieman liioiteltuja&hellip;\n","protected":false},"author":2,"featured_media":104862,"comment_status":"","ping_status":"","sticky":false,"template":"","format":"standard","meta":{"footnotes":""},"categories":[133],"tags":[137,33,31,30,217,32,206,156,109],"class_list":{"0":"post-104861","1":"post","2":"type-post","3":"status-publish","4":"format-standard","5":"has-post-thumbnail","7":"category-televisiot","8":"tag-entertainment","9":"tag-fi","10":"tag-finland","11":"tag-finnish","12":"tag-netflix","13":"tag-suomi","14":"tag-televisiot","15":"tag-tv","16":"tag-viihde"},"share_on_mastodon":{"url":"https:\/\/pubeurope.com\/@fi\/115644503632500267","error":""},"_links":{"self":[{"href":"https:\/\/www.europesays.com\/fi\/wp-json\/wp\/v2\/posts\/104861","targetHints":{"allow":["GET"]}}],"collection":[{"href":"https:\/\/www.europesays.com\/fi\/wp-json\/wp\/v2\/posts"}],"about":[{"href":"https:\/\/www.europesays.com\/fi\/wp-json\/wp\/v2\/types\/post"}],"author":[{"embeddable":true,"href":"https:\/\/www.europesays.com\/fi\/wp-json\/wp\/v2\/users\/2"}],"replies":[{"embeddable":true,"href":"https:\/\/www.europesays.com\/fi\/wp-json\/wp\/v2\/comments?post=104861"}],"version-history":[{"count":0,"href":"https:\/\/www.europesays.com\/fi\/wp-json\/wp\/v2\/posts\/104861\/revisions"}],"wp:featuredmedia":[{"embeddable":true,"href":"https:\/\/www.europesays.com\/fi\/wp-json\/wp\/v2\/media\/104862"}],"wp:attachment":[{"href":"https:\/\/www.europesays.com\/fi\/wp-json\/wp\/v2\/media?parent=104861"}],"wp:term":[{"taxonomy":"category","embeddable":true,"href":"https:\/\/www.europesays.com\/fi\/wp-json\/wp\/v2\/categories?post=104861"},{"taxonomy":"post_tag","embeddable":true,"href":"https:\/\/www.europesays.com\/fi\/wp-json\/wp\/v2\/tags?post=104861"}],"curies":[{"name":"wp","href":"https:\/\/api.w.org\/{rel}","templated":true}]}}