{"id":104869,"date":"2025-12-01T13:21:12","date_gmt":"2025-12-01T13:21:12","guid":{"rendered":"https:\/\/www.europesays.com\/fi\/104869\/"},"modified":"2025-12-01T13:21:12","modified_gmt":"2025-12-01T13:21:12","slug":"pieni-maalaus-voi-synnyttaa-elokuvan-verran-tarinoita-taiteiden-valisen-yhteistyon-helmet-ovat-nyt-esilla-hameenlinnan-taidemuseossa-paikalliset","status":"publish","type":"post","link":"https:\/\/www.europesays.com\/fi\/104869\/","title":{"rendered":"Pieni maalaus voi synnytt\u00e4\u00e4 elokuvan verran tarinoita \u2013 Taiteiden \u00adv\u00e4lisen yhteisty\u00f6n helmet ovat nyt esill\u00e4 H\u00e4meenlinnan taidemuseossa | Paikalliset"},"content":{"rendered":"<p class=\"diks-storyline__topic\">Kuvataide<\/p>\n<p class=\"diks-storyline__lead-paragraph\">H\u00e4meenlinnan taidemuseo: Kehyskertomuksia: 24 fps \/ Reframing Cinema. Engel-rakennus 5.4.2026 saakka.<\/p>\n<p>H\u00e4meenlinnan taidemuseon ja Aalto-yliopiston elokuvataiteen laitoksen viisivuotinen yhteisty\u00f6 on kantanut hedelm\u00e4\u00e4 n\u00e4yttelyn muodossa. Kehyskertomuksia: 24 fps \/ Reframing Cinema -n\u00e4yttely pit\u00e4\u00e4 sis\u00e4ll\u00e4\u00e4n sek\u00e4 lyhytelokuvia, audioteoksia ett\u00e4 k\u00e4sikirjoituksia, jotka ovat saaneet inspiraationsa taidemuseon valikoiduista kokoelmateoksista.<\/p>\n<p>N\u00e4yttely esittelee lis\u00e4ksi uusia teoksia <strong>Jukka Korkeilalta<\/strong> (s. 1968) ja <strong>Kari Vehosalolta<\/strong> (s. 1982). Kehyskertomuksia: 24 fps \/ Reframing Cinema -n\u00e4yttelyn toteutusta on tukenut Koneen S\u00e4\u00e4ti\u00f6.<\/p>\n<p>N\u00e4yttelyn kokemuksellisuutta korostavan kokonaisarkkitehtuurin ovat suunnitelleet elokuvataiteen laitoksen ensimm\u00e4isen n\u00e4yttelysuunnittelun kurssin opiskelijat.<\/p>\n<p>Kev\u00e4\u00e4ll\u00e4 2025 j\u00e4rjestetyn kurssin luennoitsijoina vierailivat n\u00e4yttelyihin erikoistuneet suunnittelijat, taiteilijat sek\u00e4 taidemuseoiden henkil\u00f6kunta. Aalto-yliopiston elokuvataiteen laitos ELO:n opiskelijoiden monialaisten tuotantoryhmien teoksia t\u00e4ydent\u00e4v\u00e4t niihin liittyv\u00e4t lavastus- ja puvustustaiteen yksityiskohdat.<\/p>\n<p>\t\t<a class=\"diks-gallery__link\" href=\"https:\/\/i.media.fi\/incoming\/suxhav\/11160094.jpg\/alternates\/FREE_1440\/11160094.jpg\" data-thumbnail=\"\" data-sub-html=\"T\u00e4m\u00e4n teoksen taustalta l\u00f6ytyy 1800-luvulla el\u00e4neen Severi Falkmanin maalaus Morsian. Pekka Rautiainen\" aria-label=\"Katso isompi kuva\" rel=\"nofollow noopener\" target=\"_blank\"><br \/>\n\t\t\t\t<img class=\"diks-figure__image\" src=\"https:\/\/www.europesays.com\/fi\/wp-content\/uploads\/2025\/12\/11160094.jpg\" loading=\"lazy\" decoding=\"sync\" alt=\"\"\/><\/p>\n<p>\t\t\t<\/a><br \/>\n\t\t\t\t\tT\u00e4m\u00e4n teoksen taustalta l\u00f6ytyy 1800-luvulla el\u00e4neen Severi Falkmanin maalaus Morsian. Pekka Rautiainen<\/p>\n<p><strong class=\"diks-storyline__impact\">Kehyskertomuksia<\/strong>: 24 fps \/ Reframing Cinema johdattelee katsojansa elokuvien ja teatterin maailmoista tuttuihin kulisseihin.<\/p>\n<blockquote class=\"voice-no-read rs_skip diks-blockquote\">\n<p class=\"diks-blockquote__text\">Pieni maalaus voi synnytt\u00e4\u00e4 kokonaisen elokuvan verran uusia tarinallisia polkuja.<\/p>\n<\/blockquote>\n<p>Heti ensimm\u00e4isess\u00e4 salissa kokoelmateokset ja niiden inspiroimat lyhytelokuvat muodostavat kiehtovia visuaalisia vuoropuheluita.<\/p>\n<p><strong>Arvo Makkosen<\/strong> (1894\u20131956) maltillisen modernistisen Ragnar Ekelund maalaa -teoksen (1917) vastaparina toimiva Painter\u2019s struggle kasvaa kirjaimellisesti ulos kaksiulotteisesta elokuvamuodostaan. Vahvalla symboliikalla ladatun lyhytelokuvan edess\u00e4, sen ymp\u00e4rist\u00f6\u00e4 tarkastellessani havahdun olevani osa elokuvan tilaa seinineen ja kalusteineen.<\/p>\n<p>Lue lis\u00e4\u00e4: <a href=\"https:\/\/www.hameensanomat.fi\/paikalliset\/9016658\" rel=\"nofollow noopener\" target=\"_blank\">H\u00e4meenlinnan taidemuseon uudessa n\u00e4yttelyss\u00e4 taulut her\u00e4\u00e4v\u00e4t henkiin elokuvina<\/a><\/p>\n<p>Samasta tilasta l\u00f6ytyy 1900-luvun alkupuolen surrealismin henkeen toteutettu lyhytelokuva Musta flyygeli. Mielikuvituksekas, visuaalisesti hiottu elokuvateos her\u00e4tt\u00e4\u00e4 henkiin yhden mahdollisen tarinan <strong>Matti Savolaisen<\/strong> (1900\u20131971) 1960-luvun tuotantoa edustavasta, samannimisest\u00e4 modernistisesta \u00f6ljymaalauksesta.<\/p>\n<p>Painter\u2019s struggle ja Musta flyygeli havainnollistavat oivallisesti inspiraation l\u00e4hteen\u00e4 toimineiden maalausten sis\u00e4lt\u00e4m\u00e4\u00e4 tulkinnallista potentiaalia: suhteellisen pieni maalaus voi synnytt\u00e4\u00e4 kokonaisen elokuvan verran uusia tarinallisia polkuja.<\/p>\n<p>\t\t<a class=\"diks-gallery__link\" href=\"https:\/\/i.media.fi\/incoming\/snau42\/11160106.jpg\/alternates\/FREE_1440\/11160106.jpg\" data-thumbnail=\"\" data-sub-html=\"Musta flyygeli Kehyskertomuksia-n\u00e4yttelyss\u00e4. Pekka Rautiainen\" aria-label=\"Katso isompi kuva\" rel=\"nofollow noopener\" target=\"_blank\"><br \/>\n\t\t\t\t<img class=\"diks-figure__image\" src=\"https:\/\/www.europesays.com\/fi\/wp-content\/uploads\/2025\/12\/11160106.jpg\" loading=\"lazy\" decoding=\"sync\" alt=\"\"\/><\/p>\n<p>\t\t\t<\/a><br \/>\n\t\t\t\t\tMusta flyygeli Kehyskertomuksia-n\u00e4yttelyss\u00e4. Pekka Rautiainen<\/p>\n<p><strong class=\"diks-storyline__impact\">Yksi n\u00e4yttelyn dramaattisimmista<\/strong> teospareista l\u00f6ytyy alakerran viimeisest\u00e4 salista.<\/p>\n<p><strong>Marjatta Hanhijoen<\/strong> (1948\u20132025) Piilin Reetu -akvarellimaalaus (1980) odottavine tunnelmineen on toiminut erinomaisena katalyyttin\u00e4 Kultak\u00e4si-elokuvateokselle. Puoliavoimen oven kautta tarkasteltavaan elokuvaan liittyv\u00e4t olennaisesti my\u00f6s sen ymp\u00e4rille rakennetut lavasteet \u2013 kokonainen kolmiulotteinen elokuvallinen maailma.<\/p>\n<p>Katsojana huomaan seuraavani elokuvateoksen mystisi\u00e4 tapahtumia l\u00e4hes henke\u00e4 pid\u00e4tellen: elokuvan ja maalauksen kertomuksellinen yhteys tuntuu luontevalta ja perustellulta.<\/p>\n<p>\t\t<a class=\"diks-gallery__link\" href=\"https:\/\/i.media.fi\/incoming\/khznqk\/11178345.jpg\/alternates\/FREE_1440\/11178345.jpg\" data-thumbnail=\"\" data-sub-html=\"Wilho Sj\u00f6str\u00f6min Tanssijatar on vuodelta 1912. H\u00e4meenlinnan taidemuseo\" aria-label=\"Katso isompi kuva\" rel=\"nofollow noopener\" target=\"_blank\"><br \/>\n\t\t\t\t<img class=\"diks-figure__image\" src=\"https:\/\/www.europesays.com\/fi\/wp-content\/uploads\/2025\/12\/11178345.jpg\" loading=\"lazy\" decoding=\"sync\" alt=\"\"\/><\/p>\n<p>\t\t\t<\/a><br \/>\n\t\t\t\t\tWilho Sj\u00f6str\u00f6min Tanssijatar on vuodelta 1912. H\u00e4meenlinnan taidemuseo<\/p>\n<p><strong class=\"diks-storyline__impact\">Yl\u00e4kerran osiosta<\/strong> l\u00f6ytyy kaksi erityisen vaikuttavaa elokuvallista teosta, joiden pohjana on toiminut naishahmoa kuvaava maalaus.<\/p>\n<p><strong>Wilho Sj\u00f6str\u00f6min<\/strong> (1873\u20131944) kotimaista 1910-luvun j\u00e4lki-impressionismia edustava Tanssijatar (<strong>Maggie Grippenberg<\/strong>) on inspiroinut vapaata assosiointia edustavan sek\u00e4 esitystaiteen maailmaan sis\u00e4ll\u00f6ll\u00e4\u00e4n viittaavan samannimisen elokuvateoksen.<\/p>\n<p>Elokuvateoksessa naishahmon vangitseva tarina p\u00e4\u00e4ttyy surrealistisen taiteen tutuksi tekemiin mielikuvituksellisiin ja yll\u00e4tt\u00e4viin asetelmiin.<\/p>\n<p>\t\t<a class=\"diks-gallery__link\" href=\"https:\/\/i.media.fi\/incoming\/woxaa2\/11178343.jpg\/alternates\/FREE_1440\/11178343.jpg\" data-thumbnail=\"\" data-sub-html=\"Wilho Sj\u00f6str\u00f6min (1873\u20131944) Tanssijatar inspiroi samannimiseen elokuvateokseen. Aalto-studioiden kuva on teoksen kuvauksista t\u00e4lt\u00e4 vuodelta. Jolle Onnismaa\" aria-label=\"Katso isompi kuva\" rel=\"nofollow noopener\" target=\"_blank\"><br \/>\n\t\t\t\t<img class=\"diks-figure__image\" src=\"https:\/\/www.europesays.com\/fi\/wp-content\/uploads\/2025\/12\/11178343.jpg\" loading=\"lazy\" decoding=\"sync\" alt=\"\"\/><\/p>\n<p>\t\t\t<\/a><br \/>\n\t\t\t\t\tWilho Sj\u00f6str\u00f6min (1873\u20131944) Tanssijatar inspiroi samannimiseen elokuvateokseen. Aalto-studioiden kuva on teoksen kuvauksista t\u00e4lt\u00e4 vuodelta. Jolle Onnismaa<\/p>\n<p><strong class=\"diks-storyline__impact\">Viereisest\u00e4 tilasta<\/strong> l\u00f6ytyy <strong>Severin Falkmanin<\/strong> (1831\u20131889) huolellista realismia edustava \u00f6ljyv\u00e4rimaalaus Morsian (1978). Maalauksen inspiroima samanniminen elokuvateos valtaa lavasteineen, rekvisiittoineen ja puvustuksineen kokonaisen salin.<\/p>\n<p>Katsojana p\u00e4\u00e4sen tarkastelemaan moniulotteista teosta monesta kulmasta: sadunomaista elokuvaa seurataan kahdelta n\u00e4yt\u00f6lt\u00e4, jotka on asetettu er\u00e4\u00e4nlaisen ty\u00f6tason p\u00e4\u00e4lle. Kameroiden, rekkien ja lavasteiden keskell\u00e4 tunnen olevani keskell\u00e4 elokuvallista kohtausta, parhaillaan syntyv\u00e4n ja kehittyv\u00e4n tarinan vasta avautuvassa maailmassa.<\/p>\n","protected":false},"excerpt":{"rendered":"Kuvataide H\u00e4meenlinnan taidemuseo: Kehyskertomuksia: 24 fps \/ Reframing Cinema. Engel-rakennus 5.4.2026 saakka. H\u00e4meenlinnan taidemuseon ja Aalto-yliopiston elokuvataiteen laitoksen&hellip;\n","protected":false},"author":2,"featured_media":104870,"comment_status":"","ping_status":"","sticky":false,"template":"","format":"standard","meta":{"footnotes":""},"categories":[130],"tags":[137,33,31,30,108,19822,718,32,485,484,398,140,109],"class_list":{"0":"post-104869","1":"post","2":"type-post","3":"status-publish","4":"format-standard","5":"has-post-thumbnail","7":"category-viihde","8":"tag-entertainment","9":"tag-fi","10":"tag-finland","11":"tag-finnish","12":"tag-kulttuuri","13":"tag-marjat-ja-hedelmat","14":"tag-nayttamotaide","15":"tag-suomi","16":"tag-taide-yleista","17":"tag-taiteellinen-ilmaisu-ja-mediat","18":"tag-taiteilija","19":"tag-tv-ja-elokuvat","20":"tag-viihde"},"share_on_mastodon":{"url":"https:\/\/pubeurope.com\/@fi\/115644523639362079","error":""},"_links":{"self":[{"href":"https:\/\/www.europesays.com\/fi\/wp-json\/wp\/v2\/posts\/104869","targetHints":{"allow":["GET"]}}],"collection":[{"href":"https:\/\/www.europesays.com\/fi\/wp-json\/wp\/v2\/posts"}],"about":[{"href":"https:\/\/www.europesays.com\/fi\/wp-json\/wp\/v2\/types\/post"}],"author":[{"embeddable":true,"href":"https:\/\/www.europesays.com\/fi\/wp-json\/wp\/v2\/users\/2"}],"replies":[{"embeddable":true,"href":"https:\/\/www.europesays.com\/fi\/wp-json\/wp\/v2\/comments?post=104869"}],"version-history":[{"count":0,"href":"https:\/\/www.europesays.com\/fi\/wp-json\/wp\/v2\/posts\/104869\/revisions"}],"wp:featuredmedia":[{"embeddable":true,"href":"https:\/\/www.europesays.com\/fi\/wp-json\/wp\/v2\/media\/104870"}],"wp:attachment":[{"href":"https:\/\/www.europesays.com\/fi\/wp-json\/wp\/v2\/media?parent=104869"}],"wp:term":[{"taxonomy":"category","embeddable":true,"href":"https:\/\/www.europesays.com\/fi\/wp-json\/wp\/v2\/categories?post=104869"},{"taxonomy":"post_tag","embeddable":true,"href":"https:\/\/www.europesays.com\/fi\/wp-json\/wp\/v2\/tags?post=104869"}],"curies":[{"name":"wp","href":"https:\/\/api.w.org\/{rel}","templated":true}]}}