{"id":104873,"date":"2025-12-01T13:25:07","date_gmt":"2025-12-01T13:25:07","guid":{"rendered":"https:\/\/www.europesays.com\/fi\/104873\/"},"modified":"2025-12-01T13:25:07","modified_gmt":"2025-12-01T13:25:07","slug":"alustavat-tulokset-trumpin-tukema-oikeistolainen-asfura-johtaa-presidentinvaaleja-hondurasissa-uutissuomalainen-2","status":"publish","type":"post","link":"https:\/\/www.europesays.com\/fi\/104873\/","title":{"rendered":"Alustavat tulokset: Trumpin tukema oikeistolainen Asfura johtaa presidentinvaaleja Hondurasissa | Uutissuomalainen"},"content":{"rendered":"<p>Hondurasissa oikeistolainen Nasry Asfura johti maanantaina presidentinvaaleja, kun \u00e4\u00e4nist\u00e4 oli laskettuna noin puolet, uutisoivat muun muassa <a href=\"https:\/\/cnnespanol.cnn.com\/latinoamerica\/live-news\/elecciones-presidenciales-honduras-2025-resultados-orix?post-id=cmimmzh5n002c356opoqm86ck\" rel=\"nofollow noopener\" target=\"_blank\">CNN<\/a> ja AFP.<\/p>\n<p>Kun hieman yli puolet \u00e4\u00e4nist\u00e4 oli laskettu, 67-vuotias Asfura johti niukasti liberaalipuolueen ehdokasta Salvador Nasrallaa, 72. Asfura oli ker\u00e4nnyt vajaan 41 prosentin kannatuksen ja Nasralla runsaan 39 prosentin \u00e4\u00e4nisaaliin.<\/p>\n<p>Kolmannella sijalla on vasemmistolainen Rixi Moncada, 60, joka edustaa istuvan presidentin Xiomara Castron Libre-puoluetta.<\/p>\n<p>Yhdysvaltain presidentti Donald Trump <a href=\"https:\/\/truthsocial.com\/@realDonaldTrump\/posts\/115618236412963848\" rel=\"nofollow noopener\" target=\"_blank\">ilmaisi<\/a> vaalien alla tukeaan Asfuralle. Trump <a href=\"https:\/\/truthsocial.com\/@realDonaldTrump\/posts\/115629406693931908\" rel=\"nofollow noopener\" target=\"_blank\">uhkasi<\/a> leikata Yhdysvaltojen tukea Hondurasille, jos Asfura h\u00e4vi\u00e4\u00e4 vaalit.<\/p>\n<p>Trump ilmoitti my\u00f6s ennen vaaleja armahtavansa Hondurasin entisen presidentin Juan Orlando Hernandezin, joka suorittaa 45 vuoden vankeusrangaistusta Yhdysvalloissa muun muassa huumerikoksista.<\/p>\n<p>Presidentin lis\u00e4ksi vaaleissa valitaan my\u00f6s parlamentti ja sadoittain uusia pormestareita.<\/p>\n","protected":false},"excerpt":{"rendered":"Hondurasissa oikeistolainen Nasry Asfura johti maanantaina presidentinvaaleja, kun \u00e4\u00e4nist\u00e4 oli laskettuna noin puolet, uutisoivat muun muassa CNN ja&hellip;\n","protected":false},"author":2,"featured_media":104874,"comment_status":"","ping_status":"","sticky":false,"template":"","format":"standard","meta":{"footnotes":""},"categories":[14],"tags":[22,23,2617,585,26,27,33,31,30,17,19588,24,25,28,29,15,18,21,142,637,144,32,19,20,56,16,59,60,61,143],"class_list":{"0":"post-104873","1":"post","2":"type-post","3":"status-publish","4":"format-standard","5":"has-post-thumbnail","7":"category-ulkomaat","8":"tag-breaking-news","9":"tag-breakingnews","10":"tag-cnn","11":"tag-donald-trump","12":"tag-featured-news","13":"tag-featurednews","14":"tag-fi","15":"tag-finland","16":"tag-finnish","17":"tag-headlines","18":"tag-honduras","19":"tag-latest-news","20":"tag-latestnews","21":"tag-main-news","22":"tag-mainnews","23":"tag-news","24":"tag-otsikot","25":"tag-paauutiset","26":"tag-poliitikot","27":"tag-politiikka","28":"tag-presidentti","29":"tag-suomi","30":"tag-top-stories","31":"tag-topstories","32":"tag-ulkomaat","33":"tag-uutiset","34":"tag-world","35":"tag-world-news","36":"tag-worldnews","37":"tag-yhdysvaltain-politiikka"},"share_on_mastodon":{"url":"https:\/\/pubeurope.com\/@fi\/115644538836487712","error":""},"_links":{"self":[{"href":"https:\/\/www.europesays.com\/fi\/wp-json\/wp\/v2\/posts\/104873","targetHints":{"allow":["GET"]}}],"collection":[{"href":"https:\/\/www.europesays.com\/fi\/wp-json\/wp\/v2\/posts"}],"about":[{"href":"https:\/\/www.europesays.com\/fi\/wp-json\/wp\/v2\/types\/post"}],"author":[{"embeddable":true,"href":"https:\/\/www.europesays.com\/fi\/wp-json\/wp\/v2\/users\/2"}],"replies":[{"embeddable":true,"href":"https:\/\/www.europesays.com\/fi\/wp-json\/wp\/v2\/comments?post=104873"}],"version-history":[{"count":0,"href":"https:\/\/www.europesays.com\/fi\/wp-json\/wp\/v2\/posts\/104873\/revisions"}],"wp:featuredmedia":[{"embeddable":true,"href":"https:\/\/www.europesays.com\/fi\/wp-json\/wp\/v2\/media\/104874"}],"wp:attachment":[{"href":"https:\/\/www.europesays.com\/fi\/wp-json\/wp\/v2\/media?parent=104873"}],"wp:term":[{"taxonomy":"category","embeddable":true,"href":"https:\/\/www.europesays.com\/fi\/wp-json\/wp\/v2\/categories?post=104873"},{"taxonomy":"post_tag","embeddable":true,"href":"https:\/\/www.europesays.com\/fi\/wp-json\/wp\/v2\/tags?post=104873"}],"curies":[{"name":"wp","href":"https:\/\/api.w.org\/{rel}","templated":true}]}}