{"id":104879,"date":"2025-12-01T13:46:10","date_gmt":"2025-12-01T13:46:10","guid":{"rendered":"https:\/\/www.europesays.com\/fi\/104879\/"},"modified":"2025-12-01T13:46:10","modified_gmt":"2025-12-01T13:46:10","slug":"formula-1-mercedes-tahden-touhusta-repesi-raivo-f1ssa-taysi-sanasota-paalla","status":"publish","type":"post","link":"https:\/\/www.europesays.com\/fi\/104879\/","title":{"rendered":"Formula 1: Mercedes-t\u00e4hden touhusta repesi raivo \u2013 F1:ss\u00e4 t\u00e4ysi sanasota p\u00e4\u00e4ll\u00e4"},"content":{"rendered":"<p>Qatarin gp:n tapahtumat puhuttavat varikolla.<\/p>\n<p class=\"article-body mb-nof-24 px-nof-16\">Formula ykk\u00f6sten Qatarin osakilpailun viimeisen kierroksen j\u00e4lkipyykki py\u00f6rii kovilla kierroksilla, kun varikolla puidaan <a class=\"article-personlink\" href=\"https:\/\/www.is.fi\/haku\/?query=Lando%20Norrisin\" rel=\"nofollow noopener\" target=\"_blank\">Lando Norrisin<\/a> ohitusta <a class=\"article-personlink\" href=\"https:\/\/www.is.fi\/haku\/?query=Kimi%20Antonellista\" rel=\"nofollow noopener\" target=\"_blank\">Kimi Antonellista<\/a>.<\/p>\n<p class=\"article-body mb-nof-24 px-nof-16\">Ohitus oli Norrisille kahden pisteen arvoinen: nelj\u00e4nneksi noussut McLaren-kuljettaja johtaa MM-sarjaa nyt kymmenen pisteen sijaan 12 pisteell\u00e4 ennen p\u00e4\u00e4t\u00f6sosakilpailua.<\/p>\n<p class=\"article-body mb-nof-24 px-nof-16\">Red Bullin neuvonantaja <a class=\"article-personlink\" href=\"https:\/\/www.is.fi\/haku\/?query=Helmut%20Marko\" rel=\"nofollow noopener\" target=\"_blank\">Helmut Marko<\/a> v\u00e4itti Antonellin p\u00e4\u00e4st\u00e4neen Norrisin tahallaan ohitseen. Antonellin pomo ja Mercedeksen tallip\u00e4\u00e4llikk\u00f6 <a class=\"article-personlink\" href=\"https:\/\/www.is.fi\/haku\/?query=Toto%20Wolff\" rel=\"nofollow noopener\" target=\"_blank\">Toto Wolff<\/a> tyrm\u00e4si v\u00e4itteet.<\/p>\n<p class=\"article-body mb-nof-24 px-nof-16\">\u2013 Voi hyv\u00e4nen aika, Helmut. T\u00e4m\u00e4 on t\u00e4ydellist\u00e4 h\u00f6lynp\u00f6ly\u00e4, jonka pelkk\u00e4 kuuleminen r\u00e4j\u00e4ytt\u00e4\u00e4 p\u00e4\u00e4ni, Wolff sanoi urheilusivusto <a class=\"article-genericlink\" href=\"https:\/\/www.motorsport.com\/f1\/news\/toto-wolff-blasts-helmut-marko-on-andrea-kimi-antonelli-letting-by-lando-norris-utter-nonsense\/10781331\/\" rel=\"nofollow noopener\" target=\"_blank\">Motorsportin<\/a> mukaan.<\/p>\n<p class=\"article-body mb-nof-24 px-nof-16\">H\u00e4n muistutti tallinsa taistelevan MM-sarjan kakkossijasta, mink\u00e4 saavuttaminen olisi t\u00e4rke\u00e4\u00e4 Mercedekselle. Lis\u00e4ksi Wolff sanoi Antonellin taistelleen kisan kolmossijasta.<\/p>\n<p class=\"article-body mb-nof-24 px-nof-16\">\u2013 Kuinka aivoton t\u00e4ytyy olla edes sanoakseen jotain t\u00e4llaista? Se \u00e4rsytt\u00e4\u00e4 minua, koska olen \u00e4rsyyntynyt itse kisasta ja lopun virheest\u00e4, ja sitten joudun kuuntelemaan tuollaista h\u00f6lynp\u00f6ly\u00e4.<\/p>\n<p class=\"article-body mb-nof-24 px-nof-16\">Qatarin gp:n voittoon ajanut Red Bullin <a class=\"article-personlink\" href=\"https:\/\/www.is.fi\/haku\/?query=Max%20Verstappen\" rel=\"nofollow noopener\" target=\"_blank\">Max Verstappen<\/a> nousi ykk\u00f6ssijansa my\u00f6t\u00e4 taistelemaan tosissaan viidennest\u00e4 per\u00e4kk\u00e4isest\u00e4 maailmanmestaruudesta.<\/p>\n<p class=\"article-body mb-nof-24 px-nof-16\">Verstappenin mestaruus vaatisi Norrisin sijoittumista Abu Dhabissa k\u00e4rkikolmikon ulkopuolelle, sill\u00e4 jo 15 pistett\u00e4 tuova kolmossija riitt\u00e4\u00e4 Norrisille MM-titteliin.<\/p>\n","protected":false},"excerpt":{"rendered":"Qatarin gp:n tapahtumat puhuttavat varikolla. Formula ykk\u00f6sten Qatarin osakilpailun viimeisen kierroksen j\u00e4lkipyykki py\u00f6rii kovilla kierroksilla, kun varikolla puidaan&hellip;\n","protected":false},"author":2,"featured_media":104880,"comment_status":"","ping_status":"","sticky":false,"template":"","format":"standard","meta":{"footnotes":""},"categories":[158],"tags":[33,31,30,34,159,32,160],"class_list":{"0":"post-104879","1":"post","2":"type-post","3":"status-publish","4":"format-standard","5":"has-post-thumbnail","7":"category-urheilu","8":"tag-fi","9":"tag-finland","10":"tag-finnish","11":"tag-ilta-sanomat","12":"tag-sports","13":"tag-suomi","14":"tag-urheilu"},"share_on_mastodon":{"url":"https:\/\/pubeurope.com\/@fi\/115644621457323684","error":""},"_links":{"self":[{"href":"https:\/\/www.europesays.com\/fi\/wp-json\/wp\/v2\/posts\/104879","targetHints":{"allow":["GET"]}}],"collection":[{"href":"https:\/\/www.europesays.com\/fi\/wp-json\/wp\/v2\/posts"}],"about":[{"href":"https:\/\/www.europesays.com\/fi\/wp-json\/wp\/v2\/types\/post"}],"author":[{"embeddable":true,"href":"https:\/\/www.europesays.com\/fi\/wp-json\/wp\/v2\/users\/2"}],"replies":[{"embeddable":true,"href":"https:\/\/www.europesays.com\/fi\/wp-json\/wp\/v2\/comments?post=104879"}],"version-history":[{"count":0,"href":"https:\/\/www.europesays.com\/fi\/wp-json\/wp\/v2\/posts\/104879\/revisions"}],"wp:featuredmedia":[{"embeddable":true,"href":"https:\/\/www.europesays.com\/fi\/wp-json\/wp\/v2\/media\/104880"}],"wp:attachment":[{"href":"https:\/\/www.europesays.com\/fi\/wp-json\/wp\/v2\/media?parent=104879"}],"wp:term":[{"taxonomy":"category","embeddable":true,"href":"https:\/\/www.europesays.com\/fi\/wp-json\/wp\/v2\/categories?post=104879"},{"taxonomy":"post_tag","embeddable":true,"href":"https:\/\/www.europesays.com\/fi\/wp-json\/wp\/v2\/tags?post=104879"}],"curies":[{"name":"wp","href":"https:\/\/api.w.org\/{rel}","templated":true}]}}