{"id":104885,"date":"2025-12-01T13:51:08","date_gmt":"2025-12-01T13:51:08","guid":{"rendered":"https:\/\/www.europesays.com\/fi\/104885\/"},"modified":"2025-12-01T13:51:08","modified_gmt":"2025-12-01T13:51:08","slug":"venaja-iski-dniproon-useita-kuoli-ja-kymmenia-haavoittui","status":"publish","type":"post","link":"https:\/\/www.europesays.com\/fi\/104885\/","title":{"rendered":"Ven\u00e4j\u00e4 iski Dniproon, useita kuoli ja kymmeni\u00e4 haavoittui"},"content":{"rendered":"<p><strong class=\"typography-bold\">Ven\u00e4j\u00e4 on kiihdytt\u00e4nyt ilmasotaansa Ukrainassa.<\/strong><\/p>\n<p>Ukrainassa ainakin nelj\u00e4 ihmist\u00e4 on saanut surmansa ja yli 20 on haavoittunut Ven\u00e4j\u00e4n ohjusiskussa Dniproon maan keskiosassa, kertoivat paikallisviranomaiset maanantaina.<\/p>\n<p>Dniprossa asui ennen sotaa vajaa miljoona ihmist\u00e4. Se sijaitsee noin sadan kilometrin p\u00e4\u00e4ss\u00e4 rintamasta ja on toistuvasti Ven\u00e4j\u00e4n armeijan iskujen kohteena.<\/p>\n<p>Lue my\u00f6s: <a class=\"underline\" data-testid=\"internal-link\" role=\"link\" data-sentry-element=\"Link\" data-sentry-component=\"InternalLink\" data-sentry-source-file=\"InternalLink.tsx\" href=\"https:\/\/www.mtvuutiset.fi\/artikkeli\/venaja-iski-taas-kiovan-lahelle-tornitalo-evakuoitu\/9263190\" rel=\"nofollow noopener\" target=\"_blank\">Uusi isku Kiovaan \u2013 tornitalo evakuoitu<\/a><a class=\"underline\" data-testid=\"internal-link\" role=\"link\" data-sentry-element=\"Link\" data-sentry-component=\"InternalLink\" data-sentry-source-file=\"InternalLink.tsx\" href=\"https:\/\/www.mtvuutiset.fi\/artikkeli\/venaja-iski-kiovaan-ainakin-yksi-kuollut-ja-7-haavoittunut\/9262888\" rel=\"nofollow noopener\" target=\"_blank\">Ven\u00e4j\u00e4 iski Kiovaan \u2013 ainakin yksi kuollut ja 7 haavoittunut<\/a><\/p>\n<p>Ven\u00e4j\u00e4n joukot ovat jatkaneet hidasta etenemist\u00e4\u00e4n Dnipropetrovskin alueella vallaten uusia alueita. Ven\u00e4j\u00e4 on my\u00f6s kiihdytt\u00e4nyt ilmaiskujaan muihinkin Ukrainan kaupunkeihin samaan aikaan kun Ukrainan sotaan yritet\u00e4\u00e4n Yhdysvaltojen johdolla saada aikaan rauhansuunnitelmaa.<\/p>\n<p>My\u00f6s Sumyn alueella Ukrainan it\u00e4osassa ainakin yksi ihminen kuoli Ven\u00e4j\u00e4n dronehy\u00f6kk\u00e4yksess\u00e4, kertoivat viranomaiset.<\/p>\n","protected":false},"excerpt":{"rendered":"Ven\u00e4j\u00e4 on kiihdytt\u00e4nyt ilmasotaansa Ukrainassa. Ukrainassa ainakin nelj\u00e4 ihmist\u00e4 on saanut surmansa ja yli 20 on haavoittunut Ven\u00e4j\u00e4n&hellip;\n","protected":false},"author":2,"featured_media":104886,"comment_status":"","ping_status":"","sticky":false,"template":"","format":"standard","meta":{"footnotes":""},"categories":[14],"tags":[22,23,26,27,33,31,30,17,24,25,28,29,15,18,21,32,19,20,56,16,59,60,61],"class_list":{"0":"post-104885","1":"post","2":"type-post","3":"status-publish","4":"format-standard","5":"has-post-thumbnail","7":"category-ulkomaat","8":"tag-breaking-news","9":"tag-breakingnews","10":"tag-featured-news","11":"tag-featurednews","12":"tag-fi","13":"tag-finland","14":"tag-finnish","15":"tag-headlines","16":"tag-latest-news","17":"tag-latestnews","18":"tag-main-news","19":"tag-mainnews","20":"tag-news","21":"tag-otsikot","22":"tag-paauutiset","23":"tag-suomi","24":"tag-top-stories","25":"tag-topstories","26":"tag-ulkomaat","27":"tag-uutiset","28":"tag-world","29":"tag-world-news","30":"tag-worldnews"},"share_on_mastodon":{"url":"https:\/\/pubeurope.com\/@fi\/115644641174895770","error":""},"_links":{"self":[{"href":"https:\/\/www.europesays.com\/fi\/wp-json\/wp\/v2\/posts\/104885","targetHints":{"allow":["GET"]}}],"collection":[{"href":"https:\/\/www.europesays.com\/fi\/wp-json\/wp\/v2\/posts"}],"about":[{"href":"https:\/\/www.europesays.com\/fi\/wp-json\/wp\/v2\/types\/post"}],"author":[{"embeddable":true,"href":"https:\/\/www.europesays.com\/fi\/wp-json\/wp\/v2\/users\/2"}],"replies":[{"embeddable":true,"href":"https:\/\/www.europesays.com\/fi\/wp-json\/wp\/v2\/comments?post=104885"}],"version-history":[{"count":0,"href":"https:\/\/www.europesays.com\/fi\/wp-json\/wp\/v2\/posts\/104885\/revisions"}],"wp:featuredmedia":[{"embeddable":true,"href":"https:\/\/www.europesays.com\/fi\/wp-json\/wp\/v2\/media\/104886"}],"wp:attachment":[{"href":"https:\/\/www.europesays.com\/fi\/wp-json\/wp\/v2\/media?parent=104885"}],"wp:term":[{"taxonomy":"category","embeddable":true,"href":"https:\/\/www.europesays.com\/fi\/wp-json\/wp\/v2\/categories?post=104885"},{"taxonomy":"post_tag","embeddable":true,"href":"https:\/\/www.europesays.com\/fi\/wp-json\/wp\/v2\/tags?post=104885"}],"curies":[{"name":"wp","href":"https:\/\/api.w.org\/{rel}","templated":true}]}}