{"id":104887,"date":"2025-12-01T13:52:12","date_gmt":"2025-12-01T13:52:12","guid":{"rendered":"https:\/\/www.europesays.com\/fi\/104887\/"},"modified":"2025-12-01T13:52:12","modified_gmt":"2025-12-01T13:52:12","slug":"suomi-repesi-kahtia-meteorologilta-hyytava-kuvaus-alkuviikon-saasta","status":"publish","type":"post","link":"https:\/\/www.europesays.com\/fi\/104887\/","title":{"rendered":"Suomi repesi kahtia \u2013 Meteorologilta hyyt\u00e4v\u00e4 kuvaus alkuviikon s\u00e4\u00e4st\u00e4"},"content":{"rendered":"<p>L\u00e4mp\u00f6tila etel\u00e4ss\u00e4 on paikoin jopa yli 35 astetta korkeampi kuin Lapissa, Foreca kertoo.<\/p>\n<p><img decoding=\"async\" class=\"image image-show image-preview\" src=\"https:\/\/www.europesays.com\/fi\/wp-content\/uploads\/2025\/12\/8a7ae125a517746348347c905ac33e94324b75605a5d2896004c7af76003c8fa.jpg\" alt=\"\"\/><img decoding=\"async\" class=\"image image-show\" src=\"https:\/\/www.europesays.com\/fi\/wp-content\/uploads\/2025\/12\/1764597131_98_8a7ae125a517746348347c905ac33e94324b75605a5d2896004c7af76003c8fa.jpg\" alt=\"\"\/><\/p>\n<p>Lapissa voidaan tiistaina\u00a0rikkoa kuluvan talven pakkasenn\u00e4tys, \u201331,6 astetta. Inka Soveri<\/p>\n<p class=\"paragraph\">S\u00e4\u00e4 jatkuu etel\u00e4ss\u00e4 yh\u00e4 harmaana, leutona ja vetisen\u00e4, kun taas pohjoisessa pakkanen paukkuu ja lumipyry\u00e4kin on odotettavissa, Foreca kertoo <a href=\"https:\/\/www.foreca.fi\/meteorologilta\/arg3d8tr\" rel=\"noopener nofollow\" target=\"_blank\">blogissaan<\/a>.<\/p>\n<p class=\"paragraph\">\u2013 Suomi on vahvasti kahtia jakautunut, blogissa todetaan.<\/p>\n<p class=\"paragraph\">Maanantaina sadealue liikkuu Suomen yli kohti it\u00e4\u00e4. Lunta pyrytt\u00e4\u00e4 useampi senttimetri varsinkin it\u00e4rajan tuntumaan, Pohjois-Pohjanmaalle ja Etel\u00e4-Lappiin. Forecan mukaan n\u00e4ill\u00e4 alueilla on syyt\u00e4 varautua huonoon tai jopa eritt\u00e4in huonoon ajokeliin.<\/p>\n<p class=\"paragraph\">Ilmatieteen laitos luokittelee ajokelin maanantaina vaaralliseksi Pohjois-Pohjanmaalla, Kainuussa ja Koillismaalla.<\/p>\n<p>Erot paisuvat<\/p>\n<p class=\"paragraph\">Tiistaina pakkanen kiristyy kunnolla, varsinkin Lapissa. On mahdollista, ett\u00e4 tiistaiaamuna osassa Lappia on jo 30 asteen pakkasia, Forecan blogissa kerrotaan.<\/p>\n<p class=\"paragraph\">\u2013 N\u00e4ytt\u00e4\u00e4 silt\u00e4, ett\u00e4 pakkanen voisi iltap\u00e4iv\u00e4n mittaan kiristy\u00e4 viel\u00e4 lis\u00e4\u00e4.<\/p>\n<p class=\"paragraph\">Forecan mukaan Lapissa voidaan tiistaina\u00a0rikkoa kuluvan talven pakkasenn\u00e4tys, \u201331,6 astetta. Tiistai-illan ja y\u00f6n aikana lunta pyrytt\u00e4\u00e4 laajalti 10 cm, paikoin 15\u201320 cm. Ajokeli voi olla petollisen liukas.<\/p>\n<p class=\"paragraph\">L\u00e4mp\u00f6tila etel\u00e4ss\u00e4 on paikoin jopa yli 35 astetta korkeampi kuin Lapissa, Foreca arvioi.<\/p>\n<p class=\"paragraph\">Maanantain s\u00e4\u00e4ennusteen mukaan kahtiajako s\u00e4\u00e4ss\u00e4 jatkuu tulevana viikonloppunakin, mutta v\u00e4hitellen l\u00e4mp\u00f6tilaerot pohjoisen ja etel\u00e4n v\u00e4lill\u00e4 tasoittuvat.<\/p>\n<p class=\"paragraph\">Lauantaina, itsen\u00e4isyysp\u00e4iv\u00e4n\u00e4 pakkasta voi jo paikoin olla maan keskivaiheillakin. Hajanaiset lumisateet ovat mahdollisia siell\u00e4 t\u00e4\u00e4ll\u00e4, mutta etel\u00e4ss\u00e4 ja l\u00e4nsirannikolla sateet ovat my\u00f6s vett\u00e4 tai r\u00e4nt\u00e4\u00e4.<\/p>\n<p class=\"paragraph\">Talvisempi trendi\u00a0n\u00e4kyy Forecan mukaan alkavan sunnuntaina, mutta ennusteessa on viel\u00e4 suurta ep\u00e4varmuutta.<\/p>\n<p><a href=\"https:\/\/www.iltalehti.fi\/parassaa?storeCampaign=ArticleBottomBanner\" rel=\"nofollow noopener\" target=\"_blank\"><img decoding=\"async\" src=\"https:\/\/www.europesays.com\/fi\/wp-content\/uploads\/2025\/08\/d0fd7860228df4fdd5fd0367e49d769aa09b08189080ddc5ccdd8c31ad63aca9.png\" alt=\"IL Paras S\u00e4\u00e4 - S\u00e4\u00e4tiedot ja s\u00e4\u00e4ennusteet\"\/><\/a><\/p>\n","protected":false},"excerpt":{"rendered":"L\u00e4mp\u00f6tila etel\u00e4ss\u00e4 on paikoin jopa yli 35 astetta korkeampi kuin Lapissa, Foreca kertoo. Lapissa voidaan tiistaina\u00a0rikkoa kuluvan talven&hellip;\n","protected":false},"author":2,"featured_media":104888,"comment_status":"","ping_status":"","sticky":false,"template":"","format":"standard","meta":{"footnotes":""},"categories":[12],"tags":[35,22,23,26,27,33,31,30,17,713,4355,24,25,28,29,715,15,18,21,710,714,32,19,20,16],"class_list":{"0":"post-104887","1":"post","2":"type-post","3":"status-publish","4":"format-standard","5":"has-post-thumbnail","7":"category-suomi","8":"tag-24h","9":"tag-breaking-news","10":"tag-breakingnews","11":"tag-featured-news","12":"tag-featurednews","13":"tag-fi","14":"tag-finland","15":"tag-finnish","16":"tag-headlines","17":"tag-lampotila-saa","18":"tag-lapin-maakunta","19":"tag-latest-news","20":"tag-latestnews","21":"tag-main-news","22":"tag-mainnews","23":"tag-meteorologia","24":"tag-news","25":"tag-otsikot","26":"tag-paauutiset","27":"tag-saa","28":"tag-saaennustus","29":"tag-suomi","30":"tag-top-stories","31":"tag-topstories","32":"tag-uutiset"},"share_on_mastodon":{"url":"https:\/\/pubeurope.com\/@fi\/115644645123213299","error":""},"_links":{"self":[{"href":"https:\/\/www.europesays.com\/fi\/wp-json\/wp\/v2\/posts\/104887","targetHints":{"allow":["GET"]}}],"collection":[{"href":"https:\/\/www.europesays.com\/fi\/wp-json\/wp\/v2\/posts"}],"about":[{"href":"https:\/\/www.europesays.com\/fi\/wp-json\/wp\/v2\/types\/post"}],"author":[{"embeddable":true,"href":"https:\/\/www.europesays.com\/fi\/wp-json\/wp\/v2\/users\/2"}],"replies":[{"embeddable":true,"href":"https:\/\/www.europesays.com\/fi\/wp-json\/wp\/v2\/comments?post=104887"}],"version-history":[{"count":0,"href":"https:\/\/www.europesays.com\/fi\/wp-json\/wp\/v2\/posts\/104887\/revisions"}],"wp:featuredmedia":[{"embeddable":true,"href":"https:\/\/www.europesays.com\/fi\/wp-json\/wp\/v2\/media\/104888"}],"wp:attachment":[{"href":"https:\/\/www.europesays.com\/fi\/wp-json\/wp\/v2\/media?parent=104887"}],"wp:term":[{"taxonomy":"category","embeddable":true,"href":"https:\/\/www.europesays.com\/fi\/wp-json\/wp\/v2\/categories?post=104887"},{"taxonomy":"post_tag","embeddable":true,"href":"https:\/\/www.europesays.com\/fi\/wp-json\/wp\/v2\/tags?post=104887"}],"curies":[{"name":"wp","href":"https:\/\/api.w.org\/{rel}","templated":true}]}}