{"id":104895,"date":"2025-12-01T14:12:09","date_gmt":"2025-12-01T14:12:09","guid":{"rendered":"https:\/\/www.europesays.com\/fi\/104895\/"},"modified":"2025-12-01T14:12:09","modified_gmt":"2025-12-01T14:12:09","slug":"harri-kirvesniemi-tylyttaa-suomen-naishiihtajia-iivo-niskanen-saa-synninpaaston","status":"publish","type":"post","link":"https:\/\/www.europesays.com\/fi\/104895\/","title":{"rendered":"Harri Kirvesniemi tylytt\u00e4\u00e4 Suomen naishiiht\u00e4ji\u00e4 \u2013 Iivo Niskanen saa synninp\u00e4\u00e4st\u00f6n"},"content":{"rendered":"<p>Asiantuntija perkaa Rukan j\u00e4isten latujen tapahtumia.<\/p>\n<p>Hiihdon olympiasoppa sakenee.<\/p>\n<p class=\"article-body mb-nof-24 px-nof-16\">Suomalaisten kausi maastohiihdon maailmancupissa k\u00e4ynnistyi Rukalla vaisuilla tuloksilla.<\/p>\n<p class=\"article-body mb-nof-24 px-nof-16\">Lis\u00e4ksi perinteiset kotikisat saivat farssimaisia piirteit\u00e4 sunnuntaina, kun ensin <a class=\"article-personlink\" href=\"https:\/\/www.is.fi\/haku\/?query=Iivo%20Niskanen\" rel=\"nofollow noopener\" target=\"_blank\">Iivo Niskanen<\/a> ilmoitti viime hetkell\u00e4 j\u00e4tt\u00e4v\u00e4ns\u00e4 miesten 20 kilometrin vapaan yhteisl\u00e4ht\u00f6kisan v\u00e4lin ja sen j\u00e4lkeen naisten vastaavalla matkalla nelj\u00e4 suomalaista keskeytti.<\/p>\n<p class=\"article-body mb-nof-24 px-nof-16\">Rukan ladut olivat sunnuntaina j\u00e4iset edellisen p\u00e4iv\u00e4n l\u00e4mp\u00f6asteiden ja niit\u00e4 seuranneiden y\u00f6pakkasten j\u00e4ljilt\u00e4.<\/p>\n<p class=\"article-body mb-nof-24 px-nof-16\">Niskanen <a class=\"article-genericlink\" href=\"https:\/\/www.is.fi\/maastohiihto\/art-2000011660088.html\" rel=\"nofollow noopener\" target=\"_blank\">kertoi sunnuntaina<\/a>, ett\u00e4 h\u00e4n j\u00e4tti kisan v\u00e4liin, koska \u201dhomma ei ole ihan balansissa\u201d.<\/p>\n<p class=\"article-body mb-nof-24 px-nof-16\">\u2013 K\u00e4vin kyll\u00e4 verryttelem\u00e4ss\u00e4, mutta ei tuntunut h\u00e4\u00e4vilt\u00e4. Pit\u00e4\u00e4 seurailla tilannetta, Niskanen jatkoi.<\/p>\n<p class=\"article-body mb-nof-24 px-nof-16\">Asiantuntija <a class=\"article-personlink\" href=\"https:\/\/www.is.fi\/haku\/?query=Harri%20Kirvesniemi\" rel=\"nofollow noopener\" target=\"_blank\">Harri Kirvesniemi<\/a> toteaa, ett\u00e4 Niskasen puheista j\u00e4i ep\u00e4selv\u00e4ksi, oliko p\u00e4\u00e4t\u00f6ksen taustalla terveydelliset syyt vai jotain muuta.<\/p>\n<p class=\"article-body mb-nof-24 px-nof-16\">\u2013\u2009Jos Iivo l\u00e4htee ensi viikonloppuna Trondheimin maailmancupin kisaan, niin tuskinpa oli mit\u00e4\u00e4n terveydellist\u00e4 ongelmaa, Kirvesniemi pohtii.<\/p>\n<p class=\"article-body mb-nof-24 px-nof-16\">T\u00e4ss\u00e4 tapauksessa kyse saattoi Kirvesniemen mukaan olla siit\u00e4, ett\u00e4 Niskanen ei n\u00e4hnyt j\u00e4rkev\u00e4ksi l\u00e4hte\u00e4 ladulle j\u00e4isiss\u00e4 olosuhteissa, jotka eiv\u00e4t ole h\u00e4nen menestymisens\u00e4 kannalta optimaaliset.<\/p>\n<p class=\"article-body mb-nof-24 px-nof-16\">\u2013\u2009Kyll\u00e4 min\u00e4 sallin sen t\u00e4ysin, ett\u00e4 h\u00e4n j\u00e4i pois vaikka ei olisikaan ollut terveydellist\u00e4 ongelmaa. T\u00e4ss\u00e4 oli kyse kuitenkin matkasta, jota ei olympialaisissa hiihdet\u00e4, Kirvesniemi sanoo.<\/p>\n<p class=\"article-body mb-nof-24 px-nof-16\">Kirvesniemi toteaa, ett\u00e4 v\u00e4list\u00e4 j\u00e4\u00e4nyt 20 kilometrin kisa olisi korkeintaan ollut Niskaselle harjoitusta olympialaisten yhdistelm\u00e4kisaa ja vapaan kymppi\u00e4 varten.<\/p>\n<p class=\"article-body mb-nof-24 px-nof-16\">\u2013\u2009Mutta molemmat niist\u00e4 matkoista ovat ohjelmassa sellaisenaan ensi viikonloppuna Trondheimissa. Se on ehdottomasti prioriteetti verrattuna tuohon Rukan 20 kilometriin.<\/p>\n<p><img decoding=\"async\" src=\"https:\/\/www.europesays.com\/fi\/wp-content\/uploads\/2025\/12\/1764598328_797_468.jpg\" alt=\"Harri Kirvesniemen mukaan Iivo Niskasen kunnosta ei paljastunut Rukalla ainakaan mit\u00e4\u00e4n sellaista, mist\u00e4 pit\u00e4isi olla huolissaan.\" class=\"_Img_1rerz_1\" style=\"aspect-ratio:1.5\" loading=\"eager\"\/><\/p>\n<p class=\"article-picture-caption\">Harri Kirvesniemen mukaan Iivo Niskasen kunnosta ei paljastunut Rukalla ainakaan mit\u00e4\u00e4n sellaista, mist\u00e4 pit\u00e4isi olla huolissaan. Kuva:\u00a0Antti H\u00e4m\u00e4l\u00e4inen \/ IS<\/p>\n<p class=\"article-body mb-nof-24 px-nof-16\">Naisten 20 kilometrin yhteisl\u00e4hd\u00f6ss\u00e4 keskeytti per\u00e4ti nelj\u00e4 suomalaista: <a class=\"article-personlink\" href=\"https:\/\/www.is.fi\/haku\/?query=Oona%20Kettunen\" rel=\"nofollow noopener\" target=\"_blank\">Oona Kettunen<\/a>, <a class=\"article-personlink\" href=\"https:\/\/www.is.fi\/haku\/?query=Hilla%20Niemel%C3%A4\" rel=\"nofollow noopener\" target=\"_blank\">Hilla Niemel\u00e4<\/a>, <a class=\"article-personlink\" href=\"https:\/\/www.is.fi\/haku\/?query=Anni%20Alakoski\" rel=\"nofollow noopener\" target=\"_blank\">Anni Alakoski<\/a> ja <a class=\"article-personlink\" href=\"https:\/\/www.is.fi\/haku\/?query=Eveliina%20Piippo\" rel=\"nofollow noopener\" target=\"_blank\">Eveliina Piippo<\/a>. Kaikki j\u00e4ttiv\u00e4t leikin kesken jo ennen kilpailun puoliv\u00e4li\u00e4.<\/p>\n<p class=\"article-body mb-nof-24 px-nof-16\">Niemel\u00e4 esimerkiksi perusteli p\u00e4\u00e4t\u00f6st\u00e4 sill\u00e4, ett\u00e4 \u201dsuksen kantit eiv\u00e4t pit\u00e4neet pottuakaan\u201d. Piippo pelk\u00e4si pahentavansa aiemmin tullutta selk\u00e4vammaansa vaikeissa olosuhteissa.<\/p>\n<p><img decoding=\"async\" src=\"https:\/\/www.europesays.com\/fi\/wp-content\/uploads\/2025\/12\/1764598329_419_468.jpg\" alt=\"Anni Alakoski oli yksi Rukalla keskeytt\u00e4neist\u00e4 suomalaisista.\" class=\"_Img_1rerz_1\" style=\"aspect-ratio:1.5\" loading=\"eager\"\/><\/p>\n<p class=\"article-picture-caption\">Anni Alakoski oli yksi Rukalla keskeytt\u00e4neist\u00e4 suomalaisista. Kuva:\u00a0Antti H\u00e4m\u00e4l\u00e4inen \/ IS<\/p>\n<p class=\"article-body mb-nof-24 px-nof-16\">Kirvesniemen mukaan perustelut olivat ainakin osittain hyvi\u00e4, mutta h\u00e4n ripitt\u00e4\u00e4 silti Suomen kansallisen ryhm\u00e4n naishiiht\u00e4ji\u00e4 eli urheilijoita kansainv\u00e4listen huippujen takana.<\/p>\n<p class=\"article-body mb-nof-24 px-nof-16\">\u2013\u2009Harjoitteluun on varmaan panostettu, mutta v\u00e4lineet ovat olennainen osa hiihtoa. Tuollaisia Rukan kelej\u00e4 varten olisi pit\u00e4nyt testata v\u00e4lineit\u00e4 ja saada tuntemusta erilaisiin keleihin, jotta pakasta l\u00f6ytyisi takuuvarmasti suksi, joka olisi mahdollisimman vakaa j\u00e4isiin olosuhteisiin.<\/p>\n<p class=\"article-body mb-nof-24 px-nof-16\">\u2013\u2009Usealle suomalaiselle tuli samankaltaisia ongelmia, eli sit\u00e4 hommaa ei ole tehty kunnolla.<\/p>\n<p class=\"article-body mb-nof-24 px-nof-16\">My\u00f6s huippuhiiht\u00e4j\u00e4t totesivat, ett\u00e4 keli oli j\u00e4rkytt\u00e4v\u00e4, mutta he l\u00f6ysiv\u00e4t silti toimivat sukset.<\/p>\n<p class=\"article-body mb-nof-24 px-nof-16\">\u2013\u2009Huippuhiiht\u00e4j\u00e4t ovat kilpailleet erilaisissa olosuhteissa. He ovat tottuneet siihen, ett\u00e4 kaikkiin keleihin on varauduttava, ja ymm\u00e4rt\u00e4v\u00e4t, mik\u00e4 suksen valinnassa on t\u00e4rkeint\u00e4, Kirvesniemi sanoo.<\/p>\n<p class=\"article-body mb-nof-24 px-nof-16\">\u2013\u2009Luistolla ei ole melkein mit\u00e4\u00e4n merkityst\u00e4, vaan suksen pit\u00e4\u00e4 olla sellainen, ettei se karkaa potkussa ja sill\u00e4 pystyy laskemaan alam\u00e4ki\u00e4 j\u00e4nnitt\u00e4m\u00e4tt\u00e4.<\/p>\n<p class=\"article-body mb-nof-24 px-nof-16\">Kirvesniemen mukaan ratkaisu l\u00f6ytyy harjoitusladuilta.<\/p>\n<p class=\"article-body mb-nof-24 px-nof-16\">\u2013\u2009Treeneiss\u00e4 j\u00e4iset olosuhteet on k\u00e4ytett\u00e4v\u00e4 hyv\u00e4ksi, eik\u00e4 siirt\u00e4\u00e4 harjoitusta tai suksitestausta seuraavalle p\u00e4iv\u00e4lle.<\/p>\n<p class=\"article-body mb-nof-24 px-nof-16\">\u2013\u2009J\u00e4isi\u00e4 olosuhteita tulee kisoihinkin. Se ei ole edes mik\u00e4\u00e4n harvinaisuus, ett\u00e4 on esimerkiksi ensin vesikelip\u00e4iv\u00e4 ja y\u00f6pakkaset sitten tulee pakkasta.<\/p>\n","protected":false},"excerpt":{"rendered":"Asiantuntija perkaa Rukan j\u00e4isten latujen tapahtumia. Hiihdon olympiasoppa sakenee. Suomalaisten kausi maastohiihdon maailmancupissa k\u00e4ynnistyi Rukalla vaisuilla tuloksilla. Lis\u00e4ksi&hellip;\n","protected":false},"author":2,"featured_media":104896,"comment_status":"","ping_status":"","sticky":false,"template":"","format":"standard","meta":{"footnotes":""},"categories":[158],"tags":[33,31,30,34,159,32,160],"class_list":{"0":"post-104895","1":"post","2":"type-post","3":"status-publish","4":"format-standard","5":"has-post-thumbnail","7":"category-urheilu","8":"tag-fi","9":"tag-finland","10":"tag-finnish","11":"tag-ilta-sanomat","12":"tag-sports","13":"tag-suomi","14":"tag-urheilu"},"share_on_mastodon":{"url":"https:\/\/pubeurope.com\/@fi\/115644723787074200","error":""},"_links":{"self":[{"href":"https:\/\/www.europesays.com\/fi\/wp-json\/wp\/v2\/posts\/104895","targetHints":{"allow":["GET"]}}],"collection":[{"href":"https:\/\/www.europesays.com\/fi\/wp-json\/wp\/v2\/posts"}],"about":[{"href":"https:\/\/www.europesays.com\/fi\/wp-json\/wp\/v2\/types\/post"}],"author":[{"embeddable":true,"href":"https:\/\/www.europesays.com\/fi\/wp-json\/wp\/v2\/users\/2"}],"replies":[{"embeddable":true,"href":"https:\/\/www.europesays.com\/fi\/wp-json\/wp\/v2\/comments?post=104895"}],"version-history":[{"count":0,"href":"https:\/\/www.europesays.com\/fi\/wp-json\/wp\/v2\/posts\/104895\/revisions"}],"wp:featuredmedia":[{"embeddable":true,"href":"https:\/\/www.europesays.com\/fi\/wp-json\/wp\/v2\/media\/104896"}],"wp:attachment":[{"href":"https:\/\/www.europesays.com\/fi\/wp-json\/wp\/v2\/media?parent=104895"}],"wp:term":[{"taxonomy":"category","embeddable":true,"href":"https:\/\/www.europesays.com\/fi\/wp-json\/wp\/v2\/categories?post=104895"},{"taxonomy":"post_tag","embeddable":true,"href":"https:\/\/www.europesays.com\/fi\/wp-json\/wp\/v2\/tags?post=104895"}],"curies":[{"name":"wp","href":"https:\/\/api.w.org\/{rel}","templated":true}]}}