{"id":104905,"date":"2025-12-01T14:19:11","date_gmt":"2025-12-01T14:19:11","guid":{"rendered":"https:\/\/www.europesays.com\/fi\/104905\/"},"modified":"2025-12-01T14:19:11","modified_gmt":"2025-12-01T14:19:11","slug":"24-vuotta-valmistetun-auton-tarina-paattyy","status":"publish","type":"post","link":"https:\/\/www.europesays.com\/fi\/104905\/","title":{"rendered":"24 vuotta valmistetun auton tarina p\u00e4\u00e4ttyy"},"content":{"rendered":"<p>BMW Z4:n tuotanto p\u00e4\u00e4ttyy 24 vuoden j\u00e4lkeen.<\/p>\n<p><img decoding=\"async\" class=\"image image-show image-preview\" src=\"https:\/\/www.europesays.com\/fi\/wp-content\/uploads\/2025\/12\/133ca0d7efc526bbca6876fe647fe327fa9e18baaa87161ceff868307254ba17.jpg\" alt=\"\"\/><img decoding=\"async\" class=\"image image-show\" src=\"https:\/\/www.europesays.com\/fi\/wp-content\/uploads\/2025\/12\/1764598751_134_133ca0d7efc526bbca6876fe647fe327fa9e18baaa87161ceff868307254ba17.jpg\" alt=\"\"\/><\/p>\n<p>Viimeist\u00e4 vied\u00e4\u00e4n. BMW Z4:n tuotanto loppuu. Niko Rouhiainen<\/p>\n<p class=\"paragraph\">BMW lopettaa vuodesta 2002 l\u00e4htien valmistetun Z4:n tuotannon. Coup\u00e9na ja cabrioletina valmistetulle kaksipaikkaiselle ja kaksioviselle autolle ei ole suunniteltu jatkajaa.<\/p>\n<p class=\"paragraph\">Mallisarja hyv\u00e4stell\u00e4\u00e4n cabriolet-erikoisversiolla. Sen mallinimi on luonnollisesti Z4 Final Edition. BMW toivoo, ett\u00e4 se kiinnostaisi autoker\u00e4ilij\u00f6it\u00e4. Autoa valmistetaan kolmella bensiinimoottorilla.<\/p>\n<p class=\"paragraph\">Final Editionia valmistetaan tammikuusta maaliskuuhun 2026.<\/p>\n<p class=\"paragraph\">Z4 korvasi vuonna 2002 Z3:n. Nykyinen Z4 on mallin kolmas sukupolvi, tyyppimerkinn\u00e4lt\u00e4\u00e4n G29. Sit\u00e4 on valmistettu vain kangaskattoisena.<\/p>\n<p class=\"paragraph\">Auto on kehitetty yhteisty\u00f6ss\u00e4 Toyotan kanssa. Japanilaismerkill\u00e4 auto tunnetaan Suprana.<\/p>\n","protected":false},"excerpt":{"rendered":"BMW Z4:n tuotanto p\u00e4\u00e4ttyy 24 vuoden j\u00e4lkeen. Viimeist\u00e4 vied\u00e4\u00e4n. BMW Z4:n tuotanto loppuu. Niko Rouhiainen BMW lopettaa vuodesta&hellip;\n","protected":false},"author":2,"featured_media":104906,"comment_status":"","ping_status":"","sticky":false,"template":"","format":"standard","meta":{"footnotes":""},"categories":[5],"tags":[35,648,22,23,26,27,33,31,30,17,24,25,121,1048,28,29,82,15,18,21,32,128,19,20,16],"class_list":{"0":"post-104905","1":"post","2":"type-post","3":"status-publish","4":"format-standard","5":"has-post-thumbnail","7":"category-otsikot","8":"tag-24h","9":"tag-autot","10":"tag-breaking-news","11":"tag-breakingnews","12":"tag-featured-news","13":"tag-featurednews","14":"tag-fi","15":"tag-finland","16":"tag-finnish","17":"tag-headlines","18":"tag-latest-news","19":"tag-latestnews","20":"tag-liikenne-ja-kuljetus","21":"tag-maakulkuneuvot","22":"tag-main-news","23":"tag-mainnews","24":"tag-moottoriajoneuvot","25":"tag-news","26":"tag-otsikot","27":"tag-paauutiset","28":"tag-suomi","29":"tag-tieliikenne","30":"tag-top-stories","31":"tag-topstories","32":"tag-uutiset"},"share_on_mastodon":{"url":"https:\/\/pubeurope.com\/@fi\/115644751470281962","error":""},"_links":{"self":[{"href":"https:\/\/www.europesays.com\/fi\/wp-json\/wp\/v2\/posts\/104905","targetHints":{"allow":["GET"]}}],"collection":[{"href":"https:\/\/www.europesays.com\/fi\/wp-json\/wp\/v2\/posts"}],"about":[{"href":"https:\/\/www.europesays.com\/fi\/wp-json\/wp\/v2\/types\/post"}],"author":[{"embeddable":true,"href":"https:\/\/www.europesays.com\/fi\/wp-json\/wp\/v2\/users\/2"}],"replies":[{"embeddable":true,"href":"https:\/\/www.europesays.com\/fi\/wp-json\/wp\/v2\/comments?post=104905"}],"version-history":[{"count":0,"href":"https:\/\/www.europesays.com\/fi\/wp-json\/wp\/v2\/posts\/104905\/revisions"}],"wp:featuredmedia":[{"embeddable":true,"href":"https:\/\/www.europesays.com\/fi\/wp-json\/wp\/v2\/media\/104906"}],"wp:attachment":[{"href":"https:\/\/www.europesays.com\/fi\/wp-json\/wp\/v2\/media?parent=104905"}],"wp:term":[{"taxonomy":"category","embeddable":true,"href":"https:\/\/www.europesays.com\/fi\/wp-json\/wp\/v2\/categories?post=104905"},{"taxonomy":"post_tag","embeddable":true,"href":"https:\/\/www.europesays.com\/fi\/wp-json\/wp\/v2\/tags?post=104905"}],"curies":[{"name":"wp","href":"https:\/\/api.w.org\/{rel}","templated":true}]}}