{"id":104911,"date":"2025-12-01T14:32:07","date_gmt":"2025-12-01T14:32:07","guid":{"rendered":"https:\/\/www.europesays.com\/fi\/104911\/"},"modified":"2025-12-01T14:32:07","modified_gmt":"2025-12-01T14:32:07","slug":"kevin-dineen-julkaisi-pysayttavan-paivityksen-syopa","status":"publish","type":"post","link":"https:\/\/www.europesays.com\/fi\/104911\/","title":{"rendered":"Kevin Dineen julkaisi pys\u00e4ytt\u00e4v\u00e4n p\u00e4ivityksen: sy\u00f6p\u00e4"},"content":{"rendered":"<p>Ex-kiekkoilija ilmoitti sairaudesta sosiaalisessa mediassa.<\/p>\n<p class=\"article-body mb-nof-24 px-nof-16\">L\u00e4hes 1200 peli\u00e4 NHL:ss\u00e4 pelannut <a class=\"article-personlink\" href=\"https:\/\/www.is.fi\/haku\/?query=Kevin%20Dineen\" rel=\"nofollow noopener\" target=\"_blank\">Kevin Dineen<\/a> julkaisi sosiaalisessa mediassa <a class=\"article-genericlink\" href=\"https:\/\/x.com\/kdino9\/status\/1995155447779668299\" rel=\"nofollow\">p\u00e4ivityksen<\/a>, jossa h\u00e4n kertoi sairastavansa haimasy\u00f6p\u00e4\u00e4.<\/p>\n<p class=\"article-body mb-nof-24 px-nof-16\">Dineen, 62, kertoi p\u00e4ivityksess\u00e4 kuulleen sairaudesta muutama kuukausi sitten.<\/p>\n<p class=\"article-body mb-nof-24 px-nof-16\">\u2013\u2009T\u00e4m\u00e4 kiitosp\u00e4iv\u00e4 tuntuu erilaiselta. T\u00e4m\u00e4 on asettanut paljon asioita perspektiiviin, ennen kaikkea sen, kuinka onnekas olen, ett\u00e4 ymp\u00e4rill\u00e4ni on niin paljon tukea antavia ihmisi\u00e4, Dineen kirjoittaa.<\/p>\n<p class=\"article-body mb-nof-24 px-nof-16\">Mittavalla pelaajaurallaan laitahy\u00f6kk\u00e4\u00e4j\u00e4 Dineen pelasi 19 kautta NHL:ss\u00e4. H\u00e4n edusti Hartford Whalersia, Philadelphia Flyersia, Carolina Hurricanesia ja Columbus Blue Jacketsia. <\/p>\n<p class=\"article-body mb-nof-24 px-nof-16\">Pisteit\u00e4 Dineenille kertyi 760 (355 + 405). H\u00e4n voitti urallaan kertaalleen Kanada-cupin ja juhli kahdesti MM-hopeaa vuosina 1985 ja 1989.<\/p>\n<p class=\"article-body mb-nof-24 px-nof-16\">Dineen ryhtyi v\u00e4litt\u00f6m\u00e4sti uransa p\u00e4\u00e4tytty\u00e4 Blue Jacketsin kykyjenetsij\u00e4ksi. Jo seuraavalla kaudella h\u00e4net nimitettiin seuran varatoimitusjohtajaksi.<\/p>\n<p class=\"article-body mb-nof-24 px-nof-16\">Kaudella 2005\u201306 Dineen ryhtyi AHL-seura Portland Piratesin p\u00e4\u00e4valmentajaksi ja jatkoi valmentamista aina viime kauteen saakka, jolloin h\u00e4n sai potkut Utica Cometsista.<\/p>\n","protected":false},"excerpt":{"rendered":"Ex-kiekkoilija ilmoitti sairaudesta sosiaalisessa mediassa. L\u00e4hes 1200 peli\u00e4 NHL:ss\u00e4 pelannut Kevin Dineen julkaisi sosiaalisessa mediassa p\u00e4ivityksen, jossa h\u00e4n&hellip;\n","protected":false},"author":2,"featured_media":104912,"comment_status":"","ping_status":"","sticky":false,"template":"","format":"standard","meta":{"footnotes":""},"categories":[136],"tags":[407,137,33,31,30,34,408,32,109],"class_list":{"0":"post-104911","1":"post","2":"type-post","3":"status-publish","4":"format-standard","5":"has-post-thumbnail","7":"category-julkkikset","8":"tag-celebrities","9":"tag-entertainment","10":"tag-fi","11":"tag-finland","12":"tag-finnish","13":"tag-ilta-sanomat","14":"tag-julkkikset","15":"tag-suomi","16":"tag-viihde"},"share_on_mastodon":{"url":"https:\/\/pubeurope.com\/@fi\/115644802231993454","error":""},"_links":{"self":[{"href":"https:\/\/www.europesays.com\/fi\/wp-json\/wp\/v2\/posts\/104911","targetHints":{"allow":["GET"]}}],"collection":[{"href":"https:\/\/www.europesays.com\/fi\/wp-json\/wp\/v2\/posts"}],"about":[{"href":"https:\/\/www.europesays.com\/fi\/wp-json\/wp\/v2\/types\/post"}],"author":[{"embeddable":true,"href":"https:\/\/www.europesays.com\/fi\/wp-json\/wp\/v2\/users\/2"}],"replies":[{"embeddable":true,"href":"https:\/\/www.europesays.com\/fi\/wp-json\/wp\/v2\/comments?post=104911"}],"version-history":[{"count":0,"href":"https:\/\/www.europesays.com\/fi\/wp-json\/wp\/v2\/posts\/104911\/revisions"}],"wp:featuredmedia":[{"embeddable":true,"href":"https:\/\/www.europesays.com\/fi\/wp-json\/wp\/v2\/media\/104912"}],"wp:attachment":[{"href":"https:\/\/www.europesays.com\/fi\/wp-json\/wp\/v2\/media?parent=104911"}],"wp:term":[{"taxonomy":"category","embeddable":true,"href":"https:\/\/www.europesays.com\/fi\/wp-json\/wp\/v2\/categories?post=104911"},{"taxonomy":"post_tag","embeddable":true,"href":"https:\/\/www.europesays.com\/fi\/wp-json\/wp\/v2\/tags?post=104911"}],"curies":[{"name":"wp","href":"https:\/\/api.w.org\/{rel}","templated":true}]}}