{"id":104915,"date":"2025-12-01T14:39:10","date_gmt":"2025-12-01T14:39:10","guid":{"rendered":"https:\/\/www.europesays.com\/fi\/104915\/"},"modified":"2025-12-01T14:39:10","modified_gmt":"2025-12-01T14:39:10","slug":"max-verstappenin-uusi-tallikaveri-paljastui","status":"publish","type":"post","link":"https:\/\/www.europesays.com\/fi\/104915\/","title":{"rendered":"Max Verstappenin uusi tallikaveri paljastui"},"content":{"rendered":"<p>Isack Hadjar ajaa ensi kaudella Red Bullilla.<\/p>\n<p><img decoding=\"async\" class=\"image image-show image-preview\" src=\"https:\/\/www.europesays.com\/fi\/wp-content\/uploads\/2025\/12\/d8b94f872c4b6740d6a52db5fa08706fb0921b13be2e5e8d3a310988acdace2b.jpg\" alt=\"\"\/><img decoding=\"async\" class=\"image image-show\" src=\"https:\/\/www.europesays.com\/fi\/wp-content\/uploads\/2025\/12\/1764599950_787_d8b94f872c4b6740d6a52db5fa08706fb0921b13be2e5e8d3a310988acdace2b.jpg\" alt=\"\"\/><\/p>\n<p>Isack Hadjar k\u00e4\u00e4nt\u00e4\u00e4 ensi kaudella Red Bullina rattia. AOP<\/p>\n<p class=\"paragraph\"><strong>Isack Hadjar<\/strong>, 21, on ensi kaudella <strong>Max Verstappenin<\/strong>, 28, uusi tallikaveri Red Bullilla, kertoo hollantilainen <a href=\"https:\/\/www.telegraaf.nl\/sport\/autosport\/definitief-isack-hadjar-nieuwe-teamgenoot-van-max-verstappen-bij-red-bull-yuki-tsunoda-verdwijnt-van-het-toneel\/108806011.html?utm_medium=referral&amp;utm_campaign=share\" target=\"_blank\" rel=\"noopener nofollow\">De Telegraaf -lehti<\/a>.<\/p>\n<p class=\"paragraph\">Lehden mukaan se on saanut useammasta l\u00e4hteest\u00e4 tietoonsa, ett\u00e4 Hadjar hypp\u00e4\u00e4 <strong>Yuki Tsunodan<\/strong>, 25, tilalle Red Bullilla.<\/p>\n<p class=\"paragraph\">Talli piti sunnuntai-iltana Dohassa palaverin, jossa oli mukana tallip\u00e4\u00e4llikk\u00f6 <strong>Laurent Mekies<\/strong>, p\u00e4\u00e4neuvonantaja <strong>Helmut Marko<\/strong> ja toimitusjohtaja <strong>Oliver Mintzlaff<\/strong>. Palaverin j\u00e4lkeen Mekies kertoi, ett\u00e4 Red Bull julkaisee ensi vuoden kuljettajat tiistaina.<\/p>\n<p class=\"paragraph\">Ranskalais-algerialainen Hadjar on ajanut t\u00e4ll\u00e4 kaudella erinomaista tulokaskautta Racing Bullsissa, joka on Red Bullin sisartalli. Nuorukainen on ylt\u00e4nyt jo kertaalleen palkintopallille ja ker\u00e4nnyt koko kauden aikana yhteens\u00e4 51 pistett\u00e4.<\/p>\n<p class=\"paragraph\">Hadjarin ylennys ei tule yll\u00e4tyksen\u00e4, sill\u00e4 miehen siirtoa Red Bullille on huhuiltu jo pitk\u00e4\u00e4n.<\/p>\n<p class=\"paragraph\">T\u00e4ll\u00e4 kaudella vain 33 MM-pistett\u00e4 ker\u00e4nnyt japanilainen Tsunoda on sen sijaan j\u00e4\u00e4m\u00e4ss\u00e4 kokonaan ilman F1-paikkaa ensi kaudella.<\/p>\n<p class=\"paragraph\">Racing Bullsissa Hadjarin paikan nappaa vasta 18-vuotias <strong>Arvid Lindblad<\/strong>. Toisena kisakuskina kaasuttelee ensi kaudella <strong>Liam Lawson<\/strong>.<\/p>\n<p class=\"paragraph\">De Telegraafin mukaan Tsunoda saattaa kuitenkin j\u00e4\u00e4d\u00e4 Red Bull -yhteis\u00f6\u00f6n varakuljettajaksi, mutta asiasta ei ole viel\u00e4 p\u00e4\u00e4tetty.<\/p>\n","protected":false},"excerpt":{"rendered":"Isack Hadjar ajaa ensi kaudella Red Bullilla. Isack Hadjar k\u00e4\u00e4nt\u00e4\u00e4 ensi kaudella Red Bullina rattia. AOP Isack Hadjar,&hellip;\n","protected":false},"author":2,"featured_media":104916,"comment_status":"","ping_status":"","sticky":false,"template":"","format":"standard","meta":{"footnotes":""},"categories":[158],"tags":[35,2810,33,31,30,3437,41,83,2811,159,32,160],"class_list":{"0":"post-104915","1":"post","2":"type-post","3":"status-publish","4":"format-standard","5":"has-post-thumbnail","7":"category-urheilu","8":"tag-24h","9":"tag-autourheilu-ja-urheiluautot","10":"tag-fi","11":"tag-finland","12":"tag-finnish","13":"tag-formula-1","14":"tag-liikunta-ja-urheilu","15":"tag-moottoriurheilu","16":"tag-rata-autoilu","17":"tag-sports","18":"tag-suomi","19":"tag-urheilu"},"share_on_mastodon":{"url":"https:\/\/pubeurope.com\/@fi\/115644830021724631","error":""},"_links":{"self":[{"href":"https:\/\/www.europesays.com\/fi\/wp-json\/wp\/v2\/posts\/104915","targetHints":{"allow":["GET"]}}],"collection":[{"href":"https:\/\/www.europesays.com\/fi\/wp-json\/wp\/v2\/posts"}],"about":[{"href":"https:\/\/www.europesays.com\/fi\/wp-json\/wp\/v2\/types\/post"}],"author":[{"embeddable":true,"href":"https:\/\/www.europesays.com\/fi\/wp-json\/wp\/v2\/users\/2"}],"replies":[{"embeddable":true,"href":"https:\/\/www.europesays.com\/fi\/wp-json\/wp\/v2\/comments?post=104915"}],"version-history":[{"count":0,"href":"https:\/\/www.europesays.com\/fi\/wp-json\/wp\/v2\/posts\/104915\/revisions"}],"wp:featuredmedia":[{"embeddable":true,"href":"https:\/\/www.europesays.com\/fi\/wp-json\/wp\/v2\/media\/104916"}],"wp:attachment":[{"href":"https:\/\/www.europesays.com\/fi\/wp-json\/wp\/v2\/media?parent=104915"}],"wp:term":[{"taxonomy":"category","embeddable":true,"href":"https:\/\/www.europesays.com\/fi\/wp-json\/wp\/v2\/categories?post=104915"},{"taxonomy":"post_tag","embeddable":true,"href":"https:\/\/www.europesays.com\/fi\/wp-json\/wp\/v2\/tags?post=104915"}],"curies":[{"name":"wp","href":"https:\/\/api.w.org\/{rel}","templated":true}]}}