{"id":104920,"date":"2025-12-01T14:44:13","date_gmt":"2025-12-01T14:44:13","guid":{"rendered":"https:\/\/www.europesays.com\/fi\/104920\/"},"modified":"2025-12-01T14:44:13","modified_gmt":"2025-12-01T14:44:13","slug":"sotilaat-torjuvat-afrikkalaista-sikaruttoa-barcelonan-liepeilla","status":"publish","type":"post","link":"https:\/\/www.europesays.com\/fi\/104920\/","title":{"rendered":"Sotilaat torjuvat afrikkalaista sikaruttoa Barcelonan liepeill\u00e4"},"content":{"rendered":"<p>Espanja|Sianlihan vienti keskeytyi viranomaisten mukaan yli sataan maahan.<\/p>\n<p>Lue tiivistelm\u00e4<\/p>\n<p>Tiivistelm\u00e4 on teko\u00e4lyn tekem\u00e4 ja ihmisen tarkistama.<\/p>\n<p class=\"article-body mb-nof-24 px-nof-16 sndp-summary-bullet-point-font\">Espanjan asevoimat valvoo eristysaluetta Barcelonan laitamilla, koska siell\u00e4 on havaittu afrikkalaista sikaruttoa.<\/p>\n<p class=\"article-body mb-nof-24 px-nof-16 sndp-summary-bullet-point-font\">Tartunta vahvistettiin perjantaina kahdelta kuolleelta villisialta Collserolan luonnonpuistossa.<\/p>\n<p class=\"article-body mb-nof-24 px-nof-16 sndp-summary-bullet-point-font\">Espanjan maatalousministeri Luis Planas sanoo, ett\u00e4 noin kolmasosa koko Espanjan sianlihan vientiluvista laitettiin j\u00e4ihin tartuntojen takia.<\/p>\n<p class=\"article-body mb-nof-24 px-nof-16 sndp-summary-bullet-point-font\">Katalonian aluehallinnon maatalousjohtaja \u00d2scar Ordeig arvelee tartunnan tulleen villisioille saastuneesta ruoasta, esimerkiksi roskikseen heitetyst\u00e4 leikkeleest\u00e4.<\/p>\n<p class=\"article-body mb-nof-24 px-nof-16\">Espanjan asevoimien sotilaita jalkautui maanantaina valvomaan eristysaluetta Barcelonan laitamilla, jossa on havaittu afrikkalaista sikaruttoa.<\/p>\n<p class=\"article-body mb-nof-24 px-nof-16\">Kahdelta kuolleena l\u00f6ytyneelt\u00e4 villisialta vahvistettiin tartunta viime perjantaina. Maanantaina tutkijat selvittiv\u00e4t n\u00e4ytteit\u00e4 alueella kiinni saaduista 40 villisiasta ja ep\u00e4ilev\u00e4t tartuntaa kahdeksassa tapauksessa.<\/p>\n<p class=\"article-body mb-nof-24 px-nof-16\">Asiasta kertovat uutistoimisto Reuters ja Barcelonan p\u00e4\u00e4lehti <a class=\"article-genericlink\" href=\"https:\/\/www.lavanguardia.com\/vida\/20251201\/11318045\/ordeig-senala-comida-contaminada-origen-mas-probable-brote-peste-porcina.html\" rel=\"nofollow noopener\" target=\"_blank\">La Vanguardia<\/a>.<\/p>\n<p class=\"article-body mb-nof-24 px-nof-16\">Kuolleet siat l\u00f6ytyiv\u00e4t Collserolan vuorijonon luonnonpuistosta Cerdanyola del Vall\u00e8sin pikkukaupungin l\u00e4helt\u00e4. Luonnonpuiston ulkoilureitit suljettiin, ja eristysalue on s\u00e4teelt\u00e4\u00e4n kuusi kilometri\u00e4 tartuntojen havaintopaikasta.<\/p>\n<p class=\"article-body mb-nof-24 px-nof-16\">Katalonian aluehallinnon maatalousjohtaja <a class=\"article-personlink\" href=\"https:\/\/www.hs.fi\/haku\/?query=%C3%92scar%20Ordeig\" rel=\"nofollow noopener\" target=\"_blank\">\u00d2scar Ordeig<\/a> oletti <a class=\"article-genericlink\" href=\"https:\/\/www.3cat.cat\/3cat\/ordeig-shan-de-matar-senglars\/audio\/1263077\/\" rel=\"nofollow noopener\" target=\"_blank\">Catalunya R\u00e0dion<\/a> haastattelussa maanantaina tartuntojen todenn\u00e4k\u00f6isimm\u00e4ksi l\u00e4hteeksi leikkelett\u00e4 esimerkiksi roskikseen heitetyst\u00e4 t\u00e4yteleiv\u00e4st\u00e4, jonka villisika on l\u00f6yt\u00e4nyt ja sy\u00f6nyt.<\/p>\n<p class=\"article-body mb-nof-24 px-nof-16\">Eristysalueen halki kulkee valtatie AP-7, joka yhdist\u00e4\u00e4 Katalonian Ranskaan. Koska tartuntoja ei ole havaittu muualla Kataloniassa tai Ranskassa, viranomaiset arvelevat saastuneen ruoan tulleen muualta ihmisten matkassa.<\/p>\n<p class=\"article-body mb-nof-24 px-nof-16\">Aluetta saapui valvomaan sunnuntaina 300 Katalonian poliisia ja maanantaina 117 Espanjan asevoimien katastrofiyksik\u00f6n (UME) sotilasta.<\/p>\n<p class=\"article-body mb-nof-24 px-nof-16\">Afrikkalainen sikarutto ei vaaranna ihmisten terveytt\u00e4, mutta se levi\u00e4\u00e4 herk\u00e4sti villisikojen ja kesysikojen keskuudessa. Espanja pit\u00e4\u00e4 sit\u00e4 vakavana taloudellisena riskin\u00e4, koska maa kuuluu maailman suurimpiin sianlihanviejiin.<\/p>\n<p class=\"article-body mb-nof-24 px-nof-16\"><a class=\"article-genericlink\" href=\"https:\/\/cadenaser.com\/cataluna\/2025\/12\/01\/el-consejero-de-agricultura-catalan-sobre-la-afectacion-de-la-peste-porcina-reabrir-el-mercado-costara-sercat\/\" rel=\"nofollow noopener\" target=\"_blank\">Cadena Ser<\/a> -radiokanavan mukaan viranomaiset ovat tutkineet n\u00e4ytteet 39 sikatilalta 20 kilometrin s\u00e4teell\u00e4 tartuntapisteest\u00e4, mutta yhdelt\u00e4k\u00e4\u00e4n tilalta ei l\u00f6ytynyt tautia.<\/p>\n<p class=\"article-body mb-nof-24 px-nof-16\">T\u00e4st\u00e4 huolimatta Espanjan maatalousministeri <a class=\"article-personlink\" href=\"https:\/\/www.hs.fi\/haku\/?query=Luis%20Planas\" rel=\"nofollow noopener\" target=\"_blank\">Luis Planas<\/a> kertoi Reutersin mukaan lauantaina, ett\u00e4 noin kolmasosa koko Espanjan sianlihan vientiluvista oli tartuntojen takia ly\u00f6ty j\u00e4ihin. Katalonian hallinto laski, ett\u00e4 alueella tuotetun sianlihan vientikielto koski yli sataa maata.<\/p>\n<p class=\"article-body mb-nof-24 px-nof-16\">\u201dVillisikoja pit\u00e4\u00e4 tappaa populaation pienent\u00e4miseksi ja sen aiheuttamien haittojen v\u00e4ltt\u00e4miseksi\u201d, Katalonian maatalousjohtaja Ordeig sanoi La Vanguardian mukaan.<\/p>\n<p><img decoding=\"async\" src=\"https:\/\/www.europesays.com\/fi\/wp-content\/uploads\/2025\/12\/1764600253_472_468.jpg\" alt=\"Collserolan vuorijono kohoaa Barcelonan laidalla.\" class=\"_Img_1rerz_1\" style=\"aspect-ratio:1.5\" loading=\"eager\"\/><\/p>\n<p class=\"article-picture-caption\">Collserolan vuorijono kohoaa Barcelonan laidalla. Kuva:\u00a0Lorena Sopana \/ Contacto<\/p>\n","protected":false},"excerpt":{"rendered":"Espanja|Sianlihan vienti keskeytyi viranomaisten mukaan yli sataan maahan. Lue tiivistelm\u00e4 Tiivistelm\u00e4 on teko\u00e4lyn tekem\u00e4 ja ihmisen tarkistama. Espanjan&hellip;\n","protected":false},"author":2,"featured_media":104921,"comment_status":"","ping_status":"","sticky":false,"template":"","format":"standard","meta":{"footnotes":""},"categories":[14],"tags":[22,23,26,27,33,31,30,17,46,24,25,28,29,15,18,21,32,19,20,56,16,59,60,61],"class_list":{"0":"post-104920","1":"post","2":"type-post","3":"status-publish","4":"format-standard","5":"has-post-thumbnail","7":"category-ulkomaat","8":"tag-breaking-news","9":"tag-breakingnews","10":"tag-featured-news","11":"tag-featurednews","12":"tag-fi","13":"tag-finland","14":"tag-finnish","15":"tag-headlines","16":"tag-helsingin-sanomat","17":"tag-latest-news","18":"tag-latestnews","19":"tag-main-news","20":"tag-mainnews","21":"tag-news","22":"tag-otsikot","23":"tag-paauutiset","24":"tag-suomi","25":"tag-top-stories","26":"tag-topstories","27":"tag-ulkomaat","28":"tag-uutiset","29":"tag-world","30":"tag-world-news","31":"tag-worldnews"},"share_on_mastodon":{"url":"https:\/\/pubeurope.com\/@fi\/115644849773837925","error":""},"_links":{"self":[{"href":"https:\/\/www.europesays.com\/fi\/wp-json\/wp\/v2\/posts\/104920","targetHints":{"allow":["GET"]}}],"collection":[{"href":"https:\/\/www.europesays.com\/fi\/wp-json\/wp\/v2\/posts"}],"about":[{"href":"https:\/\/www.europesays.com\/fi\/wp-json\/wp\/v2\/types\/post"}],"author":[{"embeddable":true,"href":"https:\/\/www.europesays.com\/fi\/wp-json\/wp\/v2\/users\/2"}],"replies":[{"embeddable":true,"href":"https:\/\/www.europesays.com\/fi\/wp-json\/wp\/v2\/comments?post=104920"}],"version-history":[{"count":0,"href":"https:\/\/www.europesays.com\/fi\/wp-json\/wp\/v2\/posts\/104920\/revisions"}],"wp:featuredmedia":[{"embeddable":true,"href":"https:\/\/www.europesays.com\/fi\/wp-json\/wp\/v2\/media\/104921"}],"wp:attachment":[{"href":"https:\/\/www.europesays.com\/fi\/wp-json\/wp\/v2\/media?parent=104920"}],"wp:term":[{"taxonomy":"category","embeddable":true,"href":"https:\/\/www.europesays.com\/fi\/wp-json\/wp\/v2\/categories?post=104920"},{"taxonomy":"post_tag","embeddable":true,"href":"https:\/\/www.europesays.com\/fi\/wp-json\/wp\/v2\/tags?post=104920"}],"curies":[{"name":"wp","href":"https:\/\/api.w.org\/{rel}","templated":true}]}}