{"id":104924,"date":"2025-12-01T14:46:12","date_gmt":"2025-12-01T14:46:12","guid":{"rendered":"https:\/\/www.europesays.com\/fi\/104924\/"},"modified":"2025-12-01T14:46:12","modified_gmt":"2025-12-01T14:46:12","slug":"uusi-laki-vaatii-paivityksen-16-miljoonaan-suomalaiseen-kotiin-asentaja-saa-tulla-kotiisi-vaikka-erikseen-kieltaisit-kanta-hame","status":"publish","type":"post","link":"https:\/\/www.europesays.com\/fi\/104924\/","title":{"rendered":"Uusi laki vaatii p\u00e4ivityksen 1,6 miljoonaan suomalaiseen kotiin \u2013 asentaja saa tulla kotiisi, vaikka erikseen kielt\u00e4isit | Kanta-H\u00e4me"},"content":{"rendered":"<p class=\"aw-1gybjub aw-5vja16 kEtdKx kmuxyA yle__article__paragraph\">Rakennuksen omistaja on jatkossa vastuussa siit\u00e4, ett\u00e4 talossa on riitt\u00e4v\u00e4sti palovaroittimia. Laitteen saa asentaa huoneistoon, vaikka asukas sen erikseen kielt\u00e4isi.<\/p>\n<p><img decoding=\"async\" alt=\" Mies asentaa palovaroitinta kattoon kotona.\" src=\"https:\/\/www.europesays.com\/fi\/wp-content\/uploads\/2025\/12\/39-151304468aee3b2e7c02.jpeg\" class=\"aw-1l9m598 hKVVvP\"\/><\/p>\n<p>Avaa kuvien katselu<\/p>\n<p>Uusi laki velvoittaa taloyhti\u00f6t hankkimaan huoneistoihin palovaroittimet. Asukkaalla on edelleen vastuu testata, ett\u00e4 varoitin on toimintakunnossa. Arkistokuva. Kuva: Katja Halinen \/ Yle<\/p>\n<ul class=\"aw-1jjocuh iJTSwP yle__article__list yle__article__list--ul\">\n<li class=\"aw-1j7gwms gNYKfi\">Vastuu asuntojen palovaroittimista siirtyy asukkailta taloyhti\u00f6ille ensi vuoden alusta.<\/li>\n<li class=\"aw-1j7gwms gNYKfi\">Lainmuutoksen tavoitteena on parantaa paloturvallisuutta ja v\u00e4hent\u00e4\u00e4 palokuolemia.<\/li>\n<li class=\"aw-1j7gwms gNYKfi\">Asukkaan vastuulle j\u00e4\u00e4 edelleen laitteen testaaminen ja vioista ilmoittaminen taloyhti\u00f6lle.<\/li>\n<li class=\"aw-1j7gwms gNYKfi\">Taloyhti\u00f6ll\u00e4 on oikeus menn\u00e4 asuntoon asentamaan varoitin, vaikka asukas kielt\u00e4isi sen.<\/li>\n<\/ul>\n<p class=\"aw-1gybjub aw-1p7kakr kEtdKx cEmitX yle__article__paragraph\">T\u00e4m\u00e4 on teko\u00e4lyn avulla tuotettu, toimittajan tarkistama tiivistelm\u00e4.<\/p>\n<p class=\"aw-1gybjub aw-1p7kakr kEtdKx cEmitX yle__article__paragraph\">Taloyhti\u00f6t ovat vastuussa asuntojen palovaroittimista ensi vuoden alusta alkaen. Aiemmin asukkaat ovat itse hankkineet ja asentaneet palovaroittimensa.<\/p>\n<p class=\"aw-1gybjub aw-1p7kakr kEtdKx cEmitX yle__article__paragraph\">Pelastuslain uudistuksen mukaan vuoden 2026 alusta rakennuksen omistaja eli useimmiten taloyhti\u00f6 on vastuussa siit\u00e4, ett\u00e4 asunnoissa on riitt\u00e4v\u00e4sti toimivia palovaroittimia.<\/p>\n<p class=\"aw-1gybjub aw-1p7kakr kEtdKx cEmitX yle__article__paragraph\">\u2013 Kyll\u00e4 t\u00e4m\u00e4 merkitt\u00e4v\u00e4 parannus minun mielest\u00e4ni on, sanoo Suomen pelastusalan keskusj\u00e4rjest\u00f6 SPEKin johtava asiantuntija <strong class=\"aw-ak79eh KyCXm yle__article__strong\">Jan Meszka<\/strong>.<\/p>\n<p class=\"aw-1gybjub aw-1p7kakr kEtdKx cEmitX yle__article__paragraph\">Tavoite on, ett\u00e4 palokuolemien m\u00e4\u00e4r\u00e4 v\u00e4henee, kun vastuu palovaroittimista on rakennuksen omistajalla. Silti asukkaan on muistettava testata itse laitteensa, ellei toisin ole sovittu. Havaitut viat pit\u00e4\u00e4 ilmoittaa taloyhti\u00f6lle.<\/p>\n<p class=\"aw-1gybjub aw-1p7kakr kEtdKx cEmitX yle__article__paragraph\">\u2013 Se, ett\u00e4 kuinka suuresti t\u00e4m\u00e4 sitten mullistaa tulevaisuudessa meid\u00e4n paloturvallisuutta, niin seh\u00e4n j\u00e4\u00e4 toki sitten viel\u00e4 n\u00e4ht\u00e4v\u00e4ksi.<\/p>\n<p>Tarkista n\u00e4m\u00e4 palovaroittimistasi<\/p>\n<ul class=\"aw-1jjocuh iJTSwP yle__article__list yle__article__list--ul\">\n<li class=\"aw-1j7gwms gNYKfi\">Palovaroittimia on riitt\u00e4v\u00e4 m\u00e4\u00e4r\u00e4 asunnon kokoon suhteutettuna. Lain mukaan v\u00e4hint\u00e4\u00e4n yksi 60 neli\u00f6metri\u00e4 kohden.<\/li>\n<li class=\"aw-1j7gwms gNYKfi\">Huomioi sijoittelussa se, ett\u00e4 varoitus\u00e4\u00e4ni kantautuu makuuhuoneeseen saakka hyvin.<\/li>\n<li class=\"aw-1j7gwms gNYKfi\">Palovaroittimen paikka on katossa mahdollisimman korkeassa kohdassa.<\/li>\n<li class=\"aw-1j7gwms gNYKfi\">Palovaroitinta ei pid\u00e4 asentaa keitti\u00f6n ruoanlaittopisteen v\u00e4litt\u00f6m\u00e4\u00e4n l\u00e4heisyyteen. Kokkaaminen tai tulisija voi aiheuttaa virheellisen h\u00e4lytyksen.<\/li>\n<li class=\"aw-1j7gwms gNYKfi\">Palovaroittimen toiminta on hyv\u00e4 testata useamman kerran vuodessa, esimerkiksi muutaman kuukauden v\u00e4lein.<\/li>\n<li class=\"aw-1j7gwms gNYKfi\">Palovaroitinta ei pid\u00e4 testata savulla tai tulella. Testinapin painallus riitt\u00e4\u00e4.<\/li>\n<\/ul>\n<p class=\"aw-1gybjub aw-1p7kakr kEtdKx cEmitX yle__article__paragraph\">L\u00e4hde: Jan Mezka \/ SPEK<\/p>\n<p class=\"aw-1gybjub aw-1p7kakr kEtdKx cEmitX yle__article__paragraph\">Suomessa on tilastokeskuksen mukaan 1,5 miljoonaa kerrostaloasuntoa, joten operaatio on iso.<\/p>\n<p class=\"aw-1gybjub aw-1p7kakr kEtdKx cEmitX yle__article__paragraph\">Jo alkukev\u00e4\u00e4st\u00e4 ep\u00e4iltiin, ett\u00e4 asennusten kanssa <a class=\"aw-iao6s4 iHOxEa yle__article__link\" href=\"https:\/\/yle.fi\/a\/74-20143359\" role=\"link\" rel=\"nofollow noopener\" target=\"_blank\">voi tulla kiire<\/a>, vaikka aikaa on ollut vuoden 2024 alusta alkaen.<\/p>\n<p class=\"aw-1gybjub aw-1p7kakr kEtdKx cEmitX yle__article__paragraph\">\u2013 Ei t\u00e4m\u00e4 ihan salamana ole tullut t\u00e4m\u00e4 muutos, vaan siihen on varattu siirtym\u00e4aikaa ihan hyvin, Meszka sanoo.<\/p>\n<p class=\"aw-1gybjub aw-1p7kakr kEtdKx cEmitX yle__article__paragraph\">Is\u00e4nn\u00f6intiliiton mukaan taloyhti\u00f6n edustajalla on oikeus menn\u00e4 asuntoon palovaroitinta asentamaan, vaikka asukas olisi sen kielt\u00e4nyt. K\u00e4ynnist\u00e4 on kuitenkin sovittava ja tiedotettava hyviss\u00e4 ajoin asukkaalle ja osakkaalle.<\/p>\n<p class=\"aw-1gybjub aw-1p7kakr kEtdKx cEmitX yle__article__paragraph\">Jos taloyhti\u00f6si ei ole viel\u00e4 asentanut tai asennuttanut palovaroittimia, on nyt korkea aika. Jan Mezka uskoo, ett\u00e4 varoittimet kyll\u00e4 asennetaan asianmukaisesti.<\/p>\n<p class=\"aw-1gybjub aw-1p7kakr kEtdKx cEmitX yle__article__paragraph\">\u2013 Suomalaiset ovat tunnollisia paloturvallisuusasioissa. Toivotaan, ett\u00e4 nyt viimeisetkin taloyhti\u00f6t ottavat asiasta koppia.<\/p>\n<p class=\"aw-1gybjub aw-1p7kakr kEtdKx cEmitX yle__article__paragraph\"><strong class=\"aw-ak79eh KyCXm yle__article__strong\">Jan Mezka kertoi Ylen aamussa palovaroitinvastuun siirtymisest\u00e4.<\/strong><\/p>\n<p>Asennusten dokumentointi on t\u00e4rke\u00e4\u00e4<\/p>\n<p class=\"aw-1gybjub aw-1p7kakr kEtdKx cEmitX yle__article__paragraph\">Taloasema H\u00e4meenlinnan is\u00e4nn\u00f6itsij\u00e4 <strong class=\"aw-ak79eh KyCXm yle__article__strong\">Tero Rantanen<\/strong> kertoo, ett\u00e4 palovaroitinten asennukset on jo t\u00e4ss\u00e4 vaiheessa p\u00e4\u00e4s\u00e4\u00e4nt\u00f6isesti tehty, koska siirtym\u00e4aika p\u00e4\u00e4ttyy kuukauden kuluttua.<\/p>\n<p class=\"aw-1gybjub aw-1p7kakr kEtdKx cEmitX yle__article__paragraph\">\u2013 Aika moni taloyhti\u00f6 on teett\u00e4nyt palovaroitin asennukset ulkopuolisella yritt\u00e4j\u00e4ll\u00e4, mutta pieniss\u00e4, muutaman asunnon rivitaloyhti\u00f6iss\u00e4 asennukset on tehty talkoilla.<\/p>\n<p class=\"aw-1gybjub aw-1p7kakr kEtdKx cEmitX yle__article__paragraph\">Rantanen korostaa asennusten dokumentoinnin t\u00e4rkeytt\u00e4. Dokumentissa pit\u00e4\u00e4 olla tiedot siit\u00e4, koska palovaroitin on asennettu, mink\u00e4 merkkinen ja mallinen se on, kuka on ollut asentajana ja mihin huoneeseen varoitin on asennettu. My\u00f6s valokuva varoittimesta on Rantasen mukaan hyv\u00e4 olla dokumentin liitteen\u00e4.<\/p>\n<p><img decoding=\"async\" alt=\"Vaaleansiniseen paitaan pukeutunut mies hymyilee kameralle.\" src=\"https:\/\/www.europesays.com\/fi\/wp-content\/uploads\/2025\/12\/39-1562305692d8fdee9a52.jpeg\" loading=\"lazy\" class=\"aw-1l9m598 hKVVvP\"\/><\/p>\n<p>Avaa kuvien katselu<\/p>\n<p>Is\u00e4nn\u00f6itsij\u00e4 Tero Rantanen muistuttaa, ett\u00e4 palovaroittimen ideana on pelastaa ihmishenki\u00e4. Kuva: Hanna Tarkiainen \/ Valokuvaamo Kuvitelmia<\/p>\n<p class=\"aw-1gybjub aw-1p7kakr kEtdKx cEmitX yle__article__paragraph\">Palovaroittimien t\u00e4rkeys on pikkuhiljaa saatu ihmisten tietoisuuteen. N\u00e4in uskoo ainakin Rantanen.<\/p>\n<p class=\"aw-1gybjub aw-1p7kakr kEtdKx cEmitX yle__article__paragraph\">\u2013 En ole kuullut, ett\u00e4 kukaan olisi vastustanut palovaroittimen asentamista. Kyll\u00e4 kaikki ymm\u00e4rt\u00e4\u00e4, ett\u00e4 palovaroitin on aika halpa henkivakuutus tai itse asiassa todella halpa. Kun palovaroitin alkaa h\u00e4lytt\u00e4m\u00e4\u00e4n, niin siin\u00e4 taistellaan aikaa vastaan ja kyse on minuuteista tai jopa sekunneista.<\/p>\n","protected":false},"excerpt":{"rendered":"Rakennuksen omistaja on jatkossa vastuussa siit\u00e4, ett\u00e4 talossa on riitt\u00e4v\u00e4sti palovaroittimia. Laitteen saa asentaa huoneistoon, vaikka asukas sen&hellip;\n","protected":false},"author":2,"featured_media":104925,"comment_status":"","ping_status":"","sticky":false,"template":"","format":"standard","meta":{"footnotes":""},"categories":[5],"tags":[1983,3139,22,23,26,27,33,31,30,19826,17,1794,71,24,25,28,29,15,18,21,1268,19827,14148,19825,32,19,20,546,16],"class_list":{"0":"post-104924","1":"post","2":"type-post","3":"status-publish","4":"format-standard","5":"has-post-thumbnail","7":"category-otsikot","8":"tag-asunnot","9":"tag-asunto-osakeyhtiot","10":"tag-breaking-news","11":"tag-breakingnews","12":"tag-featured-news","13":"tag-featurednews","14":"tag-fi","15":"tag-finland","16":"tag-finnish","17":"tag-halytysjarjestelmat","18":"tag-headlines","19":"tag-kanta-hame","20":"tag-kotimaa","21":"tag-latest-news","22":"tag-latestnews","23":"tag-main-news","24":"tag-mainnews","25":"tag-news","26":"tag-otsikot","27":"tag-paauutiset","28":"tag-paijat-hame","29":"tag-palokuolemat","30":"tag-paloturvallisuus","31":"tag-palovaroitin","32":"tag-suomi","33":"tag-top-stories","34":"tag-topstories","35":"tag-turvallisuus","36":"tag-uutiset"},"share_on_mastodon":{"url":"https:\/\/pubeurope.com\/@fi\/115644857340301961","error":""},"_links":{"self":[{"href":"https:\/\/www.europesays.com\/fi\/wp-json\/wp\/v2\/posts\/104924","targetHints":{"allow":["GET"]}}],"collection":[{"href":"https:\/\/www.europesays.com\/fi\/wp-json\/wp\/v2\/posts"}],"about":[{"href":"https:\/\/www.europesays.com\/fi\/wp-json\/wp\/v2\/types\/post"}],"author":[{"embeddable":true,"href":"https:\/\/www.europesays.com\/fi\/wp-json\/wp\/v2\/users\/2"}],"replies":[{"embeddable":true,"href":"https:\/\/www.europesays.com\/fi\/wp-json\/wp\/v2\/comments?post=104924"}],"version-history":[{"count":0,"href":"https:\/\/www.europesays.com\/fi\/wp-json\/wp\/v2\/posts\/104924\/revisions"}],"wp:featuredmedia":[{"embeddable":true,"href":"https:\/\/www.europesays.com\/fi\/wp-json\/wp\/v2\/media\/104925"}],"wp:attachment":[{"href":"https:\/\/www.europesays.com\/fi\/wp-json\/wp\/v2\/media?parent=104924"}],"wp:term":[{"taxonomy":"category","embeddable":true,"href":"https:\/\/www.europesays.com\/fi\/wp-json\/wp\/v2\/categories?post=104924"},{"taxonomy":"post_tag","embeddable":true,"href":"https:\/\/www.europesays.com\/fi\/wp-json\/wp\/v2\/tags?post=104924"}],"curies":[{"name":"wp","href":"https:\/\/api.w.org\/{rel}","templated":true}]}}