{"id":104926,"date":"2025-12-01T14:58:08","date_gmt":"2025-12-01T14:58:08","guid":{"rendered":"https:\/\/www.europesays.com\/fi\/104926\/"},"modified":"2025-12-01T14:58:08","modified_gmt":"2025-12-01T14:58:08","slug":"essi-unkuri-julkaisi-upeita-haakuvia","status":"publish","type":"post","link":"https:\/\/www.europesays.com\/fi\/104926\/","title":{"rendered":"Essi Unkuri julkaisi upeita h\u00e4\u00e4kuvia"},"content":{"rendered":"<p><strong class=\"typography-bold\">Essi Unkuri ja Viljami Harjuniemi avioituivat hein\u00e4kuussa. Unkuri julkaisi upeita kuvia kes\u00e4h\u00e4ist\u00e4\u00e4n.\u00a0<\/strong><\/p>\n<p>Vuoden 2021 <a class=\"underline\" data-testid=\"external-link\" href=\"https:\/\/www.mtvuutiset.fi\/aihe\/miss-suomi\/2826900\" rel=\"noopener noreferrer nofollow\" data-sentry-component=\"ExternalLink\" data-sentry-source-file=\"ExternalLink.tsx\" target=\"_blank\">Miss Suomi<\/a> <a class=\"underline\" data-testid=\"external-link\" href=\"https:\/\/www.mtvuutiset.fi\/aihe\/essi-unkuri\/6929120\" rel=\"noopener noreferrer nofollow\" data-sentry-component=\"ExternalLink\" data-sentry-source-file=\"ExternalLink.tsx\" target=\"_blank\"><strong class=\"typography-bold\">Essi Unkuri<\/strong><\/a> ja mainostoimistoyritt\u00e4j\u00e4 sek\u00e4 <a class=\"underline\" data-testid=\"external-link\" href=\"https:\/\/www.mtvuutiset.fi\/aihe\/diili\/2889944\" rel=\"noopener noreferrer nofollow\" data-sentry-component=\"ExternalLink\" data-sentry-source-file=\"ExternalLink.tsx\" target=\"_blank\">Diili<\/a>-kasvo <strong class=\"typography-bold\">Viljami Harjuniemi<\/strong> avioituivat kes\u00e4ll\u00e4.\u00a0<\/p>\n<p>Unkuri julkaisi <a class=\"underline\" data-testid=\"external-link\" href=\"https:\/\/www.instagram.com\/p\/DMZr0x_ob5T\/\" rel=\"noopener noreferrer nofollow\" data-sentry-component=\"ExternalLink\" data-sentry-source-file=\"ExternalLink.tsx\" target=\"_blank\">Instagramissa seuraajilleen<\/a> viel\u00e4 upeita h\u00e4\u00e4kuvia ja muisteli parin h\u00e4\u00e4p\u00e4iv\u00e4\u00e4. H\u00e4n kertoo, ett\u00e4 stressasi etuk\u00e4teen yht\u00e4 asiaa.\u00a0<\/p>\n<p>\u2013 Meid\u00e4n el\u00e4m\u00e4n paras p\u00e4iv\u00e4! Mietittiin ennen h\u00e4it\u00e4, ett\u00e4 mit\u00e4 jos h\u00e4\u00e4p\u00e4iv\u00e4 meneekin stressatessa ja suorittaessa, eik\u00e4 ehdi pys\u00e4hty\u00e4 nauttimaan. T\u00e4m\u00e4 stressi osoittautui t\u00e4ysin turhaksi siin\u00e4 vaiheessa, kun p\u00e4\u00e4stiin nauttimaan h\u00e4\u00e4juhlasta. T\u00e4m\u00e4 tosiaankin oli meid\u00e4n paras p\u00e4iv\u00e4 ja kiitos siit\u00e4 kuuluu meid\u00e4n rakkaille l\u00e4heisille. Kiitos viel\u00e4 teille kaikille!<\/p>\n<p>Jos julkaisu ei n\u00e4y, voit katsoa sen <\/p>\n<p><script async src=\"\/\/www.instagram.com\/embed.js\"><\/script><\/p>\n","protected":false},"excerpt":{"rendered":"Essi Unkuri ja Viljami Harjuniemi avioituivat hein\u00e4kuussa. Unkuri julkaisi upeita kuvia kes\u00e4h\u00e4ist\u00e4\u00e4n.\u00a0 Vuoden 2021 Miss Suomi Essi Unkuri&hellip;\n","protected":false},"author":2,"featured_media":104927,"comment_status":"","ping_status":"","sticky":false,"template":"","format":"standard","meta":{"footnotes":""},"categories":[136],"tags":[407,137,33,31,30,408,32,109],"class_list":{"0":"post-104926","1":"post","2":"type-post","3":"status-publish","4":"format-standard","5":"has-post-thumbnail","7":"category-julkkikset","8":"tag-celebrities","9":"tag-entertainment","10":"tag-fi","11":"tag-finland","12":"tag-finnish","13":"tag-julkkikset","14":"tag-suomi","15":"tag-viihde"},"share_on_mastodon":{"url":"https:\/\/pubeurope.com\/@fi\/115644904683995006","error":""},"_links":{"self":[{"href":"https:\/\/www.europesays.com\/fi\/wp-json\/wp\/v2\/posts\/104926","targetHints":{"allow":["GET"]}}],"collection":[{"href":"https:\/\/www.europesays.com\/fi\/wp-json\/wp\/v2\/posts"}],"about":[{"href":"https:\/\/www.europesays.com\/fi\/wp-json\/wp\/v2\/types\/post"}],"author":[{"embeddable":true,"href":"https:\/\/www.europesays.com\/fi\/wp-json\/wp\/v2\/users\/2"}],"replies":[{"embeddable":true,"href":"https:\/\/www.europesays.com\/fi\/wp-json\/wp\/v2\/comments?post=104926"}],"version-history":[{"count":0,"href":"https:\/\/www.europesays.com\/fi\/wp-json\/wp\/v2\/posts\/104926\/revisions"}],"wp:featuredmedia":[{"embeddable":true,"href":"https:\/\/www.europesays.com\/fi\/wp-json\/wp\/v2\/media\/104927"}],"wp:attachment":[{"href":"https:\/\/www.europesays.com\/fi\/wp-json\/wp\/v2\/media?parent=104926"}],"wp:term":[{"taxonomy":"category","embeddable":true,"href":"https:\/\/www.europesays.com\/fi\/wp-json\/wp\/v2\/categories?post=104926"},{"taxonomy":"post_tag","embeddable":true,"href":"https:\/\/www.europesays.com\/fi\/wp-json\/wp\/v2\/tags?post=104926"}],"curies":[{"name":"wp","href":"https:\/\/api.w.org\/{rel}","templated":true}]}}