{"id":10493,"date":"2025-08-19T19:50:07","date_gmt":"2025-08-19T19:50:07","guid":{"rendered":"https:\/\/www.europesays.com\/fi\/10493\/"},"modified":"2025-08-19T19:50:07","modified_gmt":"2025-08-19T19:50:07","slug":"rob-halford-otti-ozzy-osbournen-kuoleman-hyvin-raskaasti-itkin-lohduttomasti-tuntien-ajan","status":"publish","type":"post","link":"https:\/\/www.europesays.com\/fi\/10493\/","title":{"rendered":"Rob Halford otti Ozzy Osbournen kuoleman hyvin raskaasti &#8211; &#8221;Itkin lohduttomasti tuntien ajan&#8221;"},"content":{"rendered":"<p>Judas Priest -laulaja Rob Halford muistelee detroitilaisen WRIF-radiokanavan Meltdown-ohjelman haastattelussa milloin sai tiet\u00e4\u00e4 Ozzy Osbournen kuolemasta.<\/p>\n<p>\u201dVoi veljet. Sain puhelun samana p\u00e4iv\u00e4n\u00e4 kun se tapahtui\u201d, Halford muistelee. \u201dSuljin puhelimen hotellihuoneessani, luullakseni Leedsiss\u00e4 Englannissa, k\u00e4perryin kasaan ja itkin lohduttomasti tuntien ajan. En voinut uskoa sit\u00e4. En voi edelleenk\u00e4\u00e4n uskoa sit\u00e4. Suren edelleen, kuten monet muutkin.\u201d<\/p>\n<p>\u201dMeill\u00e4 oli keikka heti seuraavana p\u00e4iv\u00e4n\u00e4\u201d, Halford jatkaa. \u201dKuinka sit\u00e4 voi prosessoida t\u00e4ll\u00e4isen tragedian ja kaiken sen ylitsevuotavan rakkauden, jollaista en ole n\u00e4hnyt koskaan aiemmin. Soitimme keikan ja kappaleen, jonka soitamme kun tulemme luoksenne. Se on Giants in the Sky Invincible Shield -albumilta. Biisi kertoo rakastetuista muusikoista, jotka ovat siirtyneet paljon kauniimpaan paikkaan. Viittaamme Lemmyyn [Kilmister], Ronnieen [James Dio], [Iron Maidenin] Paul Di\u2019Annoon, Huntressin Jilliin [Janus], Chrisiin [Cornell] ja kaikkiin muihin j\u00e4ttil\u00e4isiin kuten Janis Jopliniin ja Freddie Mercuryyn. Lis\u00e4simme keikkaa varten Ozzyn sinne loppuun.\u201d<\/p>\n<p>\u201dSanoin kaikille, ett\u00e4 t\u00e4m\u00e4 on v\u00e4h\u00e4n liikaa k\u00e4sitelt\u00e4v\u00e4ksi, mutta Ozzy vain toteaisi: \u2019Pistet\u00e4\u00e4n bileet pystyyn ja rokataan. Nautitaan!\u2019 Se oli h\u00e4nen sisimm\u00e4ss\u00e4\u00e4n. Aina kun soitimme yhdess\u00e4, h\u00e4n varmisti minulta keikan j\u00e4lkeen oliko minulla ollut hauskaa. \u2019Joo.\u2019 \u2019Eikun oliko sinulla ihan oikeasti hauskaa?\u2019 H\u00e4nen anteliaisuutensa, v\u00e4litt\u00e4misens\u00e4 ja kaikki uskomattomat asiat mit\u00e4 h\u00e4n teki musiikille\u2026 h\u00e4n oli t\u00e4ss\u00e4 mieless\u00e4 suorastaan yst\u00e4v\u00e4llisyyden perikuva.\u201d<\/p>\n<p>\u201dOn hienoa ett\u00e4 puhumme h\u00e4nest\u00e4, ja meid\u00e4n pit\u00e4isikin puhua h\u00e4nest\u00e4 ikuisesti, ihan kuten puhun aina Ronniesta ja Lemmyst\u00e4. He olivat kaikki yst\u00e4vi\u00e4ni. Meid\u00e4n t\u00e4ytyy juhlistaa heit\u00e4. Se auttaa selviytym\u00e4\u00e4n surusta. Sit\u00e4 ajattelee kaikkia muistoja, iloa ja hyvi\u00e4 aikoja. Niin me tulemme aina Ozzyn kohdalla tekem\u00e4\u00e4n.\u201d<\/p>\n<p>Lue my\u00f6s: <a href=\"https:\/\/www.soundi.fi\/uutiset\/birminghamin-asetoverit-tunteikkaina-judas-priest-jattaa-jaahyvaiset-ozzy-osbournelle\/\" title=\"Birminghamin asetoverit tunteikkaina: Judas Priest j\u00e4tt\u00e4\u00e4 j\u00e4\u00e4hyv\u00e4iset Ozzy Osbournelle\" class=\"underline-custom !font-montserrat !font-bold !underline-offset-4 !decoration-4 !decoration-tilt-light\" rel=\"nofollow noopener\" target=\"_blank\">Birminghamin asetoverit tunteikkaina: Judas Priest j\u00e4tt\u00e4\u00e4 j\u00e4\u00e4hyv\u00e4iset Ozzy Osbournelle<\/a><\/p>\n<p>Lue my\u00f6s: <a href=\"https:\/\/www.soundi.fi\/uutiset\/black-sabbathin-jaahyvaisspektaakkelin-bandikattauksesta-uupuu-yksi-hyvin-merkittava-nimi-eika-rob-halford-ole-asiasta-lainkaan-mielissaan\/\" title=\"Black Sabbathin j\u00e4\u00e4hyv\u00e4isspektaakkelin b\u00e4ndikattauksesta uupuu yksi hyvin merkitt\u00e4v\u00e4 nimi, eik\u00e4 Rob Halford ole asiasta lainkaan mieliss\u00e4\u00e4n\" class=\"underline-custom !font-montserrat !font-bold !underline-offset-4 !decoration-4 !decoration-tilt-light\" rel=\"nofollow noopener\" target=\"_blank\">Black Sabbathin j\u00e4\u00e4hyv\u00e4isspektaakkelin b\u00e4ndikattauksesta uupuu yksi hyvin merkitt\u00e4v\u00e4 nimi, eik\u00e4 Rob Halford ole asiasta lainkaan mieliss\u00e4\u00e4n<\/a><\/p>\n","protected":false},"excerpt":{"rendered":"Judas Priest -laulaja Rob Halford muistelee detroitilaisen WRIF-radiokanavan Meltdown-ohjelman haastattelussa milloin sai tiet\u00e4\u00e4 Ozzy Osbournen kuolemasta. \u201dVoi veljet.&hellip;\n","protected":false},"author":2,"featured_media":10494,"comment_status":"","ping_status":"","sticky":false,"template":"","format":"standard","meta":{"footnotes":""},"categories":[132],"tags":[137,33,31,30,195,47,32,109],"class_list":{"0":"post-10493","1":"post","2":"type-post","3":"status-publish","4":"format-standard","5":"has-post-thumbnail","7":"category-musiikki","8":"tag-entertainment","9":"tag-fi","10":"tag-finland","11":"tag-finnish","12":"tag-music","13":"tag-musiikki","14":"tag-suomi","15":"tag-viihde"},"share_on_mastodon":{"url":"","error":""},"_links":{"self":[{"href":"https:\/\/www.europesays.com\/fi\/wp-json\/wp\/v2\/posts\/10493","targetHints":{"allow":["GET"]}}],"collection":[{"href":"https:\/\/www.europesays.com\/fi\/wp-json\/wp\/v2\/posts"}],"about":[{"href":"https:\/\/www.europesays.com\/fi\/wp-json\/wp\/v2\/types\/post"}],"author":[{"embeddable":true,"href":"https:\/\/www.europesays.com\/fi\/wp-json\/wp\/v2\/users\/2"}],"replies":[{"embeddable":true,"href":"https:\/\/www.europesays.com\/fi\/wp-json\/wp\/v2\/comments?post=10493"}],"version-history":[{"count":0,"href":"https:\/\/www.europesays.com\/fi\/wp-json\/wp\/v2\/posts\/10493\/revisions"}],"wp:featuredmedia":[{"embeddable":true,"href":"https:\/\/www.europesays.com\/fi\/wp-json\/wp\/v2\/media\/10494"}],"wp:attachment":[{"href":"https:\/\/www.europesays.com\/fi\/wp-json\/wp\/v2\/media?parent=10493"}],"wp:term":[{"taxonomy":"category","embeddable":true,"href":"https:\/\/www.europesays.com\/fi\/wp-json\/wp\/v2\/categories?post=10493"},{"taxonomy":"post_tag","embeddable":true,"href":"https:\/\/www.europesays.com\/fi\/wp-json\/wp\/v2\/tags?post=10493"}],"curies":[{"name":"wp","href":"https:\/\/api.w.org\/{rel}","templated":true}]}}