{"id":104930,"date":"2025-12-01T15:03:10","date_gmt":"2025-12-01T15:03:10","guid":{"rendered":"https:\/\/www.europesays.com\/fi\/104930\/"},"modified":"2025-12-01T15:03:10","modified_gmt":"2025-12-01T15:03:10","slug":"viela-hetken-ilmaiskatselussa-salattu-avaruuslento-muuttuu-painajaiseksi","status":"publish","type":"post","link":"https:\/\/www.europesays.com\/fi\/104930\/","title":{"rendered":"Viel\u00e4 hetken ilmaiskatselussa: Salattu avaruuslento muuttuu painajaiseksi"},"content":{"rendered":"<p>Apollo 17 oli virallisten tietojen mukaan viimeinen Kuuhun l\u00e4hetetty avaruuslento. Internetiss\u00e4 vuonna 2011 julkaistu 84 tunnin kuvamateriaali v\u00e4itti kuitenkin, ett\u00e4 joulukuussa 1974 l\u00e4hetettiin salaa viel\u00e4 yksi Apollo-lento, jolla kolme astronauttia l\u00e4hti matkaan.<\/p>\n<p>Laskeuduttuaan Kuun pinnalle ja ker\u00e4tess\u00e4\u00e4n n\u00e4ytteit\u00e4 astronautit Benjamin Anderson ja Nathan Walker huomaavat jalanj\u00e4lki\u00e4, jotka johtavat veritahroilla peittyneelle neuvostoliittolaiselle kuukapselille. Huolestuneet miehet haluaisivat palata Maahan, mutta komentokeskus kielt\u00e4\u00e4 heit\u00e4 keskeytt\u00e4m\u00e4st\u00e4 teht\u00e4v\u00e4\u00e4. T\u00e4m\u00e4 p\u00e4\u00e4t\u00f6s johtaa kauhistuttaviin ja arvaamattomiin tapahtumiin.<\/p>\n<p>Apollo 18\u00a0(2011) on found footage -kauhua tarjoileva sci-fi-j\u00e4nn\u00e4ri, jonka ohjasi englanninkielisen elokuvadebyyttins\u00e4 tekev\u00e4\u00a0<strong>Gonzalo L\u00f3pez-Gallego<\/strong>. Elokuvan budjetti oli viisi miljoonaa dollaria ja se tuotti valkokangaskierroksellaan yli 26 miljoonaa.<\/p>\n<p>T\u00e4m\u00e4n kauhuelokuvan voi katsoa viel\u00e4 hetken aikaa ilmaiseksi Rakuten TV:ss\u00e4. Suoratoistoon on valittavissa suomenkielinen tekstitys ja \u00e4\u00e4niraidaksi joko 5.1 tai 2.0.<\/p>\n<p>Katso\u00a0Apollo 18\u00a0<a href=\"https:\/\/www.rakuten.tv\/fi?content_type=movies&amp;content_id=apollo-18\" target=\"_blank\" rel=\"noreferrer noopener nofollow\">t\u00e4\u00e4ll\u00e4<\/a>. Elokuvan ik\u00e4raja on K-16 ja sen kesto oli Episodin katselussa 84 minuuttia mainoksien kera. Huomioi, ett\u00e4 mainosten m\u00e4\u00e4r\u00e4 voi vaihdella katselukerrasta riippuen.<\/p>\n<p>T\u00e4m\u00e4 Suomessa DVD:ll\u00e4 ja Blu-raylla julkaistu elokuva kuuluu my\u00f6s Prime Videon valikoimaan.<\/p>\n<p><img loading=\"lazy\" decoding=\"async\" alt=\"YouTube video\" width=\"480\" height=\"360\" data-pin-nopin=\"true\" nopin=\"nopin\" class=\"perfmatters-lazy\" src=\"https:\/\/www.europesays.com\/fi\/wp-content\/uploads\/2025\/12\/1764601390_815_hqdefault.jpg\"\/><\/p>\n<p>Lue my\u00f6s: <a href=\"https:\/\/www.episodi.fi\/uutiset\/nyt-ilmaiskatselussa-kauhumaestron-legendaarista-zombisarjaa-ravisteleva-esiosa\/\" title=\"Nyt ilmaiskatselussa: Kauhumaestron legendaarista zombisarjaa ravisteleva esiosa\" class=\"underline-custom !font-montserrat !font-bold !underline-offset-4 !decoration-4 !decoration-episodi-blue !text-md\" rel=\"nofollow noopener\" target=\"_blank\">Nyt ilmaiskatselussa: Kauhumaestron legendaarista zombisarjaa ravisteleva esiosa<\/a><\/p>\n<p>Lue my\u00f6s: <a href=\"https:\/\/www.episodi.fi\/uutiset\/nyt-ilmaiskatselussa-alkuperaista-parempi-uusintaversio-mokin-pimeydessa-vaanii-kauhu\/\" title=\"Nyt ilmaiskatselussa: Alkuper\u00e4ist\u00e4 parempi uusintaversio \u2013 m\u00f6kin pimeydess\u00e4 vaanii kauhu\" class=\"underline-custom !font-montserrat !font-bold !underline-offset-4 !decoration-4 !decoration-episodi-blue !text-md\" rel=\"nofollow noopener\" target=\"_blank\">Nyt ilmaiskatselussa: Alkuper\u00e4ist\u00e4 parempi uusintaversio \u2013 m\u00f6kin pimeydess\u00e4 vaanii kauhu<\/a><\/p>\n<p>Lue my\u00f6s: <a href=\"https:\/\/www.episodi.fi\/uutiskirje\/?uutiskirjemainos=tekstilinkkimainos\" title=\"Tilaa Episodin uutiskirje ja voit voittaa leffalippuja! Nappaa tv-vinkit suoraan s\u00e4hk\u00f6postiin t\u00e4st\u00e4.\" class=\"underline-custom !font-montserrat !font-bold !underline-offset-4 !decoration-4 !decoration-episodi-blue !text-md\" rel=\"nofollow noopener\" target=\"_blank\">Tilaa Episodin uutiskirje ja voit voittaa leffalippuja! Nappaa katseluvinkit suoraan s\u00e4hk\u00f6postiin t\u00e4st\u00e4.<\/a><\/p>\n","protected":false},"excerpt":{"rendered":"Apollo 17 oli virallisten tietojen mukaan viimeinen Kuuhun l\u00e4hetetty avaruuslento. Internetiss\u00e4 vuonna 2011 julkaistu 84 tunnin kuvamateriaali v\u00e4itti&hellip;\n","protected":false},"author":2,"featured_media":104931,"comment_status":"","ping_status":"","sticky":false,"template":"","format":"standard","meta":{"footnotes":""},"categories":[131],"tags":[155,137,33,173,31,30,19828,172,500,32,109],"class_list":{"0":"post-104930","1":"post","2":"type-post","3":"status-publish","4":"format-standard","5":"has-post-thumbnail","7":"category-elokuvat","8":"tag-elokuvat","9":"tag-entertainment","10":"tag-fi","11":"tag-film","12":"tag-finland","13":"tag-finnish","14":"tag-found-footage","15":"tag-movies","16":"tag-rakuten-tv","17":"tag-suomi","18":"tag-viihde"},"share_on_mastodon":{"url":"https:\/\/pubeurope.com\/@fi\/115644924233487462","error":""},"_links":{"self":[{"href":"https:\/\/www.europesays.com\/fi\/wp-json\/wp\/v2\/posts\/104930","targetHints":{"allow":["GET"]}}],"collection":[{"href":"https:\/\/www.europesays.com\/fi\/wp-json\/wp\/v2\/posts"}],"about":[{"href":"https:\/\/www.europesays.com\/fi\/wp-json\/wp\/v2\/types\/post"}],"author":[{"embeddable":true,"href":"https:\/\/www.europesays.com\/fi\/wp-json\/wp\/v2\/users\/2"}],"replies":[{"embeddable":true,"href":"https:\/\/www.europesays.com\/fi\/wp-json\/wp\/v2\/comments?post=104930"}],"version-history":[{"count":0,"href":"https:\/\/www.europesays.com\/fi\/wp-json\/wp\/v2\/posts\/104930\/revisions"}],"wp:featuredmedia":[{"embeddable":true,"href":"https:\/\/www.europesays.com\/fi\/wp-json\/wp\/v2\/media\/104931"}],"wp:attachment":[{"href":"https:\/\/www.europesays.com\/fi\/wp-json\/wp\/v2\/media?parent=104930"}],"wp:term":[{"taxonomy":"category","embeddable":true,"href":"https:\/\/www.europesays.com\/fi\/wp-json\/wp\/v2\/categories?post=104930"},{"taxonomy":"post_tag","embeddable":true,"href":"https:\/\/www.europesays.com\/fi\/wp-json\/wp\/v2\/tags?post=104930"}],"curies":[{"name":"wp","href":"https:\/\/api.w.org\/{rel}","templated":true}]}}