{"id":104939,"date":"2025-12-01T15:11:09","date_gmt":"2025-12-01T15:11:09","guid":{"rendered":"https:\/\/www.europesays.com\/fi\/104939\/"},"modified":"2025-12-01T15:11:09","modified_gmt":"2025-12-01T15:11:09","slug":"aivoinfarktista-toipuva-ben-zyskowicz-aiheutti-poliittisen-metakan-nain-han-vastaa","status":"publish","type":"post","link":"https:\/\/www.europesays.com\/fi\/104939\/","title":{"rendered":"Aivoinfarktista toipuva Ben Zyskowicz aiheutti poliittisen metakan \u2013 N\u00e4in h\u00e4n vastaa"},"content":{"rendered":"<p>Kokoomuksen kansanedustaja Ben Zyskowicz sanoo pahoitelleensa lausuntoaan tutkija Bruno J\u00e4ntist\u00e4 heti, kun Ylest\u00e4 oltiin h\u00e4neen yhteydess\u00e4.<\/p>\n<p><img decoding=\"async\" class=\"image image-show image-preview\" src=\"https:\/\/www.europesays.com\/fi\/wp-content\/uploads\/2025\/12\/8701ee5382abdaa7f78e6c64f055a9c5cc21b753bd32fac088c9b4ba1d716fd1.jpg\" alt=\"\"\/><img decoding=\"async\" class=\"image image-show\" src=\"https:\/\/www.europesays.com\/fi\/wp-content\/uploads\/2025\/12\/1764601869_981_8701ee5382abdaa7f78e6c64f055a9c5cc21b753bd32fac088c9b4ba1d716fd1.jpg\" alt=\"\"\/><\/p>\n<p>Ben Zyskowicz ei niele purematta kritiikki\u00e4 pahoittelunsa ajankohdasta. Jukka Vaso<\/p>\n<p class=\"paragraph\">\u2013 Tarkoitukseni ei ole loukata ket\u00e4\u00e4n yleens\u00e4k\u00e4\u00e4n puheillani, eik\u00e4 tarkoitus ollut loukata my\u00f6sk\u00e4\u00e4n <strong>Bruno J\u00e4ntti\u00e4<\/strong>, sanoo kokoomuksen kansanedustaja <strong>Ben Zyskowicz<\/strong> Iltalehdelle.<\/p>\n<p class=\"paragraph\">Zyskowicz kertoo olevansa pahoillaan toissa sunnuntaina Ylell\u00e4 antamastaan kommentista, jonka mukaan Helsingin yliopiston maailmanpolitiikan v\u00e4it\u00f6skirjatutkija J\u00e4ntti on \u201dHamas-aktivisti\u201d. Kansanedustajan mukaan h\u00e4n ei my\u00f6sk\u00e4\u00e4n tarkoittanut vaarantaa J\u00e4ntin turvallisuutta. Maailmanpolitiikan professori <strong>Teivo Teivainen<\/strong> nosti asian esiin viestipalvelu X:ss\u00e4.<\/p>\n<p>V\u00e4it\u00f6skirjatutkija, L\u00e4hi-id\u00e4n asiantuntija Bruno J\u00e4ntti. Kotialbumi<\/p>\n<p class=\"paragraph\">J\u00e4ntti kommentoi Zyskowiczin lausuntoa vihaisin sanank\u00e4\u00e4ntein <a href=\"https:\/\/www.iltalehti.fi\/politiikka\/4ebc0059-dfb8-46e9-a21a-158bdc3bb07a\" rel=\"nofollow noopener\" target=\"_blank\">maanantaina Iltalehdelle<\/a>. J\u00e4ntin mukaan sanamuoto oli vastuuton ja ep\u00e4toivoinen. J\u00e4ntti kuvaili heittoa \u201dt\u00f6rkeimm\u00e4ksi valheeksi, joka olen n\u00e4hnyt esitett\u00e4v\u00e4n Israel-Palestiina-asiantuntijoita kohtaan, kun huomioi sanojan statuksen ja yleis\u00f6n, jolle se p\u00e4\u00e4tyi\u201d. J\u00e4ntti ei my\u00f6sk\u00e4\u00e4n ollut hyvill\u00e4\u00e4n Zyskowiczin pahoittelun viiv\u00e4stymisest\u00e4 l\u00e4hes viikolla.<\/p>\n<p class=\"paragraph\">Zyskowicz ei sanojensa mukaan t\u00e4ysin osta kritiikki\u00e4 pahoittelun viipeest\u00e4. Asia l\u00e4hti h\u00e4nen puoleltaan etenem\u00e4\u00e4n, kun Ylest\u00e4 kuului per\u00e4st\u00e4p\u00e4in.<\/p>\n<p class=\"paragraph\">\u2013 Heti, kun he ottivat minuun yhteytt\u00e4, ett\u00e4 Bruno J\u00e4ntti on vaatinut oikaisua ja he ovat asiaa miettim\u00e4ss\u00e4, sanoin, ett\u00e4 oikaisu sopii minulle hyvin ja pahoittelen k\u00e4ytt\u00e4m\u00e4\u00e4ni ilmaisua, Zyskowicz kertoo.<\/p>\n<p class=\"paragraph\">\u2013 K\u00e4sitt\u00e4\u00e4kseni Palestiina-aktivisti on neutraalimpi k\u00e4site ja sen takia h\u00e4nen kohdallaan sopivampi. En tietenk\u00e4\u00e4n ole v\u00e4itt\u00e4nyt, ett \u00e4 h\u00e4n olisi Hamasin j\u00e4sen tai osallistunut j\u00e4rjest\u00f6n terroritekoihin.<\/p>\n<p class=\"paragraph\">Zyskowicz muistelee, ett\u00e4 sai ensimm\u00e4isen tiedon J\u00e4ntin n\u00e4rk\u00e4styksest\u00e4 Ylelt\u00e4. T\u00e4m\u00e4n j\u00e4lkeen professori Teivainen alkoi julkaista omia viestej\u00e4\u00e4n X:ss\u00e4.<\/p>\n<p>Saako sanoa aktivistiksi?<\/p>\n<p class=\"paragraph\">J\u00e4ntti suivaantui tutkijuutensa kyseenalaistamisesta ja korosti Iltalehdelle kritisoineensa Hamasin toimintaa johdonmukaisesti jo vuosia. Zyskowicz puolestaan perustelee aktivisti-sanaa ylip\u00e4\u00e4t\u00e4\u00e4n HS:n <a href=\"https:\/\/www.hs.fi\/visio\/art-2000010570599.html\" target=\"_blank\" rel=\"noopener nofollow\">puolentoista vuoden takaisella jutulla<\/a>. J\u00e4ntin henkil\u00f6haastattelun otsikko oli \u201dAktivistista tutkijaksi\u201d.<\/p>\n<p class=\"paragraph\">HS kertoi, ett\u00e4 J\u00e4ntti on konkreettisesti ollut auttamassa siviilej\u00e4 Palestiinassa ja puhunut Israel-asekauppoja vastaan. J\u00e4ntti sanoi tuolloin HS:lle, ett\u00e4 aktivisti-sanassa on h\u00e4nen mielest\u00e4\u00e4n huono kaiku. J\u00e4ntti piti parempana termin\u00e4 \u201dtavoitteellista poliittista toimintaa\u201d.<\/p>\n<p class=\"paragraph\">Zyskowiczin arvion mukaan jutusta muodostuu jonkinasteinen kate aktivisti-termille.<\/p>\n<p class=\"paragraph\">\u2013 Minulla ei ole mahdollisuuksia l\u00e4hte\u00e4 laajempaan pohdiskeluun siit\u00e4, milloin henkil\u00f6st\u00e4 voi k\u00e4ytt\u00e4\u00e4 aktivisti-sanaa, jos h\u00e4n toimii jonkin asian puolesta, Zyskowicz my\u00f6nt\u00e4\u00e4.<\/p>\n<p class=\"paragraph\">Yhteiskunnallisella alalla toimivan henkil\u00f6n ty\u00f6t\u00e4 voidaan tahattomasti tai haluttaessa tahallisestikin politisoida aktivisti-termill\u00e4, ja esimerkiksi tutkijat ja journalistit ovat paikoin herkki\u00e4 termin k\u00e4yt\u00f6lle.<\/p>\n<p class=\"paragraph\">HS:n jutun kehystys ei kaikilta osin t\u00e4ysin miellytt\u00e4nyt J\u00e4ntti\u00e4, kun h\u00e4n kommentoi tuoretta tapausta Iltalehdelle.<\/p>\n<p>Zyskowicz vastaa J\u00e4ntin v\u00e4itteeseen sanomalla, ett\u00e4 kansainv\u00e4linen oikeus on tulkinnanvaraista. Kansanedustaja ottaa esimerkiksi rajalain. Arkistokuvassa kiinni pantua it\u00e4rajaa Vaalimaalla joulukuussa 2023. Pete Anikari<\/p>\n<p>\u201dKuka j\u00e4rkev\u00e4 ihminen ei arvostele Hamasia?\u201d<\/p>\n<p class=\"paragraph\">J\u00e4ntti esitti puolestaan Zyskowiczista v\u00e4itteen, jonka mukaan kansanedustaja ei olisi ainakaan yht\u00e4 useasti lausunut julkisuudessa, ett\u00e4 kansainv\u00e4linen oikeus ja rikosoikeus p\u00e4tev\u00e4t ja sitovat kaikkia asianosaisia, kun vertaa J\u00e4ntin omiin julkisiin puheenvuoroihin.<\/p>\n<p class=\"paragraph\">\u2013 T\u00e4m\u00e4n olen lukuisia kertoja sanonut, toisin kuin Ben Zyskowicz, J\u00e4ntti sanoi Iltalehdelle.<\/p>\n<p class=\"paragraph\">Zyskowicz vastaa.<\/p>\n<p class=\"paragraph\">\u2013 Kansainv\u00e4linen oikeus on hyvin tulkinnanvaraista. Monet oikeustieteilij\u00e4t ovat valitettavasti tulkinneet esimerkiksi, ett\u00e4 meid\u00e4n Suomessa s\u00e4\u00e4t\u00e4m\u00e4mme rajaturvallisuuslaki on ristiriidassa kansainv\u00e4lisen oikeuden kanssa. Siis se laki, jolla estet\u00e4\u00e4n Ven\u00e4j\u00e4\u00e4 ty\u00f6nt\u00e4m\u00e4st\u00e4 t \u00e4nne ihmisi\u00e4 horjuttaakseen Suomea. Min\u00e4 kannatan lakia ehdottomasti, vaikka Suomessakin on juristeja, jotka pit\u00e4v\u00e4t sit\u00e4 kansainv\u00e4lisen oikeuden vastaisena.<\/p>\n<p class=\"paragraph\">Zyskowicz kannatti rajalakia n\u00e4kyv\u00e4sti ja oli k\u00e4sittelem\u00e4ss\u00e4 sit\u00e4 hallintovaliokunnassa.<\/p>\n<p class=\"paragraph\">Kansanedustaja jatkaa J\u00e4ntin esitt\u00e4m\u00e4st\u00e4 Hamas-kritiikist\u00e4. Se ei pelkk\u00e4n\u00e4\u00e4n ole Zyskowiczin mielest\u00e4 maata j\u00e4risytt\u00e4v\u00e4\u00e4.<\/p>\n<p class=\"paragraph\">\u2013 Pakko kysy\u00e4: kuka j\u00e4rkev\u00e4 ihminen ei arvostele Hamasia, joka teki hirvitt\u00e4v\u00e4n terrori-iskun siviilej\u00e4 vastaan lokakuussa 2023, aloitti Gazan sodan ja sit\u00e4 kautta on my\u00f6s syyllinen siviilien k\u00e4rsimyksiin?<\/p>\n<p class=\"paragraph\">Zyskowicz toipuu edelleen hein\u00e4kuun lopulla saamastaan aivoinfarktista. H\u00e4n on sairauslomalla kansanedustajan ty\u00f6st\u00e4. Iltalehti kysyi Zyskowiczilta, l\u00e4hestyyk\u00f6 konkaripoliitikko jo ty\u00f6kuntoa, kun sanan s\u00e4il\u00e4 heiluu televisiossa jo niin rankasti, ett\u00e4 sis\u00e4lt\u00f6\u00e4 puidaan julkisesti j\u00e4lkik\u00e4teen. Zyskowicz naurahtaa ja kertoo osallistuvansa joihinkin valikoituihin tapahtumiin. T\u00f6ihinpaluun ajankohdaksi on suunniteltu yh\u00e4 helmikuun alkua.<\/p>\n<p class=\"paragraph\">\u2013 Kyll\u00e4 t\u00e4ss\u00e4 edelleen olen toipilaana, Zyskowicz kertoo.<\/p>\n","protected":false},"excerpt":{"rendered":"Kokoomuksen kansanedustaja Ben Zyskowicz sanoo pahoitelleensa lausuntoaan tutkija Bruno J\u00e4ntist\u00e4 heti, kun Ylest\u00e4 oltiin h\u00e4neen yhteydess\u00e4. Ben Zyskowicz&hellip;\n","protected":false},"author":2,"featured_media":104940,"comment_status":"","ping_status":"","sticky":false,"template":"","format":"standard","meta":{"footnotes":""},"categories":[12],"tags":[35,22,23,26,27,33,31,30,17,24,25,28,29,15,18,21,142,637,886,885,887,32,19,20,16],"class_list":{"0":"post-104939","1":"post","2":"type-post","3":"status-publish","4":"format-standard","5":"has-post-thumbnail","7":"category-suomi","8":"tag-24h","9":"tag-breaking-news","10":"tag-breakingnews","11":"tag-featured-news","12":"tag-featurednews","13":"tag-fi","14":"tag-finland","15":"tag-finnish","16":"tag-headlines","17":"tag-latest-news","18":"tag-latestnews","19":"tag-main-news","20":"tag-mainnews","21":"tag-news","22":"tag-otsikot","23":"tag-paauutiset","24":"tag-poliitikot","25":"tag-politiikka","26":"tag-puolueet","27":"tag-suomen-poliittiset-puolueet","28":"tag-suomen-politiikka","29":"tag-suomi","30":"tag-top-stories","31":"tag-topstories","32":"tag-uutiset"},"share_on_mastodon":{"url":"https:\/\/pubeurope.com\/@fi\/115644955808845198","error":""},"_links":{"self":[{"href":"https:\/\/www.europesays.com\/fi\/wp-json\/wp\/v2\/posts\/104939","targetHints":{"allow":["GET"]}}],"collection":[{"href":"https:\/\/www.europesays.com\/fi\/wp-json\/wp\/v2\/posts"}],"about":[{"href":"https:\/\/www.europesays.com\/fi\/wp-json\/wp\/v2\/types\/post"}],"author":[{"embeddable":true,"href":"https:\/\/www.europesays.com\/fi\/wp-json\/wp\/v2\/users\/2"}],"replies":[{"embeddable":true,"href":"https:\/\/www.europesays.com\/fi\/wp-json\/wp\/v2\/comments?post=104939"}],"version-history":[{"count":0,"href":"https:\/\/www.europesays.com\/fi\/wp-json\/wp\/v2\/posts\/104939\/revisions"}],"wp:featuredmedia":[{"embeddable":true,"href":"https:\/\/www.europesays.com\/fi\/wp-json\/wp\/v2\/media\/104940"}],"wp:attachment":[{"href":"https:\/\/www.europesays.com\/fi\/wp-json\/wp\/v2\/media?parent=104939"}],"wp:term":[{"taxonomy":"category","embeddable":true,"href":"https:\/\/www.europesays.com\/fi\/wp-json\/wp\/v2\/categories?post=104939"},{"taxonomy":"post_tag","embeddable":true,"href":"https:\/\/www.europesays.com\/fi\/wp-json\/wp\/v2\/tags?post=104939"}],"curies":[{"name":"wp","href":"https:\/\/api.w.org\/{rel}","templated":true}]}}