{"id":104941,"date":"2025-12-01T15:12:07","date_gmt":"2025-12-01T15:12:07","guid":{"rendered":"https:\/\/www.europesays.com\/fi\/104941\/"},"modified":"2025-12-01T15:12:07","modified_gmt":"2025-12-01T15:12:07","slug":"hallitus-kiristaa-taksisaantelya-hinnat-nousevat","status":"publish","type":"post","link":"https:\/\/www.europesays.com\/fi\/104941\/","title":{"rendered":"Hallitus kirist\u00e4\u00e4 taksis\u00e4\u00e4ntely\u00e4 &#8211; hinnat nousevat"},"content":{"rendered":"<p>Taksit|Hallitus sopi perjantaina taksien s\u00e4\u00e4ntelymuutoksista, jotka tuovat taksamittarin pakolliseksi kaikkiin takseihin. Taksimatkan hinta todenn\u00e4k\u00f6isesti nousee muutosten my\u00f6t\u00e4.<\/p>\n<p class=\"article-body mb-nof-24 px-nof-16\">P\u00e4\u00e4ministeri <a class=\"article-personlink\" href=\"https:\/\/www.hs.fi\/haku\/?query=Petteri%20Orpon\" rel=\"nofollow noopener\" target=\"_blank\">Petteri Orpon<\/a> (kok) hallituksen puolueet p\u00e4\u00e4siv\u00e4t perjantaina sopuun taksis\u00e4\u00e4ntelyn muutoksista.<\/p>\n<p class=\"article-body mb-nof-24 px-nof-16\">Pitk\u00e4\u00e4n v\u00e4\u00e4nnetty poliittinen yhteisymm\u00e4rrys palauttaa aiempaa s\u00e4\u00e4ntely\u00e4 taksialalle, joka avattiin kilpailulle vuonna 2018 silloisen liikenne- ja viestint\u00e4ministerin <a class=\"article-personlink\" href=\"https:\/\/www.hs.fi\/haku\/?query=Anne%20Bernerin\" rel=\"nofollow noopener\" target=\"_blank\">Anne Bernerin<\/a> (kesk) johdolla. Taksis\u00e4\u00e4ntely\u00e4 muutettiin my\u00f6s vuosina 2020\u20132021 niin sanotulla korjaussarjalla.<\/p>\n","protected":false},"excerpt":{"rendered":"Taksit|Hallitus sopi perjantaina taksien s\u00e4\u00e4ntelymuutoksista, jotka tuovat taksamittarin pakolliseksi kaikkiin takseihin. Taksimatkan hinta todenn\u00e4k\u00f6isesti nousee muutosten my\u00f6t\u00e4. P\u00e4\u00e4ministeri&hellip;\n","protected":false},"author":2,"featured_media":104942,"comment_status":"","ping_status":"","sticky":false,"template":"","format":"standard","meta":{"footnotes":""},"categories":[5],"tags":[22,23,26,27,33,31,30,17,46,24,25,28,29,15,18,21,32,19,20,16],"class_list":{"0":"post-104941","1":"post","2":"type-post","3":"status-publish","4":"format-standard","5":"has-post-thumbnail","7":"category-otsikot","8":"tag-breaking-news","9":"tag-breakingnews","10":"tag-featured-news","11":"tag-featurednews","12":"tag-fi","13":"tag-finland","14":"tag-finnish","15":"tag-headlines","16":"tag-helsingin-sanomat","17":"tag-latest-news","18":"tag-latestnews","19":"tag-main-news","20":"tag-mainnews","21":"tag-news","22":"tag-otsikot","23":"tag-paauutiset","24":"tag-suomi","25":"tag-top-stories","26":"tag-topstories","27":"tag-uutiset"},"share_on_mastodon":{"url":"https:\/\/pubeurope.com\/@fi\/115644959439640352","error":""},"_links":{"self":[{"href":"https:\/\/www.europesays.com\/fi\/wp-json\/wp\/v2\/posts\/104941","targetHints":{"allow":["GET"]}}],"collection":[{"href":"https:\/\/www.europesays.com\/fi\/wp-json\/wp\/v2\/posts"}],"about":[{"href":"https:\/\/www.europesays.com\/fi\/wp-json\/wp\/v2\/types\/post"}],"author":[{"embeddable":true,"href":"https:\/\/www.europesays.com\/fi\/wp-json\/wp\/v2\/users\/2"}],"replies":[{"embeddable":true,"href":"https:\/\/www.europesays.com\/fi\/wp-json\/wp\/v2\/comments?post=104941"}],"version-history":[{"count":0,"href":"https:\/\/www.europesays.com\/fi\/wp-json\/wp\/v2\/posts\/104941\/revisions"}],"wp:featuredmedia":[{"embeddable":true,"href":"https:\/\/www.europesays.com\/fi\/wp-json\/wp\/v2\/media\/104942"}],"wp:attachment":[{"href":"https:\/\/www.europesays.com\/fi\/wp-json\/wp\/v2\/media?parent=104941"}],"wp:term":[{"taxonomy":"category","embeddable":true,"href":"https:\/\/www.europesays.com\/fi\/wp-json\/wp\/v2\/categories?post=104941"},{"taxonomy":"post_tag","embeddable":true,"href":"https:\/\/www.europesays.com\/fi\/wp-json\/wp\/v2\/tags?post=104941"}],"curies":[{"name":"wp","href":"https:\/\/api.w.org\/{rel}","templated":true}]}}