{"id":104957,"date":"2025-12-01T15:38:13","date_gmt":"2025-12-01T15:38:13","guid":{"rendered":"https:\/\/www.europesays.com\/fi\/104957\/"},"modified":"2025-12-01T15:38:13","modified_gmt":"2025-12-01T15:38:13","slug":"aleksin-21-tyohakemus-ihastuttaa","status":"publish","type":"post","link":"https:\/\/www.europesays.com\/fi\/104957\/","title":{"rendered":"Aleksin, 21, ty\u00f6hakemus ihastuttaa"},"content":{"rendered":"<p>Aleksi, 21, kertoi ty\u00f6hakemuksessaan, ettei haluaisi j\u00e4\u00e4d\u00e4 armeijan j\u00e4lkeen kotiin py\u00f6rittelem\u00e4\u00e4n peukaloitaan. Rehellinen ja napakka ty\u00f6hakemus tuotti tulosta. <\/p>\n<p><img decoding=\"async\" class=\"image image-show image-preview\" src=\"https:\/\/www.europesays.com\/fi\/wp-content\/uploads\/2025\/12\/a6a8cd130d29138d26b1cf2cf8a40067ddb305b1c3dd3c449cffaff6816dc2d1.png\" alt=\"\"\/><img decoding=\"async\" class=\"image image-show\" src=\"https:\/\/www.europesays.com\/fi\/wp-content\/uploads\/2025\/12\/1764603491_240_a6a8cd130d29138d26b1cf2cf8a40067ddb305b1c3dd3c449cffaff6816dc2d1.png\" alt=\"\"\/><\/p>\n<p>Aleksi Mets\u00e4halmeen ty\u00f6nhakuilmoitus poiki hurjan suosion Facebookissa.  Haastateltavan kotialbumi<\/p>\n<p class=\"paragraph\">Er\u00e4\u00e4n\u00e4 saunailtana <strong>Aleksi Mets\u00e4halme<\/strong>, 21, mietti kaverinsa kanssa, mit\u00e4 sit\u00e4 tekisi armeijan j\u00e4lkeen.<\/p>\n<p class=\"paragraph\">\u2013 Kaverin kanssa saunottiin meik\u00e4l\u00e4isen tyk\u00f6n\u00e4. Mietimme, mit\u00e4 haluaisimme tehd\u00e4 tulevaisuudessa. P\u00e4\u00e4tettiin yhteistoimin tehd\u00e4 minulle avoin ty\u00f6hakemus Facebookiin, Mets\u00e4halme kertoo.<\/p>\n<p class=\"paragraph\">Mets\u00e4halme kirjoitti <a href=\"https:\/\/www.facebook.com\/groups\/1595641587318341\/?multi_permalinks=4201312756751198&amp;hoisted_section_header_type=recently_seen\" target=\"_blank\" rel=\"noopener nofollow\">ty\u00f6hakemuksen Facebook-ryhm\u00e4\u00e4n<\/a>, jossa kuljetusalan ammattilaiset etsiv\u00e4t t\u00f6it\u00e4. Nuori mies ei osannut aavistaa, millainen hitti h\u00e4nen hakemuksestaan tuli.<\/p>\n<p>\u201dT\u00f6iden tekemist\u00e4 en pelk\u00e4\u00e4\u201d<\/p>\n<p class=\"paragraph\">Ty\u00f6hakemus alkaa j\u00e4m\u00e4k\u00e4sti.<\/p>\n<p class=\"paragraph\">T\u00e4mm\u00f6nen 21v kuljettajan alku olisi t\u00f6it\u00e4 vailla, kun ei kiinnostaisi j\u00e4\u00e4d\u00e4 armeijan j\u00e4lkeen kotiin py\u00f6rittelem\u00e4\u00e4n peukaloita.<\/p>\n<p class=\"paragraph\">Mets\u00e4halme kertoo olevansa t\u00e4ll\u00e4 hetkell\u00e4 armeijassa sotilaskuljettajan teht\u00e4viss\u00e4. H\u00e4n kotiutuu joulukuussa ja etsii nyt itselleen t\u00f6it\u00e4.<\/p>\n<p class=\"paragraph\">Mets\u00e4halme valmistui s\u00e4hk\u00f6asentajaksi vuonna 2023. Armeijasta Mets\u00e4halme sai kuljettajakoulutuksen ja vaadittavat ajokortit.<\/p>\n<p class=\"paragraph\">Hakemuksessa Mets\u00e4halme kertoo olevansa ahkera ty\u00f6ntekij\u00e4.<\/p>\n<p class=\"paragraph\">T\u00f6iden tekemist\u00e4 tai k\u00e4sien likaamista en pelk\u00e4\u00e4, saati pitki\u00e4 p\u00e4ivi\u00e4. Jos jotain ei osata, se opetellaan!<\/p>\n<p class=\"paragraph\">Mets\u00e4halme my\u00f6s mainitsee pit\u00e4v\u00e4ns\u00e4 kuorma-auton puhtaana niin ulkoa kuin sis\u00e4lt\u00e4. Onhan kuorma-auto kuljettajalle kuin toinen koti.<\/p>\n<p class=\"paragraph\">Ty\u00f6nhakuilmoitus l\u00f6ysi yleis\u00f6ns\u00e4.<\/p>\n<p>Armeijasta hy\u00f6ty\u00e4<\/p>\n<p>Mets\u00e4halme kertoo olleensa kiinnostunut jo pienest\u00e4 asti kuljetuspuolen t\u00f6ist\u00e4.  Haastateltavan kotialbumi<\/p>\n<p class=\"paragraph\">Huittisista kotoisin oleva Mets\u00e4halme on t\u00e4ll\u00e4 hetkell\u00e4 varusmiespalveluksessa S\u00e4kyl\u00e4ss\u00e4. Iltalehti tavoitti Mets\u00e4halmen ja kysyi, onko t\u00f6it\u00e4 l\u00f6ytynyt.<\/p>\n<p class=\"paragraph\">Mets\u00e4halmeella on s\u00e4hk\u00f6- ja automaatioalan tutkinto. H\u00e4n kertoo hakeneensa armeijassa ajoneuvojen kuljettajaksi ja p\u00e4\u00e4si sinne.<\/p>\n<p class=\"paragraph\">\u2013 Kiinnostus sitten kuljettajan hommiin kasvoi, kun olin kortin suorittanut, Mets\u00e4halme kertoo.<\/p>\n<p class=\"paragraph\">\u2013 Lis\u00e4ksi olen tullut kuljettajasuvusta. Jo nuorempana nuo isot autot ovat vet\u00e4neet minua puoleensa.<\/p>\n<p class=\"paragraph\">Mets\u00e4halme kertoo saaneensa armeijasta kokemusta, josta on paljon hy\u00f6ty\u00e4 ty\u00f6el\u00e4m\u00e4ss\u00e4. H\u00e4n on ajanut armeijan aikana kaikenlaisilla ja -kokoisilla kuorma-autoilla, kuten Sisulla, Scanialla ja Mercedes-Benzeill\u00e4.<\/p>\n<p class=\"paragraph\">\u2013 Ajoin my\u00f6s laveteilla. Armeijassa on aika monipuolisesti kaikkea, Mets\u00e4halme sanoo.<\/p>\n<p>Ilouutisia<\/p>\n<p class=\"paragraph\">Nyt Mets\u00e4halmeella on en\u00e4\u00e4 17 aamua j\u00e4ljell\u00e4 armeijaa. Avoin ty\u00f6hakemus on tuottanut tulosta, sill\u00e4 Mets\u00e4halme on saanut t\u00f6it\u00e4 itselleen.<\/p>\n<p class=\"paragraph\">\u2013 Olen saanut aika paljon ty\u00f6tarjouksia niin kuljetus- kuin s\u00e4hk\u00f6puolelta. Paperit ovat ilmeisesti puhuneet puolestaan, Mets\u00e4halme miettii.<\/p>\n<p class=\"paragraph\">\u2013 Nyt alkuun sain s\u00e4hk\u00f6alan t\u00f6it\u00e4. Teen niit\u00e4 viel\u00e4 hetken aikaa armeijan j\u00e4lkeen. Mietin, ett\u00e4 siirryn kuljetuspuolen t\u00f6ihin kev\u00e4\u00e4ll\u00e4, kun tiet ovat sulat, niin en l\u00e4hde niin sanotusti ummikkona j\u00e4\u00e4tik\u00f6lle.<\/p>\n<p class=\"paragraph\">Mets\u00e4halme kertoo, ettei todellakaan osannut odottaa t\u00e4llaista suosiota ty\u00f6hakemukselleen. Julkaisulla on l\u00e4hes 6 000 tykk\u00e4yst\u00e4, ja asiantuntija kertoi <a href=\"https:\/\/www.apu.fi\/artikkelit\/tyohakemus-joka-rajaytti-somen-aleksi-sai-kymmenia-tyotarjouksia\" target=\"_blank\" rel=\"noopener nofollow\">Apu-lehdelle<\/a> olevansa vaikuttunut Mets\u00e4halmeen hakemuksesta.<\/p>\n<p class=\"paragraph\">\u2013 On kyll\u00e4 huomio tuntunut todella h\u00e4mment\u00e4v\u00e4lt\u00e4, Mets\u00e4halme naurahtaa.<\/p>\n<p class=\"paragraph\">\u2013 Julkaisun kommenttien perusteella se ilmeisesti iski yleis\u00f6\u00f6n, kun hakemus oli kaikin puolin selke\u00e4 ja toi kaiken tarvittavan ilmi.<\/p>\n<p class=\"paragraph\">Mets\u00e4halme tiet\u00e4\u00e4 my\u00f6s, ett\u00e4 sosiaalisesta mediasta saa negatiivisia kommentteja. Se ei yll\u00e4tt\u00e4nyt h\u00e4nt\u00e4.<\/p>\n<p class=\"paragraph\">\u2013 Ainahan sit\u00e4 tulee. Jotkut olivat kommentoineet julkaisuun n\u00e4rk\u00e4styneesti suomen kielen taidosta, kieliopista ja siit\u00e4, ett\u00e4 teksti\u00e4 pit\u00e4isi viilata.<\/p>\n<p>\u201dSe on montaa tuttuakin arveluttanut\u201d<\/p>\n<p class=\"paragraph\">Nuorten ty\u00f6tt\u00f6myys on kasvanut t\u00e4m\u00e4n vuoden aikana. Viime lokakuussa 15\u201324-vuotiaiden<a href=\"https:\/\/stat.fi\/julkaisu\/cm0xpdzse0fy507w3e30r1hlc\" target=\"_blank\" rel=\"noopener nofollow\"> ty\u00f6tt\u00f6mien osuus ty\u00f6voimasta oli 22,5\u00a0prosenttia<\/a>.<\/p>\n<p class=\"paragraph\">T\u00e4m\u00e4 on 6,3 prosenttiyksikk\u00f6\u00e4 enemm\u00e4n vuoden takaiseen verrattuna.<\/p>\n<p class=\"paragraph\">Syy ei l\u00f6ydy pelk\u00e4st\u00e4\u00e4n nuorista. Avoimia ty\u00f6paikkoja on <a href=\"https:\/\/stat.fi\/julkaisu\/cm1jaywvb44z707uqyndqj8xu\" target=\"_blank\" rel=\"noopener nofollow\">tuoreen tilaston<\/a> mukaan jopa aiempaa v\u00e4hemm\u00e4n.<\/p>\n<p class=\"paragraph\">Vaikean ty\u00f6llistymistilanteen Mets\u00e4halme on itsekin huomannut. Alasta riippumatta monia huolettaa oma ty\u00f6llistyminen tulevaisuudessa.<\/p>\n<p class=\"paragraph\">\u2013 Kaikki nuoret ovat puhuneet siit\u00e4, ett\u00e4 ty\u00f6markkinat ovat nyt todella huonot. Se on montaa tuttuakin arveluttanut, ett\u00e4 jos omat ty\u00f6t loppuvat, mist\u00e4 saa uusia hommia.<\/p>\n<p class=\"paragraph\">Kaikesta huolimatta Mets\u00e4halme muistuttaa muita nuoria siit\u00e4, ett\u00e4 aina kannattaa yritt\u00e4\u00e4.<\/p>\n<p class=\"paragraph\">\u2013 Aina kannattaa hakea t\u00f6it\u00e4, kyll\u00e4 se jossain kohtaa t\u00e4rpp\u00e4\u00e4.<\/p>\n<p><a href=\"https:\/\/www.jobly.fi\/\" target=\"_blank\" rel=\"noopener nofollow\"><img decoding=\"async\" src=\"https:\/\/www.europesays.com\/fi\/wp-content\/uploads\/2025\/08\/Jobly_612x100_IL-01.jpg\" alt=\"Selaa avoimia ty\u00f6paikkoja\"\/><\/a><\/p>\n","protected":false},"excerpt":{"rendered":"Aleksi, 21, kertoi ty\u00f6hakemuksessaan, ettei haluaisi j\u00e4\u00e4d\u00e4 armeijan j\u00e4lkeen kotiin py\u00f6rittelem\u00e4\u00e4n peukaloitaan. Rehellinen ja napakka ty\u00f6hakemus tuotti tulosta.&hellip;\n","protected":false},"author":2,"featured_media":104958,"comment_status":"","ping_status":"","sticky":false,"template":"","format":"standard","meta":{"footnotes":""},"categories":[5],"tags":[35,22,23,26,27,33,31,30,17,24,25,121,28,29,15,18,21,32,19,20,860,862,3512,3515,16],"class_list":{"0":"post-104957","1":"post","2":"type-post","3":"status-publish","4":"format-standard","5":"has-post-thumbnail","7":"category-otsikot","8":"tag-24h","9":"tag-breaking-news","10":"tag-breakingnews","11":"tag-featured-news","12":"tag-featurednews","13":"tag-fi","14":"tag-finland","15":"tag-finnish","16":"tag-headlines","17":"tag-latest-news","18":"tag-latestnews","19":"tag-liikenne-ja-kuljetus","20":"tag-main-news","21":"tag-mainnews","22":"tag-news","23":"tag-otsikot","24":"tag-paauutiset","25":"tag-suomi","26":"tag-top-stories","27":"tag-topstories","28":"tag-tyoelama","29":"tag-tyollisyys","30":"tag-tyontekijat","31":"tag-tyovoima","32":"tag-uutiset"},"share_on_mastodon":{"url":"https:\/\/pubeurope.com\/@fi\/115645061934870034","error":""},"_links":{"self":[{"href":"https:\/\/www.europesays.com\/fi\/wp-json\/wp\/v2\/posts\/104957","targetHints":{"allow":["GET"]}}],"collection":[{"href":"https:\/\/www.europesays.com\/fi\/wp-json\/wp\/v2\/posts"}],"about":[{"href":"https:\/\/www.europesays.com\/fi\/wp-json\/wp\/v2\/types\/post"}],"author":[{"embeddable":true,"href":"https:\/\/www.europesays.com\/fi\/wp-json\/wp\/v2\/users\/2"}],"replies":[{"embeddable":true,"href":"https:\/\/www.europesays.com\/fi\/wp-json\/wp\/v2\/comments?post=104957"}],"version-history":[{"count":0,"href":"https:\/\/www.europesays.com\/fi\/wp-json\/wp\/v2\/posts\/104957\/revisions"}],"wp:featuredmedia":[{"embeddable":true,"href":"https:\/\/www.europesays.com\/fi\/wp-json\/wp\/v2\/media\/104958"}],"wp:attachment":[{"href":"https:\/\/www.europesays.com\/fi\/wp-json\/wp\/v2\/media?parent=104957"}],"wp:term":[{"taxonomy":"category","embeddable":true,"href":"https:\/\/www.europesays.com\/fi\/wp-json\/wp\/v2\/categories?post=104957"},{"taxonomy":"post_tag","embeddable":true,"href":"https:\/\/www.europesays.com\/fi\/wp-json\/wp\/v2\/tags?post=104957"}],"curies":[{"name":"wp","href":"https:\/\/api.w.org\/{rel}","templated":true}]}}