{"id":104959,"date":"2025-12-01T15:50:10","date_gmt":"2025-12-01T15:50:10","guid":{"rendered":"https:\/\/www.europesays.com\/fi\/104959\/"},"modified":"2025-12-01T15:50:10","modified_gmt":"2025-12-01T15:50:10","slug":"como-sointu-borg-yllattava-yritysmuutos","status":"publish","type":"post","link":"https:\/\/www.europesays.com\/fi\/104959\/","title":{"rendered":"Como: Sointu Borg: Yll\u00e4tt\u00e4v\u00e4 Yritysmuutos"},"content":{"rendered":"<p class=\"article-content article-content-width !bg-background\"><a alt=\"Haku\" class=\"text-primary-red font-extrabold\" href=\"https:\/\/www.seiska.fi\/haku?q=Sointu Borg\" rel=\"nofollow noopener\" target=\"_blank\">Sointu Borg<\/a>, 33, on paistatellut julkisuuden valokeilassa jo pitk\u00e4\u00e4n.<\/p>\n<p class=\"font-weight-bold m-font-weight-bold article-content article-content-width !bg-background\">Video: Sointu Borg kertoo Seiskalle h\u00e4\u00e4budjetistaan:<\/p>\n<p class=\"article-content article-content-width !bg-background\">Bimbo Oy:st\u00e4 alunperin tuttu kaunotar ampaisi koko kansan tietoisuuteen voitettuaan Diili-ohjelman vuonna 2021. Sittemmin bisnesvainuinen vaaleaverikk\u00f6 on luotsannut my\u00f6s omaa nime\u00e4\u00e4n kantavaa Sointu Borg &amp; Tyrkyt -reality\u00e4.\u00a0<\/p>\n<p>Yll\u00e4tt\u00e4v\u00e4 muutos<\/p>\n<p class=\"article-content article-content-width !bg-background\">Aikaansaava Sointu ei ole tyytynyt pelkk\u00e4\u00e4n tv-t\u00e4hteyteen. H\u00e4n on viime vuosikymmenelt\u00e4 asti py\u00f6ritt\u00e4nyt omaa yrityst\u00e4. Nyt firmalla puhaltavat uudet, yll\u00e4tt\u00e4v\u00e4t tuulet.<\/p>\n<p>                <img decoding=\"async\" src=\"https:\/\/www.europesays.com\/fi\/wp-content\/uploads\/2025\/12\/2008056.webp\" width=\"576\" height=\"720\" alt=\"Sointu t\u00e4hditt\u00e4\u00e4 2.1. Ylell\u00e4 alkavaa Topi ja Sointu lomalla -ohjelmaa yhdess\u00e4 veljens\u00e4 Topi Borgin kanssa.\" loading=\"lazy\" \/>            <\/p>\n<p>\n            Sointu t\u00e4hditt\u00e4\u00e4 2.1. Ylell\u00e4 alkavaa Topi ja Sointu lomalla -ohjelmaa yhdess\u00e4 veljens\u00e4 Topi Borgin kanssa.<br \/>\n            ATTE KAJOVA\n        <\/p>\n<p class=\"article-content article-content-width !bg-background\">Soinnun ohjelmatoimisto oli alunperin nimelt\u00e4\u00e4n Viphost Finland Oy. Syksyll\u00e4 mediapersoona teki kuitenkin yll\u00e4tt\u00e4v\u00e4n peliliikkeen ja vaihtoi yhti\u00f6n nimen. Uusi nimi on ytimekk\u00e4\u00e4sti\u00a0 Sointu Borg Oy.\u00a0<\/p>\n<p class=\"article-content article-content-width !bg-background\"><a href=\"https:\/\/www.como.fi\/uutiset\/sointu-borg-kyllastyi-nimeen-muutti-sen\/\" target=\"_blank\" rel=\"nofollow noopener\">Asiasta ensimm\u00e4isen\u00e4 uutisoi Como.<\/a>\u00a0<\/p>\n<p class=\"article-content article-content-width !bg-background\">Tieto nimenmuutoksesta selvi\u00e4\u00e4\u00a0<a href=\"https:\/\/www.prh.fi\/fi\/index.html\" target=\"_blank\" rel=\"nofollow noopener\">Patentti- ja rekisterihallituksesta<\/a>. Uusi nimi on astunut voimaan 26. lokakuuta, eli reilu kuukausi sitten.\u00a0<\/p>\n<p>Takoo tulosta<\/p>\n<p class=\"article-content article-content-width !bg-background\">Vaikka ajat ovat olleet haastavat niin tapahtuma-alan yrityksille kuin monille muillekin, ovat Soinnun bisnekset sujuneet varsin mukavasti.<\/p>\n<p class=\"article-content article-content-width !bg-background\">Seiska kertoi aiemmin Soinnun firman <a href=\"https:\/\/www.seiska.fi\/kotimaa\/sointu-borg-tahkoi-huipputuloksen-kymmenkertaisti-yrityksensa-liikevaihdon\/1070829\" target=\"_blank\" rel=\"nofollow noopener\">kymmenkertaistaneen liikevaihtonsa<\/a> vuoden 2022 toukokuuhun menness\u00e4.<\/p>\n<p class=\"article-content article-content-width !bg-background\">Tilikaudella\u00a02.5.2023\u20131.5.2024 entisen Viphostin liikevaihto oli reilut 431 000 euroa. Voittoa taasen kertyi yli 60 000 euroa.\u00a0<\/p>\n<p class=\"article-content article-content-width !bg-background\">Soinnun nousukiito on ollut verrattain nopeaa. H\u00e4n kertoi aiemmin syksyll\u00e4 h\u00e4nen ja <a alt=\"Haku\" class=\"text-primary-red font-extrabold\" href=\"https:\/\/www.seiska.fi\/haku?q=Janni Hussin\" rel=\"nofollow noopener\" target=\"_blank\">Janni Hussin<\/a> Sana on vapaa -podcastissa e<a href=\"https:\/\/www.seiska.fi\/kotimaa\/podcast-sointu-borg-avoimena-elamastaan-koyhyysrajan-alapuolella-1\/1984155\" target=\"_blank\" rel=\"nofollow noopener\">l\u00e4neens\u00e4 Kelan tuilla viel\u00e4 muutama vuosi sitten<\/a>.\u00a0<\/p>\n<p class=\"article-content article-content-width !bg-background\">\u2013\u00a0Nelj\u00e4 vuotta sitten aloin tienaamaan yli k\u00f6yhyysrajan, Sointu paljasti suorasukaiseen tyyliins\u00e4.<\/p>\n","protected":false},"excerpt":{"rendered":"Sointu Borg, 33, on paistatellut julkisuuden valokeilassa jo pitk\u00e4\u00e4n. Video: Sointu Borg kertoo Seiskalle h\u00e4\u00e4budjetistaan: Bimbo Oy:st\u00e4 alunperin&hellip;\n","protected":false},"author":2,"featured_media":104960,"comment_status":"","ping_status":"","sticky":false,"template":"","format":"standard","meta":{"footnotes":""},"categories":[136],"tags":[407,2678,137,33,31,30,408,1320,19831,1151,2680,32,1247,8272,109,4461,5584,10008],"class_list":{"0":"post-104959","1":"post","2":"type-post","3":"status-publish","4":"format-standard","5":"has-post-thumbnail","7":"category-julkkikset","8":"tag-celebrities","9":"tag-diili","10":"tag-entertainment","11":"tag-fi","12":"tag-finland","13":"tag-finnish","14":"tag-julkkikset","15":"tag-liikevaihto","16":"tag-nimenmuutos","17":"tag-ohjelma","18":"tag-sointu-borg","19":"tag-suomi","20":"tag-televisio","21":"tag-topi-borg","22":"tag-viihde","23":"tag-yrittaja","24":"tag-yritys","25":"tag-yritystoiminta"},"share_on_mastodon":{"url":"https:\/\/pubeurope.com\/@fi\/115645109125100041","error":""},"_links":{"self":[{"href":"https:\/\/www.europesays.com\/fi\/wp-json\/wp\/v2\/posts\/104959","targetHints":{"allow":["GET"]}}],"collection":[{"href":"https:\/\/www.europesays.com\/fi\/wp-json\/wp\/v2\/posts"}],"about":[{"href":"https:\/\/www.europesays.com\/fi\/wp-json\/wp\/v2\/types\/post"}],"author":[{"embeddable":true,"href":"https:\/\/www.europesays.com\/fi\/wp-json\/wp\/v2\/users\/2"}],"replies":[{"embeddable":true,"href":"https:\/\/www.europesays.com\/fi\/wp-json\/wp\/v2\/comments?post=104959"}],"version-history":[{"count":0,"href":"https:\/\/www.europesays.com\/fi\/wp-json\/wp\/v2\/posts\/104959\/revisions"}],"wp:featuredmedia":[{"embeddable":true,"href":"https:\/\/www.europesays.com\/fi\/wp-json\/wp\/v2\/media\/104960"}],"wp:attachment":[{"href":"https:\/\/www.europesays.com\/fi\/wp-json\/wp\/v2\/media?parent=104959"}],"wp:term":[{"taxonomy":"category","embeddable":true,"href":"https:\/\/www.europesays.com\/fi\/wp-json\/wp\/v2\/categories?post=104959"},{"taxonomy":"post_tag","embeddable":true,"href":"https:\/\/www.europesays.com\/fi\/wp-json\/wp\/v2\/tags?post=104959"}],"curies":[{"name":"wp","href":"https:\/\/api.w.org\/{rel}","templated":true}]}}