{"id":104961,"date":"2025-12-01T15:53:08","date_gmt":"2025-12-01T15:53:08","guid":{"rendered":"https:\/\/www.europesays.com\/fi\/104961\/"},"modified":"2025-12-01T15:53:08","modified_gmt":"2025-12-01T15:53:08","slug":"maajussille-morsian-janin-shokkikaanne-muutto-saksasta-suomeen-ja-terveyshaasteet","status":"publish","type":"post","link":"https:\/\/www.europesays.com\/fi\/104961\/","title":{"rendered":"Maajussille morsian -Janin shokkik\u00e4\u00e4nne: Muutto Saksasta Suomeen ja terveyshaasteet"},"content":{"rendered":"<p>\n            20240711, Urjala. Maajussi Jani Laakso ja h\u00e4nen hevostilansa.<br \/>\n            Timo Korhonen\n        <\/p>\n<p class=\"subtitle \">Jani muutti ulkomaille, mutta nyt puhaltavat uudet tuulet.<\/p>\n<p class=\"article-content article-content-width !bg-background\">Maajussille morsian: Kaikki tarinat -tv-ohjelmasta tuttu  kertoo Seiskalle el\u00e4m\u00e4ns\u00e4 uudesta, yll\u00e4tt\u00e4v\u00e4st\u00e4 k\u00e4\u00e4nteest\u00e4.<\/p>\n<p class=\"font-weight-bold m-font-weight-bold article-content article-content-width !bg-background\">Arkistovideo: Seiska Janin luona kyl\u00e4ss\u00e4.<\/p>\n<p class=\"article-content article-content-width !bg-background\">Jani muutti t\u00f6ihin Saksaan kev\u00e4\u00e4ll\u00e4, mutta on palannut Suomeen pari viikkoa sitten. H\u00e4nen hevosensa tuli per\u00e4ss\u00e4 reilu viikko sitten.<\/p>\n<p class=\"article-content article-content-width !bg-background\">Tv-kasvo sanoo Seiskalle puhelimessa, ett\u00e4 h\u00e4nelle on pistetty kumpaankin olkap\u00e4\u00e4h\u00e4n kortisonipiikit. Se kertoo paljon h\u00e4nen t\u00e4m\u00e4nhetkisest\u00e4 tilanteestaan.<\/p>\n<p class=\"article-content article-content-width !bg-background\"> \u2013 Kroppani ei kest\u00e4nyt tehd\u00e4 kaksitoista- tai nelj\u00e4toistatuntisia p\u00e4ivi\u00e4 tallilla seitsem\u00e4n\u00e4 p\u00e4iv\u00e4n\u00e4 viikossa. Olen ylikunnossa, ja kroppani on aivan solmussa ja tulehtunut. Tilannetta seurataan.<\/p>\n<p class=\"article-content article-content-width !bg-background\">\u2013 Jos nyt olen ihan rehellinen, niin en silti kadu hetke\u00e4k\u00e4\u00e4n ett\u00e4 l\u00e4hdin. Mutta en my\u00f6sk\u00e4\u00e4n kadu sekuntiakaan sit\u00e4, ett\u00e4 tulin takaisin Suomeen, Jani pohtii pitk\u00e4\u00e4n vastaustaan.<\/p>\n<p>        <a itemprop=\"url\" href=\"https:\/\/www.seiska.fi\/kotimaa\/jattiyllatys-maajussille-morsian-tahti-muuttaa-pois-suomesta\/1646393\" rel=\"nofollow noopener\" target=\"_blank\"><\/p>\n<p>\nOmaisuus myyty!\n<\/p>\n<p class=\"section-date\">\n        <strong class=\"article-section\" data-section=\"kotimaa\"><br \/>\n            kotimaa<br \/>\n        <\/strong><br \/>\n        18.3. 07:06\n    <\/p>\n<p>J\u00e4ttiyll\u00e4tys! Maajussille morsian -t\u00e4hti muuttaa pois Suomesta\n    <\/p>\n<p itemprop=\"description\" class=\"subtitle \">\n    Urjalassa asustellut Jani Laakso hyv\u00e4stelee kotinsa ja aloittaa uuden el\u00e4m\u00e4n.\n<\/p>\n<p>        <\/a><\/p>\n<p>&#8221;Raaka maailma&#8221;<\/p>\n<p class=\"article-content article-content-width !bg-background\">Jani sanoo oppineensa hurjasti hevosista ty\u00f6rupeamansa aikana. H\u00e4n oli t\u00f6iss\u00e4\u00a0Bad Segebergiss\u00e4 hevostilalla.\u00a0<\/p>\n<p class=\"article-content article-content-width !bg-background\">\u2013 Se on ollut raaka maailma, jossa vietin viimeiset kuukaudet. Opin ja karaistuin paljon, mutta ty\u00f6m\u00e4\u00e4r\u00e4 oli niin iso. Joka aamu her\u00e4sin kuudelta talleille, enk\u00e4 juuri ehtinyt lep\u00e4\u00e4m\u00e4\u00e4n.<\/p>\n<p class=\"article-content article-content-width !bg-background\">Jani teki p\u00e4\u00e4t\u00f6ksen l\u00e4hte\u00e4, sill\u00e4 h\u00e4n koki, ett\u00e4 h\u00e4nen oli aika menn\u00e4 eteenp\u00e4in kehitty\u00e4kseen.<\/p>\n<p class=\"article-content article-content-width !bg-background\">\u2013 Aion kyll\u00e4 palata viel\u00e4 Saksaan, mutta nyt keskityn lepoon ja itseni huoltamiseen. Olen helvetin ylpe\u00e4 itsest\u00e4ni ja viimeisist\u00e4 yhdeks\u00e4st\u00e4 kuukaudesta, Jani p\u00e4\u00e4tt\u00e4\u00e4.<\/p>\n<p>        <a itemprop=\"url\" href=\"https:\/\/www.seiska.fi\/kotimaa\/kuumia-alastonkuvia-maajussille-morsian-jani-tekee-onlyfansia\/1290762\" rel=\"nofollow noopener\" target=\"_blank\"><\/p>\n<p class=\"section-date\">\n        <strong class=\"article-section\" data-section=\"kotimaa\"><br \/>\n            kotimaa<br \/>\n        <\/strong><br \/>\n        8.3.2024 18:00\n    <\/p>\n<p>Kuumia alastonkuvia! Maajussille morsian -Jani tekee Onlyfansia\n    <\/p>\n<p itemprop=\"description\" class=\"subtitle \">\n    Maajussit morsian -ohjelmassa n\u00e4hnyt Jani esittelee vartaloaan rohkeasti.\n<\/p>\n<p>        <\/a><\/p>\n<p>Taustalla onnettomuus<\/p>\n<p class=\"article-content article-content-width !bg-background\"> Matkan varrella Jani ei v\u00e4lttynyt vaikeuksilta. <a href=\"https:\/\/www.seiska.fi\/terveys\/maajussi-jani-rajussa-onnettomuudessa-tama-tiedetaan-nyt\/1929439\" target=\"_blank\" rel=\"nofollow noopener\">H\u00e4nelle k\u00e4vi vakava onnettomuus syyskuussa<\/a>, kun h\u00e4n putosi hevosen sel\u00e4st\u00e4. <\/p>\n<p class=\"article-content article-content-width !bg-background\">\u2013 Ratsastin yht\u00e4 sis\u00e4\u00e4nratsastettavaa nuorta hevosta, mutta se teki \u00e4kkiliikkeen ja tipahdin sen kaulalle. Sen j\u00e4lkeen hevonen l\u00e4hti peruuttamaan aika lujaa, jolloin tulin p\u00e4\u00e4 edell\u00e4 maahan. Seuraava muistikuvani on, kun hevonen vied\u00e4\u00e4n pois ja soitetaan ambulanssia, h\u00e4n kertoi Seiskalle syyskuussa.<\/p>\n<p>        <a itemprop=\"url\" href=\"https:\/\/www.seiska.fi\/terveys\/maajussi-jani-rajussa-onnettomuudessa-tama-tiedetaan-nyt\/1929439\" rel=\"nofollow noopener\" target=\"_blank\"><\/p>\n<p>\nT\u00e4m\u00e4 tiedet\u00e4\u00e4n nyt\n<\/p>\n<p class=\"section-date\">\n        <strong class=\"article-section\" data-section=\"terveys\"><br \/>\n            terveys<br \/>\n        <\/strong><br \/>\n        12.9. 18:30\n    <\/p>\n<p>Maajussi-Jani rajussa onnettomuudessa \u2013 t\u00e4m\u00e4 tiedet\u00e4\u00e4n nyt\n    <\/p>\n<p itemprop=\"description\" class=\"subtitle \">\n    Nykyisin Saksassa asuva Jani Laakso kiid\u00e4tettiin ambulanssilla saamaan hoitoa.\n<\/p>\n<p>        <\/a><\/p>\n","protected":false},"excerpt":{"rendered":"20240711, Urjala. Maajussi Jani Laakso ja h\u00e4nen hevostilansa. Timo Korhonen Jani muutti ulkomaille, mutta nyt puhaltavat uudet tuulet.&hellip;\n","protected":false},"author":2,"featured_media":104962,"comment_status":"","ping_status":"","sticky":false,"template":"","format":"standard","meta":{"footnotes":""},"categories":[133],"tags":[137,33,31,30,9599,2233,9598,1895,1178,3911,32,206,167,156,109],"class_list":{"0":"post-104961","1":"post","2":"type-post","3":"status-publish","4":"format-standard","5":"has-post-thumbnail","7":"category-televisiot","8":"tag-entertainment","9":"tag-fi","10":"tag-finland","11":"tag-finnish","12":"tag-hevoset","13":"tag-hyvinvointi","14":"tag-jani-laakso","15":"tag-maajussille-morsian","16":"tag-onnettomuus","17":"tag-saksa","18":"tag-suomi","19":"tag-televisiot","20":"tag-terveys","21":"tag-tv","22":"tag-viihde"},"share_on_mastodon":{"url":"https:\/\/pubeurope.com\/@fi\/115645120699793127","error":""},"_links":{"self":[{"href":"https:\/\/www.europesays.com\/fi\/wp-json\/wp\/v2\/posts\/104961","targetHints":{"allow":["GET"]}}],"collection":[{"href":"https:\/\/www.europesays.com\/fi\/wp-json\/wp\/v2\/posts"}],"about":[{"href":"https:\/\/www.europesays.com\/fi\/wp-json\/wp\/v2\/types\/post"}],"author":[{"embeddable":true,"href":"https:\/\/www.europesays.com\/fi\/wp-json\/wp\/v2\/users\/2"}],"replies":[{"embeddable":true,"href":"https:\/\/www.europesays.com\/fi\/wp-json\/wp\/v2\/comments?post=104961"}],"version-history":[{"count":0,"href":"https:\/\/www.europesays.com\/fi\/wp-json\/wp\/v2\/posts\/104961\/revisions"}],"wp:featuredmedia":[{"embeddable":true,"href":"https:\/\/www.europesays.com\/fi\/wp-json\/wp\/v2\/media\/104962"}],"wp:attachment":[{"href":"https:\/\/www.europesays.com\/fi\/wp-json\/wp\/v2\/media?parent=104961"}],"wp:term":[{"taxonomy":"category","embeddable":true,"href":"https:\/\/www.europesays.com\/fi\/wp-json\/wp\/v2\/categories?post=104961"},{"taxonomy":"post_tag","embeddable":true,"href":"https:\/\/www.europesays.com\/fi\/wp-json\/wp\/v2\/tags?post=104961"}],"curies":[{"name":"wp","href":"https:\/\/api.w.org\/{rel}","templated":true}]}}